{"id":831,"date":"2010-05-29T14:06:15","date_gmt":"2010-05-29T12:06:15","guid":{"rendered":"https:\/\/blog-alexis.monville.com\/?p=831"},"modified":"2010-05-29T14:06:15","modified_gmt":"2010-05-29T12:06:15","slug":"lile-du-toupet","status":"publish","type":"post","link":"https:\/\/blog-alexis.monville.com\/en\/2010\/05\/29\/lile-du-toupet\/","title":{"rendered":"L&#8217;ile du toupet"},"content":{"rendered":"<p><a href=\"http:\/\/www.publibook.com\"><img data-recalc-dims=\"1\" loading=\"lazy\" decoding=\"async\" class=\"alignleft\" src=\"https:\/\/i0.wp.com\/www.publibook.com\/librairies\/publibook\/images\/5021R.jpg?resize=300%2C482\" alt=\"\" width=\"300\" height=\"482\" \/><\/a>Mon ami Ivan Sigg vient de publier <a href=\"www.publibook.com\" target=\"_blank\">son troisi\u00e8me roman<\/a> !<\/p>\n<p>Le flyer de promotion raconte ceci : <em>&#8220;De 1950 \u00e0 nos jours, du Finist\u00e8re \u00e0 Manhattan et de Physiopolis \u00e0 Bali: un cargo qui s\u2019\u00e9choue et bouleverse une \u00eele en la coupant en deux, quatre hommes et une femme qui vont repeupler ce d\u00e9sastre avant de succomber au Radon, un couple de lapins dou\u00e9s de parole qui ne pensent qu\u2019\u00e0 s\u2019encoigner, un champ magn\u00e9tique \u00e0 la puissance ph\u00e9nom\u00e9rique, un secret plan\u00e9taire sur le point d\u2019\u00eatre d\u00e9voil\u00e9 \u00e0 l\u2019ONU\u2026 Et si le sort de l\u2019humanit\u00e9 reposait entre les incisives d\u2019une tripot\u00e9e de rabbits (du latin cuniculus = lapin)?<\/em><\/p>\n<p><em> <\/em><\/p>\n<p><em>Roman \u00e0 tiroirs, r\u00e9flexion d\u00e9complex\u00e9e sur la cr\u00e9ation litt\u00e9raire, o\u00f9 l\u2019auteur se met parfois en sc\u00e8ne aux c\u00f4t\u00e9s de ses personnages, L\u2019\u00eele du toupet s\u2019impose comme un d\u00e9lire litt\u00e9raire aux divers niveaux de lecture. Humour, absurde, audace, trois ingr\u00e9dients d\u2019une potion foutraque qui pulv\u00e9rise les portes de l\u2019imaginaire. Avec ce conte moderne, Ivan Sigg signe une \u0153uvre \u00e0 la fois surprenante et \u00abjubipoilante\u00ab qui ne ressemble \u00e0 rien de connu. Mariant myst\u00e8re, po\u00e9sie, grivoiserie, \u00e9tude de m\u0153urs et physique des plasmas, les aventures insulaires de cet OVNI litt\u00e9raire vont vous d\u00e9coiffer de fa\u00e7on durable (de lapin).&#8221;<\/em><\/p>\n<p>A d\u00e9couvrir chez Publibook : <a href=\"http:\/\/www.publibook.com\/boutique2006\/detail-5021-PB.html\" target=\"_blank\">http:\/\/www.publibook.com\/boutique2006\/detail-5021-PB.html<\/a><\/p>\n","protected":false},"excerpt":{"rendered":"<p>Mon ami Ivan Sigg vient de publier son troisi\u00e8me roman ! Le flyer de promotion raconte ceci : &#8220;De 1950 \u00e0 nos jours, du Finist\u00e8re \u00e0 Manhattan et de Physiopolis \u00e0 Bali: un cargo qui s\u2019\u00e9choue et bouleverse une \u00eele en la coupant en deux, quatre hommes et une femme qui vont repeupler ce d\u00e9sastre [&hellip;]<\/p>\n","protected":false},"author":1,"featured_media":0,"comment_status":"open","ping_status":"open","sticky":false,"template":"","format":"standard","meta":{"advanced_seo_description":"","jetpack_seo_html_title":"","jetpack_seo_noindex":false,"jetpack_post_was_ever_published":false,"_jetpack_newsletter_access":"","_jetpack_dont_email_post_to_subs":false,"_jetpack_newsletter_tier_id":0,"_jetpack_memberships_contains_paywalled_content":false,"_jetpack_memberships_contains_paid_content":false,"footnotes":""},"categories":[1],"tags":[],"class_list":["post-831","post","type-post","status-publish","format-standard","hentry","category-all"],"jetpack_featured_media_url":"","jetpack_shortlink":"https:\/\/wp.me\/paNjQG-dp","jetpack-related-posts":[{"id":860,"url":"https:\/\/blog-alexis.monville.com\/en\/2010\/06\/28\/education-profitable\/","url_meta":{"origin":831,"position":0},"title":"Education profitable ?","author":"Alexis","date":"June 28, 2010","format":false,"excerpt":"Dans un article du 30 avril 2010,\u00a0Skills for life, paru dans le suppl\u00e9ment litt\u00e9raire du Times, Martha Nussbaum de l'universit\u00e9 de Chivago alerte sur une d\u00e9rive tendant \u00e0 supprimer l'enseignement des humanit\u00e9s au profit d'enseignement profitable \u00e0 court terme. Cet article (heureusement) traduit par Courrier International, dans son \u00e9dition 1025\u2026","rel":"","context":"In &quot;General&quot;","block_context":{"text":"General","link":"https:\/\/blog-alexis.monville.com\/en\/category\/all\/"},"img":{"alt_text":"","src":"http:\/\/upload.wikimedia.org\/wikipedia\/commons\/8\/8f\/Martha_Nussbaum_authorized-wikipedia.jpg","width":350,"height":200},"classes":[]},{"id":899,"url":"https:\/\/blog-alexis.monville.com\/en\/2010\/09\/18\/ereputationcamp2\/","url_meta":{"origin":831,"position":1},"title":"eReputationCamp2","author":"Alexis","date":"September 18, 2010","format":false,"excerpt":"Ce samedi 19 septembre 2010 se tenait la deuxi\u00e8me \u00e9dition du barcamp d\u00e9di\u00e9 \u00e0 la r\u00e9putation num\u00e9rique (ereputation). Une belle \u00e9dition dans un lieu - La Cartonnerie - tr\u00e8s agr\u00e9able. Les rapporteurs sont en train de publier leurs compte-rendus des diff\u00e9rentes sessions. Il y avait aussi des \u00e9tudiants qui tournaient\u2026","rel":"","context":"In &quot;Explorateurs&quot;","block_context":{"text":"Explorateurs","link":"https:\/\/blog-alexis.monville.com\/en\/category\/explorateurs\/"},"img":{"alt_text":"","src":"https:\/\/i0.wp.com\/www.e-reputation.tv\/wp-content\/themes\/wplazytimetheme\/images\/logo.jpg?resize=350%2C200","width":350,"height":200},"classes":[]},{"id":99,"url":"https:\/\/blog-alexis.monville.com\/en\/2008\/06\/07\/les-leviers-de-la-croissance-francaise\/","url_meta":{"origin":831,"position":2},"title":"Les leviers de la croissance fran\u00e7aise","author":"Alexis","date":"June 7, 2008","format":false,"excerpt":"Cette session des Rencontres \u00e9conomiques du 5 juin 2008 abordait un th\u00e8me d'actualit\u00e9 depuis 1975 comme le rappelait l'animateur, Didier Ad\u00e8s, de retour pour cette session... Mauvais diagnostic ? fatalit\u00e9 fran\u00e7aise ? Jean-Louis LEVET, directeur g\u00e9n\u00e9ral de l'Institut de Recherches Economiques et Sociales (IRES), proposait de faire un diagnostique actuel\u2026","rel":"","context":"In &quot;General&quot;","block_context":{"text":"General","link":"https:\/\/blog-alexis.monville.com\/en\/category\/all\/"},"img":{"alt_text":"","src":"","width":0,"height":0},"classes":[]},{"id":574,"url":"https:\/\/blog-alexis.monville.com\/en\/2009\/05\/28\/openday-zimbra\/","url_meta":{"origin":831,"position":3},"title":"OpenDay Zimbra","author":"Alexis","date":"May 28, 2009","format":false,"excerpt":"La session OpenDay du 26 mai 2009 \u00e9tait consacr\u00e9e \u00e0 la solution de messagerie collaborative Zimbra. Une excellente session organis\u00e9e par la soci\u00e9t\u00e9 eNovance en collaboration avec Zimbra bien sur. eNovence a pr\u00e9sent\u00e9 une \u00e9tude comparative des solutions de messagerie, contact, agenda... qui justifiait leur choix Zimbra. Cela m'a bien\u2026","rel":"","context":"In &quot;General&quot;","block_context":{"text":"General","link":"https:\/\/blog-alexis.monville.com\/en\/category\/all\/"},"img":{"alt_text":"Get Zimbra email and collaboration server, hosted business email","src":"https:\/\/i0.wp.com\/www.zimbra.com\/_media\/badges\/zimbra_badge_large_1.png?resize=350%2C200","width":350,"height":200},"classes":[]},{"id":233,"url":"https:\/\/blog-alexis.monville.com\/en\/2008\/10\/19\/les-explorateurs-au-forum\/","url_meta":{"origin":831,"position":4},"title":"Les Explorateurs au Forum&#8230;","author":"Alexis","date":"October 19, 2008","format":false,"excerpt":"Les 17 et 18 octobre, les Explorateurs du web avaient rendez-vous au Forum des Associations de la ville de Paris. De nombreuses rencontres passionnantes, des questions, des id\u00e9es sur les usages du web (qui pour beaucoup est la premi\u00e8re version qu'ils voient et pour qui, donc, l'expression web 2.0 n'a\u2026","rel":"","context":"In &quot;Explorateurs&quot;","block_context":{"text":"Explorateurs","link":"https:\/\/blog-alexis.monville.com\/en\/category\/explorateurs\/"},"img":{"alt_text":"","src":"https:\/\/i0.wp.com\/lh6.ggpht.com\/monville.alexis\/SPsY6YwlyDI\/AAAAAAAACDA\/D-9xHDRk2eA\/s144\/explorateurs-forum-association.jpg?resize=350%2C200","width":350,"height":200},"classes":[]},{"id":618,"url":"https:\/\/blog-alexis.monville.com\/en\/2009\/07\/05\/pour-retrouver-le-gout-du-developpement\/","url_meta":{"origin":831,"position":5},"title":"Pour retrouver le go\u00fbt du d\u00e9veloppement","author":"Alexis","date":"July 5, 2009","format":false,"excerpt":"Pour retrouver le go\u00fbt du d\u00e9veloppement, c'est le sous-titre du dossier consacr\u00e9 au d\u00e9veloppement agile par le mensuel PROgrammez ! pour son num\u00e9ro de juin 2009. Implication de l'\u00e9quipe, am\u00e9lioration de la qualit\u00e9 des produits, am\u00e9lioration de la satisfaction des utilisateurs, limitation des d\u00e9veloppements aux fonctionnalit\u00e9s utiles, choix des m\u00e9thodes\u2026","rel":"","context":"In &quot;General&quot;","block_context":{"text":"General","link":"https:\/\/blog-alexis.monville.com\/en\/category\/all\/"},"img":{"alt_text":"","src":"https:\/\/i0.wp.com\/www.programmez.com\/img\/magazines\/120\/00001.jpg?resize=350%2C200","width":350,"height":200},"classes":[]}],"jetpack_sharing_enabled":true,"_links":{"self":[{"href":"https:\/\/blog-alexis.monville.com\/en\/wp-json\/wp\/v2\/posts\/831","targetHints":{"allow":["GET"]}}],"collection":[{"href":"https:\/\/blog-alexis.monville.com\/en\/wp-json\/wp\/v2\/posts"}],"about":[{"href":"https:\/\/blog-alexis.monville.com\/en\/wp-json\/wp\/v2\/types\/post"}],"author":[{"embeddable":true,"href":"https:\/\/blog-alexis.monville.com\/en\/wp-json\/wp\/v2\/users\/1"}],"replies":[{"embeddable":true,"href":"https:\/\/blog-alexis.monville.com\/en\/wp-json\/wp\/v2\/comments?post=831"}],"version-history":[{"count":0,"href":"https:\/\/blog-alexis.monville.com\/en\/wp-json\/wp\/v2\/posts\/831\/revisions"}],"wp:attachment":[{"href":"https:\/\/blog-alexis.monville.com\/en\/wp-json\/wp\/v2\/media?parent=831"}],"wp:term":[{"taxonomy":"category","embeddable":true,"href":"https:\/\/blog-alexis.monville.com\/en\/wp-json\/wp\/v2\/categories?post=831"},{"taxonomy":"post_tag","embeddable":true,"href":"https:\/\/blog-alexis.monville.com\/en\/wp-json\/wp\/v2\/tags?post=831"}],"curies":[{"name":"wp","href":"https:\/\/api.w.org\/{rel}","templated":true}]}}