{"id":82,"date":"2008-03-25T08:31:46","date_gmt":"2008-03-25T07:31:46","guid":{"rendered":"http:\/\/alexismonville.wordpress.com\/?p=82"},"modified":"2008-03-25T08:31:46","modified_gmt":"2008-03-25T07:31:46","slug":"presentation-du-referentiel-escm","status":"publish","type":"post","link":"https:\/\/blog-alexis.monville.com\/en\/2008\/03\/25\/presentation-du-referentiel-escm\/","title":{"rendered":"Pr\u00e9sentation du r\u00e9f\u00e9rentiel eSCM"},"content":{"rendered":"<p><span style=\"font-size:10pt;font-family:Arial\"><\/span><span style=\"font-size:10pt;font-family:Arial\">Cette nouvelle session du Club 01 DSI \u00e9tait l\u2019occasion pour Marie-No\u00eblle Gibon, DSI de La Poste  Courrier, de pr\u00e9senter le r\u00e9f\u00e9rentiel <a href=\"http:\/\/itsqc.cmu.edu\/\" target=\"_blank\">eSCM<\/a>, et l\u2019utilisation de ce r\u00e9f\u00e9rentiel par La Poste.<\/span><\/p>\n<p class=\"MsoNormal\" style=\"margin-left:0.4pt\"><span style=\"font-size:10pt;font-family:Arial\">La promesse de cette session \u00e9tait importante puisqu\u2019elle \u00e9tait titr\u00e9e\u00a0: \u00ab\u00a0Ma\u00eetriser les risques et accro\u00eetre la valeur des services sourc\u00e9s gr\u00e2ce au r\u00e9f\u00e9rentiel eSCM\u00a0\u00bb.<\/span><\/p>\n<p class=\"MsoNormal\" style=\"margin-left:0.4pt\"><span style=\"font-size:10pt;font-family:Arial\">Qu\u00e9sako <i>Sourc\u00e9s<\/i>\u00a0? C\u2019est une \u00ab\u00a0habile\u00a0\u00bb traduction de <i>sourcing<\/i>\u2026 Dans mon dictionnaire, on parle d\u2019approvisionnement, on parle aussi parfois d\u2019externalisation ou de gestion des ressources\u2026<\/span><\/p>\n<p class=\"MsoNormal\" style=\"margin-left:0.4pt\"><span style=\"font-size:10pt;font-family:Arial\">Le r\u00e9f\u00e9rentiel pr\u00e9sente donc des bonnes pratiques de relation avec les fournisseurs et permet de se situer sur une \u00e9chelle de maturit\u00e9 \u00e0 5niveaux (\u00e0 l\u2019image d\u2019un autre r\u00e9f\u00e9rentiel CMMI).<\/span><\/p>\n<p class=\"MsoNormal\" style=\"margin-left:0.4pt\"><span style=\"font-size:10pt;font-family:Arial\">La liste des apports de l\u2019utilisation de ce r\u00e9f\u00e9rentiel est grande, en partant du plus global, je citerais la ma\u00eetrise de l\u2019externalisation par la mise en \u0153uvre d\u2019une politique d\u2019externalisation, je citerais \u00e9galement, gestion des comp\u00e9tences, relation entre les acheteurs et les informaticiens, relation avec les fournisseurs\u2026 Quelques sujets qui font les grandes r\u00e9ussites\u2026 et leurs contraires\u2026<\/span><\/p>\n<p><span style=\"font-size:10pt;font-family:Arial\">La Poste, se lance donc dans l\u2019utilisation de ce r\u00e9f\u00e9rentiel et les \u00e9quipes sont convaincues au point de contribuer\u00a0\u00e0 la cr\u00e9ation de l\u2019association fran\u00e7aise <a href=\"http:\/\/www.ae-scm.com\/\" target=\"_blank\">AESCM <\/a>qui organise, entre autre, une pr\u00e9sentation destin\u00e9e aux acheteurs au CIGREF en avril, une premi\u00e8re session de formation en mai, et qui pr\u00e9sentera la premi\u00e8re traduction fran\u00e7aise du r\u00e9f\u00e9rentiel au mois de juin.<\/span><\/p>\n","protected":false},"excerpt":{"rendered":"<p>Cette nouvelle session du Club 01 DSI \u00e9tait l\u2019occasion pour Marie-No\u00eblle Gibon, DSI de La Poste Courrier, de pr\u00e9senter le r\u00e9f\u00e9rentiel eSCM, et l\u2019utilisation de ce r\u00e9f\u00e9rentiel par La Poste. La promesse de cette session \u00e9tait importante puisqu\u2019elle \u00e9tait titr\u00e9e\u00a0: \u00ab\u00a0Ma\u00eetriser les risques et accro\u00eetre la valeur des services sourc\u00e9s gr\u00e2ce au r\u00e9f\u00e9rentiel eSCM\u00a0\u00bb. Qu\u00e9sako [&hellip;]<\/p>\n","protected":false},"author":1,"featured_media":0,"comment_status":"open","ping_status":"open","sticky":false,"template":"","format":"standard","meta":{"advanced_seo_description":"","jetpack_seo_html_title":"","jetpack_seo_noindex":false,"jetpack_post_was_ever_published":false,"_jetpack_newsletter_access":"","_jetpack_dont_email_post_to_subs":false,"_jetpack_newsletter_tier_id":0,"_jetpack_memberships_contains_paywalled_content":false,"_jetpack_memberships_contains_paid_content":false,"footnotes":""},"categories":[7],"tags":[],"class_list":["post-82","post","type-post","status-publish","format-standard","hentry","category-international"],"jetpack_featured_media_url":"","jetpack_shortlink":"https:\/\/wp.me\/paNjQG-1k","jetpack-related-posts":[{"id":211,"url":"https:\/\/blog-alexis.monville.com\/en\/2008\/10\/14\/le-nouveau-paradigme-des-dsi\/","url_meta":{"origin":82,"position":0},"title":"Le nouveau paradigme des DSI","author":"Alexis","date":"October 14, 2008","format":false,"excerpt":"\"Le nouveau paradigme des DSI\" \u00e9tait le titre de l'intervention de Peter Hinssen (Pr\u00e9sident de Porthus.com et auparavant Entrepreneur en r\u00e9sidence chez McKinsey) lors de la r\u00e9union de rentr\u00e9e du Club 01DSI. Peter Hinssen propose dans sa pr\u00e9sentation d'aller plus loin que l'alignement du SI sur le m\u00e9tier. Il commence\u2026","rel":"","context":"In &quot;General&quot;","block_context":{"text":"General","link":"https:\/\/blog-alexis.monville.com\/en\/category\/all\/"},"img":{"alt_text":"","src":"https:\/\/i0.wp.com\/www.moma.org\/images\/collection\/FullSizes\/11663002.jpg?resize=350%2C200","width":350,"height":200},"classes":[]},{"id":46,"url":"https:\/\/blog-alexis.monville.com\/en\/2006\/12\/14\/club-01-dsi-le-dsi-de-lannee\/","url_meta":{"origin":82,"position":1},"title":"Club 01 DSI &#8211; Le DSI de l\u2019ann\u00e9e","author":"Alexis","date":"December 14, 2006","format":false,"excerpt":"Le 14 d\u00e9cembre 2006 avait lieu la soir\u00e9e de remise des r\u00e9compenses aux \"DSI de l'ann\u00e9e\". Les sponsors de la soir\u00e9e sont principalement des \u00e9diteurs de logiciels, ce qui explique peut-\u00eatre que le recours a des solutions sous licences libres n'appara\u00eet pas comme un sujet pour les DSI en 2007...\u2026","rel":"","context":"In &quot;General&quot;","block_context":{"text":"General","link":"https:\/\/blog-alexis.monville.com\/en\/category\/all\/"},"img":{"alt_text":"","src":"","width":0,"height":0},"classes":[]},{"id":51,"url":"https:\/\/blog-alexis.monville.com\/en\/2007\/02\/16\/club-01-dsi-business-intelligence\/","url_meta":{"origin":82,"position":2},"title":"Club 01 DSI &#8211; Business Intelligence","author":"Alexis","date":"February 16, 2007","format":false,"excerpt":"J'ai particip\u00e9 \u00e0 cette rencontre du club, afin d'en savoir plus sur ce sujet \"aide \u00e0 la d\u00e9cision\" (c'est la d\u00e9nomination retenue pour une des Initiatives ADELE de notre Sch\u00e9ma Directeur). Petite d\u00e9ception : cette matin\u00e9e n'\u00e9tait pas au niveau des pr\u00e9c\u00e9dents rendez-vous. Philippe Nieuwbourg avait en charge la premi\u00e8re\u2026","rel":"","context":"In &quot;General&quot;","block_context":{"text":"General","link":"https:\/\/blog-alexis.monville.com\/en\/category\/all\/"},"img":{"alt_text":"","src":"","width":0,"height":0},"classes":[]},{"id":27,"url":"https:\/\/blog-alexis.monville.com\/en\/2006\/09\/27\/orange-%e2%80%93-journee-sur-les-applications-dorigine-locale\/","url_meta":{"origin":82,"position":3},"title":"Orange \u2013 Journ\u00e9e sur les Applications d\u2019origine locale","author":"Alexis","date":"September 27, 2006","format":false,"excerpt":"Invit\u00e9 \u00e0 pr\u00e9senter l'action de la Direction G\u00e9n\u00e9rale de la Modernisation de l'Etat en terme d'Administration Electronique. En m'appuyant sur les principes ADELE : simplifier la vie de l'usager dans sa relation \u00e0 l'administration ; am\u00e9liorer l'efficience du service public ; valoriser l'agent dans sa mission. J'ai pr\u00e9sent\u00e9 le sch\u00e9ma\u2026","rel":"","context":"In &quot;Interventions&quot;","block_context":{"text":"Interventions","link":"https:\/\/blog-alexis.monville.com\/en\/category\/interventions\/"},"img":{"alt_text":"","src":"","width":0,"height":0},"classes":[]},{"id":1298,"url":"https:\/\/blog-alexis.monville.com\/en\/2011\/12\/03\/global-day-of-coderetreat-2011\/","url_meta":{"origin":82,"position":4},"title":"Global Day of Coderetreat 2011","author":"Alexis","date":"December 3, 2011","format":false,"excerpt":"J'ai particip\u00e9 aujourd'hui au Global Day of Coderetreat ! Il \u00e9tait organis\u00e9 \u00e0 Bordeaux par Okiwi et Arpinum. Les r\u00e8gles de cette \u00ab retraite \u00bb sont simples : coder en bin\u00f4me sessions de 45 minutes sur un seul et unique probl\u00e8me pour la journ\u00e9e, apr\u00e8s chaque session, l\u2019ensemble du code\u2026","rel":"","context":"In &quot;ayeba&quot;","block_context":{"text":"ayeba","link":"https:\/\/blog-alexis.monville.com\/en\/category\/ayeba\/"},"img":{"alt_text":"","src":"https:\/\/i0.wp.com\/blog-alexis.monville.com\/wp-content\/uploads\/sites\/2\/2011\/12\/Global-Day-of-Coderetreat-2011.png?resize=350%2C200&ssl=1","width":350,"height":200},"classes":[]},{"id":1907,"url":"https:\/\/blog-alexis.monville.com\/en\/2014\/06\/25\/open-innovation\/","url_meta":{"origin":82,"position":5},"title":"Open Innovation","author":"Alexis","date":"June 25, 2014","format":false,"excerpt":"Ce 12 juin 2014, une annonce d'Elon Musk, le CEO de Tesla Motors, est venue secouer l'\u00e9cosyst\u00e8me automobile. L'annonce titr\u00e9e :\u00a0All Our Patent Are Belong To You, d\u00e9clarait\u00a0que toute la technologie d\u00e9velopp\u00e9e et brevet\u00e9e par Tesla, \u00a0\u00e9tait \u00e0 pr\u00e9sent disponible pour qui voudrait l'utiliser, de bonne foie, dans l'esprit des\u2026","rel":"","context":"In &quot;International&quot;","block_context":{"text":"International","link":"https:\/\/blog-alexis.monville.com\/en\/category\/international\/"},"img":{"alt_text":"","src":"https:\/\/i0.wp.com\/blog-alexis.monville.com\/en\/wp-content\/uploads\/sites\/2\/2014\/06\/tesla-roadster-model-s.jpg?fit=1200%2C801&ssl=1&resize=350%2C200","width":350,"height":200,"srcset":"https:\/\/i0.wp.com\/blog-alexis.monville.com\/en\/wp-content\/uploads\/sites\/2\/2014\/06\/tesla-roadster-model-s.jpg?fit=1200%2C801&ssl=1&resize=350%2C200 1x, https:\/\/i0.wp.com\/blog-alexis.monville.com\/en\/wp-content\/uploads\/sites\/2\/2014\/06\/tesla-roadster-model-s.jpg?fit=1200%2C801&ssl=1&resize=525%2C300 1.5x, https:\/\/i0.wp.com\/blog-alexis.monville.com\/en\/wp-content\/uploads\/sites\/2\/2014\/06\/tesla-roadster-model-s.jpg?fit=1200%2C801&ssl=1&resize=700%2C400 2x, https:\/\/i0.wp.com\/blog-alexis.monville.com\/en\/wp-content\/uploads\/sites\/2\/2014\/06\/tesla-roadster-model-s.jpg?fit=1200%2C801&ssl=1&resize=1050%2C600 3x"},"classes":[]}],"jetpack_sharing_enabled":true,"_links":{"self":[{"href":"https:\/\/blog-alexis.monville.com\/en\/wp-json\/wp\/v2\/posts\/82","targetHints":{"allow":["GET"]}}],"collection":[{"href":"https:\/\/blog-alexis.monville.com\/en\/wp-json\/wp\/v2\/posts"}],"about":[{"href":"https:\/\/blog-alexis.monville.com\/en\/wp-json\/wp\/v2\/types\/post"}],"author":[{"embeddable":true,"href":"https:\/\/blog-alexis.monville.com\/en\/wp-json\/wp\/v2\/users\/1"}],"replies":[{"embeddable":true,"href":"https:\/\/blog-alexis.monville.com\/en\/wp-json\/wp\/v2\/comments?post=82"}],"version-history":[{"count":0,"href":"https:\/\/blog-alexis.monville.com\/en\/wp-json\/wp\/v2\/posts\/82\/revisions"}],"wp:attachment":[{"href":"https:\/\/blog-alexis.monville.com\/en\/wp-json\/wp\/v2\/media?parent=82"}],"wp:term":[{"taxonomy":"category","embeddable":true,"href":"https:\/\/blog-alexis.monville.com\/en\/wp-json\/wp\/v2\/categories?post=82"},{"taxonomy":"post_tag","embeddable":true,"href":"https:\/\/blog-alexis.monville.com\/en\/wp-json\/wp\/v2\/tags?post=82"}],"curies":[{"name":"wp","href":"https:\/\/api.w.org\/{rel}","templated":true}]}}