{"id":80,"date":"2008-03-10T18:15:17","date_gmt":"2008-03-10T17:15:17","guid":{"rendered":"http:\/\/alexismonville.wordpress.com\/?p=80"},"modified":"2008-03-10T18:15:17","modified_gmt":"2008-03-10T17:15:17","slug":"it-outsourcing-2008","status":"publish","type":"post","link":"https:\/\/blog-alexis.monville.com\/en\/2008\/03\/10\/it-outsourcing-2008\/","title":{"rendered":"IT Outsourcing 2008"},"content":{"rendered":"<p class=\"MsoNormal\">Invit\u00e9 \u00e0 cet <a href=\"http:\/\/www.idc.com\/france\/events\/outsourcing08\/pres.jsp\" title=\"Pr\u00e9sentations sur le site IDC\" target=\"_blank\">\u00e9v\u00e8nement<\/a> annuel, j\u2019esp\u00e9rais trouver de la mati\u00e8re pour alimenter la politique d\u2019externalisation de nos organisations. Je n\u2019ai pas \u00e9t\u00e9 d\u00e9\u00e7u et une fois de plus, comme souvent dans ce genre d\u2019\u00e9v\u00e9nement, en marge du programme officiel. Si les chiffres du march\u00e9 d\u2019Outsourcing pr\u00e9sent\u00e9 par IDC sont en eux-m\u00eames \u00e9clairants (la France n\u2019externalise en proportion que peu (30%) mais si l\u2019on consid\u00e8re les phases amonts (innovation, d\u00e9ploiement) elle est la premi\u00e8re en volume devant le champion de l\u2019externalisation qu\u2019est le Royaume-Uni\u2026).<\/p>\n<p>  <span style=\"font-size:12pt;font-family:'Times New Roman'\">Je me propose donc de partager, sous forme de diaporama, une discussion que j\u2019ai eue avec Jean Joly, directeur g\u00e9n\u00e9ral de l\u2019outsourcing de hp.<\/span><\/p>\n<p><code><iframe src='https:\/\/www.slideshare.net\/slideshow\/embed_code\/300488' width='425' height='348' sandbox=\"allow-popups allow-scripts allow-same-origin allow-presentation\" allowfullscreen webkitallowfullscreen mozallowfullscreen><\/iframe><\/code><\/p>\n","protected":false},"excerpt":{"rendered":"<p>Invit\u00e9 \u00e0 cet \u00e9v\u00e8nement annuel, j\u2019esp\u00e9rais trouver de la mati\u00e8re pour alimenter la politique d\u2019externalisation de nos organisations. Je n\u2019ai pas \u00e9t\u00e9 d\u00e9\u00e7u et une fois de plus, comme souvent dans ce genre d\u2019\u00e9v\u00e9nement, en marge du programme officiel. Si les chiffres du march\u00e9 d\u2019Outsourcing pr\u00e9sent\u00e9 par IDC sont en eux-m\u00eames \u00e9clairants (la France n\u2019externalise [&hellip;]<\/p>\n","protected":false},"author":1,"featured_media":0,"comment_status":"open","ping_status":"open","sticky":false,"template":"","format":"standard","meta":{"advanced_seo_description":"","jetpack_seo_html_title":"","jetpack_seo_noindex":false,"jetpack_post_was_ever_published":false,"_jetpack_newsletter_access":"","_jetpack_dont_email_post_to_subs":false,"_jetpack_newsletter_tier_id":0,"_jetpack_memberships_contains_paywalled_content":false,"_jetpack_memberships_contains_paid_content":false,"footnotes":""},"categories":[1],"tags":[],"class_list":["post-80","post","type-post","status-publish","format-standard","hentry","category-all"],"jetpack_featured_media_url":"","jetpack_shortlink":"https:\/\/wp.me\/paNjQG-1i","jetpack-related-posts":[{"id":96,"url":"https:\/\/blog-alexis.monville.com\/en\/2008\/05\/28\/civilisation-du-numerique\/","url_meta":{"origin":80,"position":0},"title":"Civilisation du num\u00e9rique","author":"Alexis","date":"May 28, 2008","format":false,"excerpt":"Civilisation du num\u00e9rique : Controle et responsabilisation C'est le titre de la conf\u00e9rence que Jo\u00ebl de Rosnay a donn\u00e9e le 28 mai \u00e0 la Cit\u00e9 des Sciences, j'avais suivis les pr\u00e9c\u00e9dentes conf\u00e9rences du cycle : \"En 2030, vivrons-nous en r\u00e9seau ?\" en diff\u00e9r\u00e9 et par Internet... Cette fois, j'avais fait\u2026","rel":"","context":"In &quot;General&quot;","block_context":{"text":"General","link":"https:\/\/blog-alexis.monville.com\/en\/category\/all\/"},"img":{"alt_text":"","src":"","width":0,"height":0},"classes":[]},{"id":124,"url":"https:\/\/blog-alexis.monville.com\/en\/2008\/08\/26\/echec-ou-changement-concerte\/","url_meta":{"origin":80,"position":1},"title":"Echec ou changement concert\u00e9 ?","author":"Alexis","date":"August 26, 2008","format":false,"excerpt":"Je viens de d\u00e9couvrir le livre vert de l\u2019APRAT[1] publi\u00e9 au d\u00e9but de l\u2019ann\u00e9e 2008 et intitul\u00e9 : \u00ab R\u00e9forme de la sph\u00e8re publique : \u00e9chec ou changement concert\u00e9 ? \u00bb. Le titre laisse entrevoir un ton direct et c\u2019est bien le cas pour ce livre vert de 21 pages.\u2026","rel":"","context":"In &quot;General&quot;","block_context":{"text":"General","link":"https:\/\/blog-alexis.monville.com\/en\/category\/all\/"},"img":{"alt_text":"","src":"","width":0,"height":0},"classes":[]},{"id":228,"url":"https:\/\/blog-alexis.monville.com\/en\/2008\/10\/17\/camarade-de-classe\/","url_meta":{"origin":80,"position":2},"title":"Camarade de classe","author":"Alexis","date":"October 17, 2008","format":false,"excerpt":"Camarades de classe est un roman de Didier Daeninckx paru d\u00e9but 2008. Ce n'est donc pas l'actualit\u00e9 qui motive cet article, mais bien le th\u00e8me abord\u00e9 : les r\u00e9seaux sociaux, l'usage de ces r\u00e9seaux, les questions sous-jacentes que soul\u00e8ve cet usage sur notre identit\u00e9 et les traces num\u00e9riques de nos\u2026","rel":"","context":"In &quot;Explorateurs&quot;","block_context":{"text":"Explorateurs","link":"https:\/\/blog-alexis.monville.com\/en\/category\/explorateurs\/"},"img":{"alt_text":"","src":"https:\/\/alexismonville.files.wordpress.com\/2008\/10\/41vp8m0gibl_sl160_.jpg?w=350&h=200&crop=1","width":350,"height":200},"classes":[]},{"id":92,"url":"https:\/\/blog-alexis.monville.com\/en\/2008\/05\/07\/les-tic-en-mai-la-suite\/","url_meta":{"origin":80,"position":3},"title":"Les TIC en mai (la suite)","author":"Alexis","date":"May 7, 2008","format":false,"excerpt":"Avant les vacances de printemps, j\u2019avais \u00e9crit un petit billet pour pr\u00e9senter deux \u00e9v\u00e8nements \u00ab TIC \u00bb du mois de mai\u2026 Je n\u2019osais pas regretter ici le fait que celui du 29 mai tic-croissance.com r\u00e9unissait un public limit\u00e9 \u00e0 300 personnes payant environs 300 euros et que la repr\u00e9sentation \u00e9tait\u2026","rel":"","context":"In &quot;General&quot;","block_context":{"text":"General","link":"https:\/\/blog-alexis.monville.com\/en\/category\/all\/"},"img":{"alt_text":"","src":"","width":0,"height":0},"classes":[]},{"id":82,"url":"https:\/\/blog-alexis.monville.com\/en\/2008\/03\/25\/presentation-du-referentiel-escm\/","url_meta":{"origin":80,"position":4},"title":"Pr\u00e9sentation du r\u00e9f\u00e9rentiel eSCM","author":"Alexis","date":"March 25, 2008","format":false,"excerpt":"Cette nouvelle session du Club 01 DSI \u00e9tait l\u2019occasion pour Marie-No\u00eblle Gibon, DSI de La Poste Courrier, de pr\u00e9senter le r\u00e9f\u00e9rentiel eSCM, et l\u2019utilisation de ce r\u00e9f\u00e9rentiel par La Poste. La promesse de cette session \u00e9tait importante puisqu\u2019elle \u00e9tait titr\u00e9e\u00a0: \u00ab\u00a0Ma\u00eetriser les risques et accro\u00eetre la valeur des services sourc\u00e9s\u2026","rel":"","context":"In &quot;International&quot;","block_context":{"text":"International","link":"https:\/\/blog-alexis.monville.com\/en\/category\/international\/"},"img":{"alt_text":"","src":"","width":0,"height":0},"classes":[]},{"id":97,"url":"https:\/\/blog-alexis.monville.com\/en\/2008\/06\/02\/assises-du-numerique\/","url_meta":{"origin":80,"position":5},"title":"Assises du num\u00e9rique","author":"Alexis","date":"June 2, 2008","format":false,"excerpt":"Les assises du num\u00e9rique ont \u00e9t\u00e9 ouvertes ce jeudi 29 mai 2008. Beaucoup de choses ont \u00e9t\u00e9 dites sur ce sujet, j'avais simplement envie de revenir sur quelques moments : Le discours d'ouverture d'Eric Besson : plan pour le d\u00e9veloppement du num\u00e9rique pour la fin juillet, 27 axes de travail,\u2026","rel":"","context":"In &quot;General&quot;","block_context":{"text":"General","link":"https:\/\/blog-alexis.monville.com\/en\/category\/all\/"},"img":{"alt_text":"","src":"","width":0,"height":0},"classes":[]}],"jetpack_sharing_enabled":true,"_links":{"self":[{"href":"https:\/\/blog-alexis.monville.com\/en\/wp-json\/wp\/v2\/posts\/80","targetHints":{"allow":["GET"]}}],"collection":[{"href":"https:\/\/blog-alexis.monville.com\/en\/wp-json\/wp\/v2\/posts"}],"about":[{"href":"https:\/\/blog-alexis.monville.com\/en\/wp-json\/wp\/v2\/types\/post"}],"author":[{"embeddable":true,"href":"https:\/\/blog-alexis.monville.com\/en\/wp-json\/wp\/v2\/users\/1"}],"replies":[{"embeddable":true,"href":"https:\/\/blog-alexis.monville.com\/en\/wp-json\/wp\/v2\/comments?post=80"}],"version-history":[{"count":0,"href":"https:\/\/blog-alexis.monville.com\/en\/wp-json\/wp\/v2\/posts\/80\/revisions"}],"wp:attachment":[{"href":"https:\/\/blog-alexis.monville.com\/en\/wp-json\/wp\/v2\/media?parent=80"}],"wp:term":[{"taxonomy":"category","embeddable":true,"href":"https:\/\/blog-alexis.monville.com\/en\/wp-json\/wp\/v2\/categories?post=80"},{"taxonomy":"post_tag","embeddable":true,"href":"https:\/\/blog-alexis.monville.com\/en\/wp-json\/wp\/v2\/tags?post=80"}],"curies":[{"name":"wp","href":"https:\/\/api.w.org\/{rel}","templated":true}]}}