{"id":798,"date":"2010-03-12T14:35:55","date_gmt":"2010-03-12T12:35:55","guid":{"rendered":"https:\/\/blog-alexis.monville.com\/?p=798"},"modified":"2010-03-12T14:35:55","modified_gmt":"2010-03-12T12:35:55","slug":"kuu","status":"publish","type":"post","link":"https:\/\/blog-alexis.monville.com\/en\/2010\/03\/12\/kuu\/","title":{"rendered":"KUU"},"content":{"rendered":"<p><a href=\"http:\/\/ivansigg.over-blog.com\/article-kuu-une-aventure-editoriale-46494372.html\"><img data-recalc-dims=\"1\" loading=\"lazy\" decoding=\"async\" class=\"alignleft\" src=\"https:\/\/i0.wp.com\/a31.idata.over-blog.com\/600x849\/1\/98\/81\/62\/Album-4\/09032010_kuu_ericmeyer.jpg?resize=191%2C270\" alt=\"\" width=\"191\" height=\"270\" \/><\/a>Ivan Sigg et Eric Meyer lance KUU une aventure \u00e9ditoriale dont le num\u00e9ro 0 est \u00e0 commander sur le site de la revue dont il est pr\u00e9vu 2 num\u00e9ros par an : <a href=\"http:\/\/www.ku-u.org\/\" target=\"_blank\">http:\/\/www.ku-u.org\/<\/a><\/p>\n","protected":false},"excerpt":{"rendered":"<p>Ivan Sigg et Eric Meyer lance KUU une aventure \u00e9ditoriale dont le num\u00e9ro 0 est \u00e0 commander sur le site de la revue dont il est pr\u00e9vu 2 num\u00e9ros par an : http:\/\/www.ku-u.org\/<\/p>\n","protected":false},"author":1,"featured_media":0,"comment_status":"open","ping_status":"open","sticky":false,"template":"","format":"standard","meta":{"advanced_seo_description":"","jetpack_seo_html_title":"","jetpack_seo_noindex":false,"jetpack_post_was_ever_published":false,"_jetpack_newsletter_access":"","_jetpack_dont_email_post_to_subs":false,"_jetpack_newsletter_tier_id":0,"_jetpack_memberships_contains_paywalled_content":false,"_jetpack_memberships_contains_paid_content":false,"footnotes":""},"categories":[1],"tags":[],"class_list":["post-798","post","type-post","status-publish","format-standard","hentry","category-all"],"jetpack_featured_media_url":"","jetpack_shortlink":"https:\/\/wp.me\/saNjQG-kuu","jetpack-related-posts":[{"id":618,"url":"https:\/\/blog-alexis.monville.com\/en\/2009\/07\/05\/pour-retrouver-le-gout-du-developpement\/","url_meta":{"origin":798,"position":0},"title":"Pour retrouver le go\u00fbt du d\u00e9veloppement","author":"Alexis","date":"July 5, 2009","format":false,"excerpt":"Pour retrouver le go\u00fbt du d\u00e9veloppement, c'est le sous-titre du dossier consacr\u00e9 au d\u00e9veloppement agile par le mensuel PROgrammez ! pour son num\u00e9ro de juin 2009. Implication de l'\u00e9quipe, am\u00e9lioration de la qualit\u00e9 des produits, am\u00e9lioration de la satisfaction des utilisateurs, limitation des d\u00e9veloppements aux fonctionnalit\u00e9s utiles, choix des m\u00e9thodes\u2026","rel":"","context":"In &quot;General&quot;","block_context":{"text":"General","link":"https:\/\/blog-alexis.monville.com\/en\/category\/all\/"},"img":{"alt_text":"","src":"https:\/\/i0.wp.com\/www.programmez.com\/img\/magazines\/120\/00001.jpg?resize=350%2C200","width":350,"height":200},"classes":[]},{"id":695,"url":"https:\/\/blog-alexis.monville.com\/en\/2009\/12\/05\/green-business\/","url_meta":{"origin":798,"position":1},"title":"Green Business","author":"Alexis","date":"December 5, 2009","format":false,"excerpt":"Entre deux rendez-vous, je suis tomb\u00e9 sur le nouveau magazine Green Business mis en avant sur un kiosque. La maquette est tr\u00e8s r\u00e9ussie, le contenu focalis\u00e9 sur \"la gestion durable en entreprise\" est int\u00e9ressant, avec en couverture un Carlos Ghosn \u00e9lectrique et \u00e0 l'int\u00e9rieur un dossier sur Un site Internet\u2026","rel":"","context":"In &quot;General&quot;","block_context":{"text":"General","link":"https:\/\/blog-alexis.monville.com\/en\/category\/all\/"},"img":{"alt_text":"","src":"https:\/\/i0.wp.com\/www.greenbiz.fr\/images\/CARLOS-GOSHN.gif?resize=350%2C200","width":350,"height":200},"classes":[]},{"id":88,"url":"https:\/\/blog-alexis.monville.com\/en\/2008\/04\/03\/au-dela-du-pib-le-bonheur\/","url_meta":{"origin":798,"position":2},"title":"Au-del\u00e0 du PIB le bonheur ?","author":"Alexis","date":"April 3, 2008","format":false,"excerpt":"Je reprends ici le titre de l\u2019analyse de Marine Boisson, D\u00e9partement Questions sociales et C\u00e9line Mareuge, D\u00e9partement des Affaires \u00e9conomiques et financi\u00e8res, du Centre d\u2019analyse strat\u00e9gique parue dans la note de veille num\u00e9ro 91, dat\u00e9e de f\u00e9vrier 2008. En cette semaine du d\u00e9veloppement durable, plusieurs voix s\u2019\u00e9l\u00e8vent pour interroger les\u2026","rel":"","context":"In &quot;General&quot;","block_context":{"text":"General","link":"https:\/\/blog-alexis.monville.com\/en\/category\/all\/"},"img":{"alt_text":"","src":"","width":0,"height":0},"classes":[]},{"id":416,"url":"https:\/\/blog-alexis.monville.com\/en\/2009\/02\/16\/bonjour-la-gentillesse\/","url_meta":{"origin":798,"position":3},"title":"Bonjour la gentillesse !","author":"Alexis","date":"February 16, 2009","format":false,"excerpt":"La gentillesse \u00e9tait en couverture de Courrier International, num\u00e9ro 953 du 5 f\u00e9vrier 2009. Trois articles s\u00e9lectionn\u00e9s sur ce th\u00e8me : Pourquoi s'interdire ce plaisir ? Un psychanalyste (Adam Phillips) et une historienne (Barbara Taylor) invite \u00e0 r\u00e9habiliter cette pr\u00e9cieuse disposition d'esprit qu'est la gentillesse (il s'agit d'un extrait de\u2026","rel":"","context":"In &quot;Europe&quot;","block_context":{"text":"Europe","link":"https:\/\/blog-alexis.monville.com\/en\/category\/international\/europe\/"},"img":{"alt_text":"","src":"https:\/\/i0.wp.com\/www.courrierinternational.com\/illustrations\/couverture\/2009\/02\/i94188couv953.gif?resize=350%2C200","width":350,"height":200},"classes":[]},{"id":1079,"url":"https:\/\/blog-alexis.monville.com\/en\/2011\/03\/29\/tedxalger\/","url_meta":{"origin":798,"position":4},"title":"TEDxAlger","author":"Alexis","date":"March 29, 2011","format":false,"excerpt":"Le 9 avril se tiendra \u00e0 Alger le premier \u00e9v\u00e9nement TEDx d'Algerie, le TEDxAlger. Fadhila Brahimi (Personal Branding) est le premier intervenant annonc\u00e9 pour cette \u00e9dition. L'organisation a propos\u00e9 un concours dont le but est de d\u00e9couvrir les intervenants et permettant de gagner sa participation \u00e0 l'\u00e9v\u00e9nement. Ce premier TEDx\u2026","rel":"","context":"In &quot;International&quot;","block_context":{"text":"International","link":"https:\/\/blog-alexis.monville.com\/en\/category\/international\/"},"img":{"alt_text":"","src":"https:\/\/i0.wp.com\/www.tedxalger.com\/templates\/gk_yourshop\/images\/style2\/logo.png?resize=350%2C200","width":350,"height":200},"classes":[]},{"id":1380,"url":"https:\/\/blog-alexis.monville.com\/en\/2012\/02\/04\/le-but\/","url_meta":{"origin":798,"position":5},"title":"Le But","author":"Alexis","date":"February 4, 2012","format":false,"excerpt":"Le But - Un processus de progr\u00e8s permanent, est un livre de Eliyahu Goldratt dont la premi\u00e8re version est parue en 1984. C'est donc, apr\u00e8s Great by Choice de Jim Collins, le deuxi\u00e8me livre que je propose dans la s\u00e9rie d'auto-formation de cette ann\u00e9e.\u00a0En 1984, on ne parlait pas encore\u2026","rel":"","context":"In &quot;ayeba&quot;","block_context":{"text":"ayeba","link":"https:\/\/blog-alexis.monville.com\/en\/category\/ayeba\/"},"img":{"alt_text":"","src":"https:\/\/i0.wp.com\/blog-alexis.monville.com\/wp-content\/uploads\/sites\/2\/2012\/02\/le-but-goldratt.jpg?resize=350%2C200&ssl=1","width":350,"height":200},"classes":[]}],"jetpack_sharing_enabled":true,"_links":{"self":[{"href":"https:\/\/blog-alexis.monville.com\/en\/wp-json\/wp\/v2\/posts\/798","targetHints":{"allow":["GET"]}}],"collection":[{"href":"https:\/\/blog-alexis.monville.com\/en\/wp-json\/wp\/v2\/posts"}],"about":[{"href":"https:\/\/blog-alexis.monville.com\/en\/wp-json\/wp\/v2\/types\/post"}],"author":[{"embeddable":true,"href":"https:\/\/blog-alexis.monville.com\/en\/wp-json\/wp\/v2\/users\/1"}],"replies":[{"embeddable":true,"href":"https:\/\/blog-alexis.monville.com\/en\/wp-json\/wp\/v2\/comments?post=798"}],"version-history":[{"count":0,"href":"https:\/\/blog-alexis.monville.com\/en\/wp-json\/wp\/v2\/posts\/798\/revisions"}],"wp:attachment":[{"href":"https:\/\/blog-alexis.monville.com\/en\/wp-json\/wp\/v2\/media?parent=798"}],"wp:term":[{"taxonomy":"category","embeddable":true,"href":"https:\/\/blog-alexis.monville.com\/en\/wp-json\/wp\/v2\/categories?post=798"},{"taxonomy":"post_tag","embeddable":true,"href":"https:\/\/blog-alexis.monville.com\/en\/wp-json\/wp\/v2\/tags?post=798"}],"curies":[{"name":"wp","href":"https:\/\/api.w.org\/{rel}","templated":true}]}}