{"id":796,"date":"2010-03-11T15:39:58","date_gmt":"2010-03-11T14:39:58","guid":{"rendered":"https:\/\/blog-alexis.monville.com\/?p=796"},"modified":"2014-01-08T22:17:38","modified_gmt":"2014-01-08T21:17:38","slug":"logiciel-libre","status":"publish","type":"post","link":"https:\/\/blog-alexis.monville.com\/en\/2010\/03\/11\/logiciel-libre\/","title":{"rendered":"Logiciel libre"},"content":{"rendered":"<p>En quelques mots aujourd&#8217;hui pour :<\/p>\n<ol>\n<li>vous inviter \u00e0 noter dans vos agendas que le <a href=\"http:\/\/www.solutionslinux.fr\/\" target=\"_blank\">Salon Solutions Linux<\/a> se tiendra \u00e0 la porte de Versailles du 16 au 18 mars, je vous souhaite nombreux pour <a href=\"https:\/\/blog-alexis.monville.com\/2010\/02\/02\/ladministration-et-le-libre\/\" target=\"_blank\">la conf\u00e9rence Administration et Libre<\/a> le 17 mars \u00e0 9h00,<\/li>\n<li>vous encourager \u00e0 r\u00e9agir \u00e0 l&#8217;article de <a href=\"http:\/\/ayeba.fr\/2010\/03\/11\/pourquoi-le-logiciel-libre\/\" target=\"_blank\">Nicolas Brunot qui argumente ici en faveur du logiciel libre<\/a> pour son premier article chez <a href=\"http:\/\/ayeba.fr\">ayeba<\/a><\/li>\n<li>vous sugg\u00e9rer de soumettre des propositions (ou d&#8217;encourager les personnes qui &#8220;devraient&#8221; le faire) pour contribuer \u00e0 <a href=\"http:\/\/wiki.openworldforum.org\" target=\"_blank\">l&#8217;Open World Forum <\/a>les 30 septembre et 1er octobre 2010 \u00e0 Paris. Attention l&#8217;appel \u00e0 proposition est ouvert jusqu&#8217;au 30 mars !<\/li>\n<\/ol>\n","protected":false},"excerpt":{"rendered":"<p>En quelques mots aujourd&#8217;hui pour : vous inviter \u00e0 noter dans vos agendas que le Salon Solutions Linux se tiendra \u00e0 la porte de Versailles du 16 au 18 mars, je vous souhaite nombreux pour la conf\u00e9rence Administration et Libre le 17 mars \u00e0 9h00, vous encourager \u00e0 r\u00e9agir \u00e0 l&#8217;article de Nicolas Brunot qui [&hellip;]<\/p>\n","protected":false},"author":1,"featured_media":0,"comment_status":"open","ping_status":"open","sticky":false,"template":"","format":"standard","meta":{"advanced_seo_description":"","jetpack_seo_html_title":"","jetpack_seo_noindex":false,"jetpack_post_was_ever_published":false,"_jetpack_newsletter_access":"","_jetpack_dont_email_post_to_subs":false,"_jetpack_newsletter_tier_id":0,"_jetpack_memberships_contains_paywalled_content":false,"_jetpack_memberships_contains_paid_content":false,"footnotes":""},"categories":[8],"tags":[276,321],"class_list":["post-796","post","type-post","status-publish","format-standard","hentry","category-interventions","tag-logiciel-libre","tag-open-source"],"jetpack_featured_media_url":"","jetpack_shortlink":"https:\/\/wp.me\/paNjQG-cQ","jetpack-related-posts":[{"id":666,"url":"https:\/\/blog-alexis.monville.com\/en\/2009\/10\/17\/appel-a-communication-pour-solutions-linux-2010\/","url_meta":{"origin":796,"position":0},"title":"Appel \u00e0 communication pour Solutions Linux 2010","author":"Alexis","date":"October 17, 2009","format":false,"excerpt":"Une conf\u00e9rence gratuite \"L'administration et le libre\" est propos\u00e9e lors de la prochaine \u00e9dition du salon Solutions Linux qui se d\u00e9roulera du 16 au 18 mars 2010. L'appel \u00e0 communication est publi\u00e9 et vous avez jusqu'au 6 novembre pour proposer vos interventions Pour en savoir plus vous pouvez consulter les\u2026","rel":"","context":"In &quot;International&quot;","block_context":{"text":"International","link":"https:\/\/blog-alexis.monville.com\/en\/category\/international\/"},"img":{"alt_text":"image001","src":"https:\/\/i0.wp.com\/blog-alexis.monville.com\/wp-content\/uploads\/sites\/2\/2009\/10\/image001.jpg?resize=350%2C200&ssl=1","width":350,"height":200},"classes":[]},{"id":1801,"url":"https:\/\/blog-alexis.monville.com\/en\/2014\/03\/07\/soutenez-le-developpement-du-logiciel-libre\/","url_meta":{"origin":796,"position":1},"title":"Soutenez le d\u00e9veloppement du logiciel libre","author":"Alexis","date":"March 7, 2014","format":false,"excerpt":"En lisant ce billet, vous pouvez \u00eatre dans plusieurs situations : Vous connaissez le logiciel libre, vous en utilisez, et vous ne voyez pas pourquoi il est n\u00e9cessaire de le soutenir, Vous connaissez le logiciel libre, mais ne voyez pas pourquoi il est n\u00e9cessaire d'agir pour le promouvoir et parfois\u2026","rel":"","context":"In &quot;General&quot;","block_context":{"text":"General","link":"https:\/\/blog-alexis.monville.com\/en\/category\/all\/"},"img":{"alt_text":"Priorit\u00e9 au Logiciel Libre! Je soutiens l'April.","src":"https:\/\/i0.wp.com\/april.org\/campagne\/images\/priorite-logiciel-libre-je-soutiens-april_p.png?resize=350%2C200","width":350,"height":200},"classes":[]},{"id":1519,"url":"https:\/\/blog-alexis.monville.com\/en\/2013\/03\/25\/materiel-libre\/","url_meta":{"origin":796,"position":2},"title":"Mat\u00e9riel libre","author":"Alexis","date":"March 25, 2013","format":false,"excerpt":"Cela fait plusieurs mois que j'ai en chantier un article dans lequel je voulais aborder plusieurs aspects du mat\u00e9riel libre. Si aujourd'hui, je me sens un peu press\u00e9 par le temps, c'est que je voulais terminer l'article par une invitation \u00e0 vous faire participer \u00e0 un \u00e9v\u00e9nement pr\u00e8s de chez\u2026","rel":"","context":"In &quot;General&quot;","block_context":{"text":"General","link":"https:\/\/blog-alexis.monville.com\/en\/category\/all\/"},"img":{"alt_text":"","src":"https:\/\/i0.wp.com\/blog-alexis.monville.com\/en\/wp-content\/uploads\/sites\/2\/2013\/03\/arduino_due_in_hand.jpg?fit=410%2C410&ssl=1&resize=350%2C200","width":350,"height":200},"classes":[]},{"id":270,"url":"https:\/\/blog-alexis.monville.com\/en\/2008\/12\/02\/promotion-du-logiciel-libre\/","url_meta":{"origin":796,"position":3},"title":"Promotion du logiciel libre","author":"Alexis","date":"December 2, 2008","format":false,"excerpt":"L'APRIL (Association pour la promotion du logiciel libre) m\u00e8ne actuellement une campagne d'adh\u00e9sion avec l'objectif d'atteindre 5000 adh\u00e9rents d'ici \u00e0 la fin de l'ann\u00e9e. Comme vous pouvez le constater avec cette barre de progression, l'objectif est atteignable ! Interop\u00e9rabilit\u00e9, libert\u00e9s informatiques, ma\u00eetrise des syst\u00e8mes d'information, garantie de leurs ind\u00e9pendances vis\u2026","rel":"","context":"In &quot;Explorateurs&quot;","block_context":{"text":"Explorateurs","link":"https:\/\/blog-alexis.monville.com\/en\/category\/explorateurs\/"},"img":{"alt_text":"","src":"http:\/\/www.april.org\/barre-progression\/progbar.php","width":350,"height":200},"classes":[]},{"id":14,"url":"https:\/\/blog-alexis.monville.com\/en\/2006\/05\/15\/les-rendez-vous-du-cete-logiciel-libre-enjeux-et-perspectives\/","url_meta":{"origin":796,"position":4},"title":"Les Rendez-Vous du CETE \u201cLogiciel libre : enjeux et perspectives\u201d","author":"Alexis","date":"May 15, 2006","format":false,"excerpt":"Invit\u00e9 \u00e0 repr\u00e9senter la Direction G\u00e9n\u00e9rale de la Modernisation de l'Etat lors des Conf\u00e9rences organis\u00e9es par le CETENord-Picardie : \"pour comprendre le pr\u00e9sent et construire l\u2019avenir\" A compl\u00e8ter avec le lien vers les pr\u00e9sentations de l'Adullact et du minist\u00e8re de l'\u00e9quipement et la mienne... Programme : 14h00 - Propos introductif\u2026","rel":"","context":"In &quot;Interventions&quot;","block_context":{"text":"Interventions","link":"https:\/\/blog-alexis.monville.com\/en\/category\/interventions\/"},"img":{"alt_text":"","src":"","width":0,"height":0},"classes":[]},{"id":742,"url":"https:\/\/blog-alexis.monville.com\/en\/2010\/02\/02\/ladministration-et-le-libre\/","url_meta":{"origin":796,"position":5},"title":"L&#8217;administration et le libre","author":"Alexis","date":"February 2, 2010","format":false,"excerpt":"La conf\u00e9rence sur l'administration et le libre se tiendra le mercredi 17 mars de 9h00-12h30 (Salle Rubis) dans le cadre du salon solutions linux. La France est parmi les pays europ\u00e9ens celui qui utilise et d\u00e9veloppe le plus les logiciels libres pour les besoins de service public. En continuit\u00e9 des\u2026","rel":"","context":"In &quot;Interventions&quot;","block_context":{"text":"Interventions","link":"https:\/\/blog-alexis.monville.com\/en\/category\/interventions\/"},"img":{"alt_text":"","src":"https:\/\/i0.wp.com\/www.solutionslinux.fr\/linux\/images\/logo.gif?resize=350%2C200","width":350,"height":200},"classes":[]}],"jetpack_sharing_enabled":true,"_links":{"self":[{"href":"https:\/\/blog-alexis.monville.com\/en\/wp-json\/wp\/v2\/posts\/796","targetHints":{"allow":["GET"]}}],"collection":[{"href":"https:\/\/blog-alexis.monville.com\/en\/wp-json\/wp\/v2\/posts"}],"about":[{"href":"https:\/\/blog-alexis.monville.com\/en\/wp-json\/wp\/v2\/types\/post"}],"author":[{"embeddable":true,"href":"https:\/\/blog-alexis.monville.com\/en\/wp-json\/wp\/v2\/users\/1"}],"replies":[{"embeddable":true,"href":"https:\/\/blog-alexis.monville.com\/en\/wp-json\/wp\/v2\/comments?post=796"}],"version-history":[{"count":1,"href":"https:\/\/blog-alexis.monville.com\/en\/wp-json\/wp\/v2\/posts\/796\/revisions"}],"predecessor-version":[{"id":1716,"href":"https:\/\/blog-alexis.monville.com\/en\/wp-json\/wp\/v2\/posts\/796\/revisions\/1716"}],"wp:attachment":[{"href":"https:\/\/blog-alexis.monville.com\/en\/wp-json\/wp\/v2\/media?parent=796"}],"wp:term":[{"taxonomy":"category","embeddable":true,"href":"https:\/\/blog-alexis.monville.com\/en\/wp-json\/wp\/v2\/categories?post=796"},{"taxonomy":"post_tag","embeddable":true,"href":"https:\/\/blog-alexis.monville.com\/en\/wp-json\/wp\/v2\/tags?post=796"}],"curies":[{"name":"wp","href":"https:\/\/api.w.org\/{rel}","templated":true}]}}