{"id":783,"date":"2010-03-05T12:01:55","date_gmt":"2010-03-05T11:01:55","guid":{"rendered":"https:\/\/blog-alexis.monville.com\/?p=783"},"modified":"2014-01-08T22:17:47","modified_gmt":"2014-01-08T21:17:47","slug":"la-croissance-par-le-partage","status":"publish","type":"post","link":"https:\/\/blog-alexis.monville.com\/en\/2010\/03\/05\/la-croissance-par-le-partage\/","title":{"rendered":"La croissance par le partage"},"content":{"rendered":"<p><strong>Charles-H. Schulz d&#8217;<a href=\"http:\/\/arsaperta.com\/\">Ars Aperta<\/a><\/strong>, a anim\u00e9 \u00a0\u00e0 <a href=\"http:\/\/lacantine.org\/events\/la-croissance-par-le-partage-modeles-de-developpement-et-de-collaboration-au-sein-des-projets-open-source\" target=\"_blank\">La Cantine<\/a> une table-ronde sur les mod\u00e8les de d\u00e9veloppement et de collaboration au sein des projets du logiciel libre :<\/p>\n<p><strong> &#8211; Tristan Nitot, <\/strong><strong><a href=\"http:\/\/www.mozilla-europe.org\/fr\/\">Mozilla Europe<\/a><br \/>\n&#8211; Nicolas Barcet, <\/strong><strong><a href=\"http:\/\/www.ubuntu-fr.org\/\">Ubuntu<\/a> (<\/strong><strong><a href=\"http:\/\/www.canonical.com\/\">Canonical<\/a>)<br \/>\n&#8211; Louis Montagne, <\/strong><strong><a href=\"http:\/\/bearstech.com\/\">Bearstech<\/a><br \/>\n&#8211; John Lejeune, <\/strong><strong><a href=\"http:\/\/hackable-devices.com\/\">Hackable Devices<\/a><br \/>\n&#8211; Luis Belmar, <\/strong><strong><a href=\"http:\/\/www.itaapy.com\/\">Itaapy<\/a><br \/>\n<\/strong><\/p>\n<p>Tristan Nitot fait remarquer en introduction que la notion de croissance, au sens de croissance \u00e9conomique, n&#8217;int\u00e9resse pas l&#8217;association f\u00e9d\u00e8re la communaut\u00e9 Mozilla, les revenus qu&#8217;elle retire de ses activit\u00e9s \u00e9tant destin\u00e9s \u00e0 assurer la p\u00e9rennit\u00e9 des projets qu&#8217;elle porte.<\/p>\n<p>Cette matin\u00e9e d&#8217;\u00e9changes et de d\u00e9couvertes des m\u00e9thodes et processus \u00e0 l&#8217;int\u00e9rieur des communaut\u00e9s Open Source et de la conduite de projets en mode agile se propose de r\u00e9pondre aux questions :<\/p>\n<p>&#8211; comment g\u00e8re-t&#8217;on une communaut\u00e9 open source?<br \/>\n&#8211; projets informatiques classiques et projets open source: diff\u00e9rences, ressemblances&#8230;<br \/>\n&#8211; existe-t&#8217;il des crit\u00e8res d&#8217;\u00e9valuation pour les projets open source?<br \/>\n&#8211; quelles sont les implications juridiques et op\u00e9rationnelles?<\/p>\n<p><strong>Comment g\u00e8re-t&#8217;on une communaut\u00e9 ?<\/strong><\/p>\n<p>Une gestion complexe tr\u00e8s d\u00e9pendante de la nature et de l&#8217;intention des acteurs. L&#8217;exemple de <a href=\"http:\/\/www.collibri.org\/\" target=\"_blank\">Collibri<\/a>, communaut\u00e9 mise en place au sein du p\u00f4le de comp\u00e9titivit\u00e9 <a href=\"http:\/\/www.capdigital.com\/\" target=\"_blank\">Cap Digital<\/a>, va regrouper des entreprises, des laboratoires de recherches, aux intentions divergentes. Cette approche est tr\u00e8s diff\u00e9rentes de communaut\u00e9 du logiciel libre qui font parfois appel \u00e0 un &#8220;dictateur bienveillant&#8221;, notion qui met \u00e0 mal l&#8217;approche &#8220;communataire&#8221;.<\/p>\n<p>L&#8217;exemple de Mozilla, une communaut\u00e9 travaillant pour elle-m\u00eame, c&#8217;est \u00e0 dire pour accomplir la mission du <a href=\"http:\/\/www.mozilla.org\/about\/manifesto.fr.html\" target=\"_blank\">Mozilla Manifesto<\/a>, utilisant des m\u00e9thodes d&#8217;entreprises pour atteindre cette objectif au service du bien commun : l&#8217;ouverture d&#8217;Internet.<\/p>\n<p>Le &#8220;Comment ?&#8221; am\u00e8ne la question aux outils et aux usages, outils pour pouvoir travailler \u00e0 plusieurs wiki, tracker&#8230; demandant \u00e0 connaitre des usages de politesse&#8230; Etapes techniques \u00e0 la cr\u00e9ation d&#8217;une communaut\u00e9 n\u00e9cessaire mais pas suffisantes pour avoir une communaut\u00e9. L&#8217;existence d&#8217;une communaut\u00e9 demandant \u00e0 formaliser un code de conduite de cette communaut\u00e9 respectant les motivations diverses des acteurs : besoin, \u00e9conomique, gloire, utilit\u00e9, r\u00e9seau&#8230; Cela n\u00e9cessite un animateur de la communaut\u00e9, ou plut\u00f4t des animateurs de communaut\u00e9s comme pour Ubuntu. Cela n\u00e9cessite \u00e9galement que l&#8217;instigateur initial, individu ou entreprise ne garde pas la main-mise sur le produit fabriqu\u00e9 par la communaut\u00e9.<\/p>\n<p>Le d\u00e9veloppement personnel de chaque individu d&#8217;une communaut\u00e9 est une pr\u00e9occupation importante de l&#8217;animateur de la communaut\u00e9. Chaque contributeur doit trouver au cours de son implication dans une communaut\u00e9 une r\u00e9tribution correspondant \u00e0 ses aspirations.<\/p>\n<p>John Lejeune am\u00e8ne la table-ronde sur le terrain du r\u00e9el, la conception, la production et la distribution de mat\u00e9riel, n\u00e9cessitant un apport financier plus important&#8230; Et la transposition des m\u00e9thodes du logiciel libre aux mat\u00e9riels permet de d\u00e9passer les limites physiques classiques.<\/p>\n<p><strong>Gestion des projets ?<\/strong><\/p>\n<p>La gestion des projets est-elle similaire ? Pas vraiment ! L&#8217;approche agile de pilotage des projets est une constante des diff\u00e9rentes communaut\u00e9s qui choisissent une approche it\u00e9rative, avec une publication de produit \u00e0 chaque it\u00e9ration qui permet de coller au besoin ou \u00e0 l&#8217;envie des utilisateurs.<\/p>\n<p><em>Interpell\u00e9 depuis la tribune pour expliquer ce qu&#8217;est l&#8217;agilit\u00e9 en trois mots&#8230; Beaucoup plus de trois mots pour le faire&#8230; Pfff&#8230; pr\u00e9venez-moi la prochaine fois !<\/em><\/p>\n<p>Ces utilisateurs \u00e9tant parfois repr\u00e9sent\u00e9s par un dictateur bienveillant comme il arrive dans les soci\u00e9t\u00e9s au d\u00e9veloppement classique. Mark ShuttleWorth s&#8217;est par exemple auto-proclam\u00e9 dictateur bienveillant de la communaut\u00e9 et \u00e0 en parall\u00e8le mis en place une organisation communautaire avec un contr\u00f4le par les pairs. Cette organisation n&#8217;est pas repr\u00e9sentative de toutes les communaut\u00e9s, Mozilla a par exemple une approche par m\u00e9ritocratie ou les acteurs doivent d\u00e9montrer qu&#8217;ils savent faire avant d&#8217;obtenir un badge avalisant une fonction diff\u00e9rente, les actions \u00e9tant toujours r\u00e9alis\u00e9es sous le contr\u00f4le des pairs. Debian dans son organisation est lui un projet d\u00e9mocratique.<\/p>\n<p><strong>Evaluation d&#8217;un projet ou d&#8217;une communaut\u00e9 ?<\/strong><\/p>\n<p>Ubuntu utilise des crit\u00e8res d&#8217;inclusion de produits dans la distribution avec les <a href=\"https:\/\/wiki.ubuntu.com\/UbuntuMainInclusionRequirements\" target=\"_blank\">main inclusion requirements<\/a> qui vont \u00eatre utilis\u00e9s pour \u00e9valuer ces produits. Ces crit\u00e8res sont bien sur \u00e9valuer par les \u00e9quipes en les appr\u00e9ciant en fonction du besoin. Un sujet d&#8217;avenir&#8230;<\/p>\n<p>Une remarque dans les questions sur l&#8217;utilisation de m\u00e9trique sur le code produit comme avec le projet <a href=\"http:\/\/www.ohloh.net\/tools\" target=\"_blank\">Ohloh<\/a>.<\/p>\n<p><strong>Community management, gestion de communaut\u00e9 ?<\/strong><\/p>\n<p>Que g\u00e8re-t-on ? certaines par les personnes et les membres de cette communaut\u00e9 ! Ce que l&#8217;on g\u00e8re c&#8217;est plut\u00f4t la coh\u00e9rence du groupe, la motivation des membres pour appartenir au groupe&#8230;<\/p>\n<p>Interaction des entreprises avec les communaut\u00e9s :<\/p>\n<ul>\n<li>travailler comme une communaut\u00e9<\/li>\n<li>travailler avec une communaut\u00e9<\/li>\n<li>l&#8217;entreprise veut fabriquer sa propre communaut\u00e9<\/li>\n<\/ul>\n<p>L&#8217;histoire de la cr\u00e9ation de Mozilla, issue de la soci\u00e9t\u00e9 Netscape, rachet\u00e9e par AOL (ce qui n&#8217;\u00e9tait pas favorable \u00e0 des contributions externes) qui va v\u00e9ritablement d\u00e9marrer \u00e0 avoir une histoire communautaire \u00e0 partir du moment ou AOL va jeter l&#8217;\u00e9ponge et que la Fondation Mozilla va \u00eatre cr\u00e9\u00e9e.<\/p>\n<p>L&#8217;approche d&#8217;Ubuntu est diff\u00e9rente avec une soci\u00e9t\u00e9 Canonical \u00e0 but lucratif qui finance une communaut\u00e9 Ubuntu \u00e0 but non lucratif.<\/p>\n<p>OpenOffice.org souffre de certaine volont\u00e9 de puissance au sein du projet (le rachat de Sun par Oracle va d&#8217;ailleurs probablement avoir des d\u00e9veloppements complexes pour ce projets).<\/p>\n<p><strong>Croissance ?<\/strong><\/p>\n<p>On en revient en conclusion sur la croissance. Quelle croissance ? Croissance des indicateurs de valeurs partag\u00e9s au sein d&#8217;une communaut\u00e9. Ces indicateurs ne sont bien sur par des indicateurs uniquement purement \u00e9conomique&#8230;<\/p>\n<p>La croissance par le partage d\u00e9passe ces indicateurs et il n&#8217;y a pas \u00e0 ce jour d&#8217;indicateurs commun\u00e9ment partag\u00e9s permettant de valoriser cette croissance.<\/p>\n<p>Comme pour la croissance du PIB dans notre vie actuelle, les indicateurs \u00e9conomiques sont inadapt\u00e9s \u00e0 mesurer notre richesse individuelle et la richesse de nos soci\u00e9t\u00e9s !<\/p>\n<p><strong>Les questions et remarques \u00e0 pr\u00e9sent :<\/strong><\/p>\n<p>Une remarque essentielle de Sophie Gautier (OpenOffice.org) sur l&#8217;enthousiasme et le plaisir \u00e9prouv\u00e9 par les contributeurs d&#8217;une communaut\u00e9, et c&#8217;est probablement une des capacit\u00e9s essentielles d&#8217;un animateur de communaut\u00e9 de susciter cet enthousiasme.<\/p>\n<p>Le Release early \/ Release often est important, il doit \u00eatre pris en consid\u00e9ration le risque d&#8217;\u00e9puisement de la communaut\u00e9 si le rythme est trop \u00e9lev\u00e9. En corolaire, il est important de consid\u00e9rer la modularit\u00e9 du produit afin que le produit \u00e0 sortir ne soit pas trop complexe et demander trop d&#8217;effort.<\/p>\n<p>Jean-Baptiste Kempf \u00e0 la t\u00eate du projet <a href=\"http:\/\/www.videolan.org\/videolan\/\" target=\"_blank\">VideoLan (VLC)<\/a> assure de la n\u00e9cessit\u00e9 de l&#8217;enthousiasme puisque c&#8217;est le moteur des membres de VLC projet r\u00e9alis\u00e9 enti\u00e8rement par des b\u00e9n\u00e9voles. Il interroge \u00e9galement le release early \/ release often en posant la question du rythme li\u00e9 \u00e0 la complexit\u00e9.<\/p>\n<p>Plus que de la gestion, c&#8217;est plus un r\u00f4le de cristallisation de la communaut\u00e9 qui va permettre \u00e0 l&#8217;enthousiasme de s&#8217;exprimer au sein de cette communaut\u00e9.<\/p>\n<p>Une autre question sur le sentiment d&#8217;appartenance \u00e0 une communaut\u00e9 si le produit est g\u00e9r\u00e9 et contr\u00f4l\u00e9 \u00e0 100% par une entit\u00e9 commerciale&#8230; Est-ce une communaut\u00e9 ou un fan club ? Tout d\u00e9pends de l&#8217;implication des membres&#8230; et de leur capacit\u00e9 \u00e0 influer sur les orientations du produit.<\/p>\n<p>Une question sur la possibilit\u00e9 de cr\u00e9er des communaut\u00e9s en internes dans les entreprises et m\u00eame de communaut\u00e9s qui vont pouvoir \u00eatre publier \u00e0 l&#8217;ext\u00e9rieur de l&#8217;entreprise. Les exemples sont nombreux dans l&#8217;administration, avec la Gendarmerie nationale et OCS Inventory et GLPI, la cr\u00e9ation de l&#8217;Adullact, la BBC&#8230;<\/p>\n<p>L&#8217;avantage de la communaut\u00e9 bas\u00e9e sur l&#8217;utilisation de licence libre permettant de ne pas perdre de temps \u00e0 n\u00e9gocier des contrats puisque la licence est d\u00e9j\u00e0 l\u00e0&#8230;<\/p>\n<p>Une belle matin\u00e9e vivement la prochaine !<\/p>\n","protected":false},"excerpt":{"rendered":"<p>Charles-H. Schulz d&#8217;Ars Aperta, a anim\u00e9 \u00a0\u00e0 La Cantine une table-ronde sur les mod\u00e8les de d\u00e9veloppement et de collaboration au sein des projets du logiciel libre : &#8211; Tristan Nitot, Mozilla Europe &#8211; Nicolas Barcet, Ubuntu (Canonical) &#8211; Louis Montagne, Bearstech &#8211; John Lejeune, Hackable Devices &#8211; Luis Belmar, Itaapy Tristan Nitot fait remarquer en [&hellip;]<\/p>\n","protected":false},"author":1,"featured_media":0,"comment_status":"open","ping_status":"open","sticky":false,"template":"","format":"standard","meta":{"advanced_seo_description":"","jetpack_seo_html_title":"","jetpack_seo_noindex":false,"jetpack_post_was_ever_published":false,"_jetpack_newsletter_access":"","_jetpack_dont_email_post_to_subs":false,"_jetpack_newsletter_tier_id":0,"_jetpack_memberships_contains_paywalled_content":false,"_jetpack_memberships_contains_paid_content":false,"footnotes":""},"categories":[7],"tags":[276],"class_list":["post-783","post","type-post","status-publish","format-standard","hentry","category-international","tag-logiciel-libre"],"jetpack_featured_media_url":"","jetpack_shortlink":"https:\/\/wp.me\/paNjQG-cD","jetpack-related-posts":[{"id":643,"url":"https:\/\/blog-alexis.monville.com\/en\/2009\/09\/02\/le-facteur-humain-coeur-de-lindustrie-du-logiciel-libre\/","url_meta":{"origin":783,"position":0},"title":"Le facteur humain&#8230; coeur de l&#8217;Industrie du logiciel libre","author":"Alexis","date":"September 2, 2009","format":false,"excerpt":"Paris, le 2 octobre 2009, dans le cadre du forum mondial du libre (Open World Forum) se tiendra la conf\u00e9rence : \"Le facteur humain... coeur de l'Industrie du logiciel libre.\" Comment la dimension humaine collaborative et le mode de croissance organique du Logiciel Libre peuvent transformer en profondeur le monde\u2026","rel":"","context":"In &quot;ayeba&quot;","block_context":{"text":"ayeba","link":"https:\/\/blog-alexis.monville.com\/en\/category\/ayeba\/"},"img":{"alt_text":"OWF 2009","src":"http:\/\/openworldforum.org\/owf\/portal\/contact\/OWF_200x216.jpg\/image_preview","width":350,"height":200},"classes":[]},{"id":871,"url":"https:\/\/blog-alexis.monville.com\/en\/2010\/07\/29\/logiciels-libres\/","url_meta":{"origin":783,"position":1},"title":"Logiciels libres","author":"Alexis","date":"July 29, 2010","format":false,"excerpt":"Le site africain d'information et de communication StarAfrica.com propose \u00e0 pr\u00e9sent une s\u00e9lection de logiciels libres \u00e0 t\u00e9l\u00e9charger. Cette s\u00e9lection a \u00e9t\u00e9 r\u00e9alis\u00e9e par l'APRIL Association pour la promotion et la d\u00e9fense des logiciels libres dans le cadre de son projet de Catalogue Libre. En r\u00e9utilisant ce travail StarAfrica.com contribue\u2026","rel":"","context":"In &quot;General&quot;","block_context":{"text":"General","link":"https:\/\/blog-alexis.monville.com\/en\/category\/all\/"},"img":{"alt_text":"","src":"https:\/\/i0.wp.com\/blog-alexis.monville.com\/wp-content\/uploads\/sites\/2\/2010\/07\/starafrica-logiciel-libre.jpg?resize=350%2C200&ssl=1","width":350,"height":200},"classes":[]},{"id":99,"url":"https:\/\/blog-alexis.monville.com\/en\/2008\/06\/07\/les-leviers-de-la-croissance-francaise\/","url_meta":{"origin":783,"position":2},"title":"Les leviers de la croissance fran\u00e7aise","author":"Alexis","date":"June 7, 2008","format":false,"excerpt":"Cette session des Rencontres \u00e9conomiques du 5 juin 2008 abordait un th\u00e8me d'actualit\u00e9 depuis 1975 comme le rappelait l'animateur, Didier Ad\u00e8s, de retour pour cette session... Mauvais diagnostic ? fatalit\u00e9 fran\u00e7aise ? Jean-Louis LEVET, directeur g\u00e9n\u00e9ral de l'Institut de Recherches Economiques et Sociales (IRES), proposait de faire un diagnostique actuel\u2026","rel":"","context":"In &quot;General&quot;","block_context":{"text":"General","link":"https:\/\/blog-alexis.monville.com\/en\/category\/all\/"},"img":{"alt_text":"","src":"","width":0,"height":0},"classes":[]},{"id":14,"url":"https:\/\/blog-alexis.monville.com\/en\/2006\/05\/15\/les-rendez-vous-du-cete-logiciel-libre-enjeux-et-perspectives\/","url_meta":{"origin":783,"position":3},"title":"Les Rendez-Vous du CETE \u201cLogiciel libre : enjeux et perspectives\u201d","author":"Alexis","date":"May 15, 2006","format":false,"excerpt":"Invit\u00e9 \u00e0 repr\u00e9senter la Direction G\u00e9n\u00e9rale de la Modernisation de l'Etat lors des Conf\u00e9rences organis\u00e9es par le CETENord-Picardie : \"pour comprendre le pr\u00e9sent et construire l\u2019avenir\" A compl\u00e8ter avec le lien vers les pr\u00e9sentations de l'Adullact et du minist\u00e8re de l'\u00e9quipement et la mienne... Programme : 14h00 - Propos introductif\u2026","rel":"","context":"In &quot;Interventions&quot;","block_context":{"text":"Interventions","link":"https:\/\/blog-alexis.monville.com\/en\/category\/interventions\/"},"img":{"alt_text":"","src":"","width":0,"height":0},"classes":[]},{"id":1491,"url":"https:\/\/blog-alexis.monville.com\/en\/2012\/12\/07\/libre-vs-privateur\/","url_meta":{"origin":783,"position":4},"title":"Libre vs Privateur","author":"Alexis","date":"December 7, 2012","format":false,"excerpt":"Un titre en guise de clin d'oeil \u00e0 mes amis les Gnus (http:\/\/www.gnu.org)\u00a0! Beaucoup auraient dit \"Libre VS Propri\u00e9taire\", mais cette formulation impropre n'aurait probablement pas \u00e9t\u00e9 plus explicite. De quoi parlons-nous dans cette conversation avec Nick Barcet\u00a0? Nous parlons de la comparaison entre logiciel libre et logiciel privateur en\u2026","rel":"","context":"In &quot;General&quot;","block_context":{"text":"General","link":"https:\/\/blog-alexis.monville.com\/en\/category\/all\/"},"img":{"alt_text":"","src":"https:\/\/i0.wp.com\/blog-alexis.monville.com\/en\/wp-content\/uploads\/sites\/2\/2012\/12\/bulle-dialogue.png?fit=400%2C400&ssl=1&resize=350%2C200","width":350,"height":200},"classes":[]},{"id":1801,"url":"https:\/\/blog-alexis.monville.com\/en\/2014\/03\/07\/soutenez-le-developpement-du-logiciel-libre\/","url_meta":{"origin":783,"position":5},"title":"Soutenez le d\u00e9veloppement du logiciel libre","author":"Alexis","date":"March 7, 2014","format":false,"excerpt":"En lisant ce billet, vous pouvez \u00eatre dans plusieurs situations : Vous connaissez le logiciel libre, vous en utilisez, et vous ne voyez pas pourquoi il est n\u00e9cessaire de le soutenir, Vous connaissez le logiciel libre, mais ne voyez pas pourquoi il est n\u00e9cessaire d'agir pour le promouvoir et parfois\u2026","rel":"","context":"In &quot;General&quot;","block_context":{"text":"General","link":"https:\/\/blog-alexis.monville.com\/en\/category\/all\/"},"img":{"alt_text":"Priorit\u00e9 au Logiciel Libre! Je soutiens l'April.","src":"https:\/\/i0.wp.com\/april.org\/campagne\/images\/priorite-logiciel-libre-je-soutiens-april_p.png?resize=350%2C200","width":350,"height":200},"classes":[]}],"jetpack_sharing_enabled":true,"_links":{"self":[{"href":"https:\/\/blog-alexis.monville.com\/en\/wp-json\/wp\/v2\/posts\/783","targetHints":{"allow":["GET"]}}],"collection":[{"href":"https:\/\/blog-alexis.monville.com\/en\/wp-json\/wp\/v2\/posts"}],"about":[{"href":"https:\/\/blog-alexis.monville.com\/en\/wp-json\/wp\/v2\/types\/post"}],"author":[{"embeddable":true,"href":"https:\/\/blog-alexis.monville.com\/en\/wp-json\/wp\/v2\/users\/1"}],"replies":[{"embeddable":true,"href":"https:\/\/blog-alexis.monville.com\/en\/wp-json\/wp\/v2\/comments?post=783"}],"version-history":[{"count":1,"href":"https:\/\/blog-alexis.monville.com\/en\/wp-json\/wp\/v2\/posts\/783\/revisions"}],"predecessor-version":[{"id":1717,"href":"https:\/\/blog-alexis.monville.com\/en\/wp-json\/wp\/v2\/posts\/783\/revisions\/1717"}],"wp:attachment":[{"href":"https:\/\/blog-alexis.monville.com\/en\/wp-json\/wp\/v2\/media?parent=783"}],"wp:term":[{"taxonomy":"category","embeddable":true,"href":"https:\/\/blog-alexis.monville.com\/en\/wp-json\/wp\/v2\/categories?post=783"},{"taxonomy":"post_tag","embeddable":true,"href":"https:\/\/blog-alexis.monville.com\/en\/wp-json\/wp\/v2\/tags?post=783"}],"curies":[{"name":"wp","href":"https:\/\/api.w.org\/{rel}","templated":true}]}}