{"id":78,"date":"2008-01-05T12:40:45","date_gmt":"2008-01-05T11:40:45","guid":{"rendered":"http:\/\/alexismonville.wordpress.com\/2008\/01\/05\/2008\/"},"modified":"2008-01-05T12:40:45","modified_gmt":"2008-01-05T11:40:45","slug":"2008","status":"publish","type":"post","link":"https:\/\/blog-alexis.monville.com\/en\/2008\/01\/05\/2008\/","title":{"rendered":"2008"},"content":{"rendered":"<p>Le 12 d\u00e9cembre 2007, date \u00e0 laquelle s&#8217;est tenu le premier <a href=\"http:\/\/www.rgpp.modernisation.gouv.fr\/discours_PR_CMPP_du_12_decembre_2007.pdf\" target=\"_blank\">conseil de la modernisation des politiques publiques<\/a>, est une premi\u00e8re \u00e9tape importante de la <a href=\"http:\/\/www.rgpp.modernisation.gouv.fr\/\" target=\"_blank\">r\u00e9vision g\u00e9n\u00e9rale des politiques publiques<\/a>.<\/p>\n<p class=\"MsoNormal\">Afin d\u2019accompagner les minist\u00e8res dans leur transformation en profondeur, le nouveau directeur g\u00e9n\u00e9ral de la modernisation de l\u2019\u00c9tat, Fran\u00e7ois-Daniel Migeon, vient de cr\u00e9er aupr\u00e8s de lui une \u00e9quipe d&#8217;appui \u00e0 la r\u00e9vision g\u00e9n\u00e9rale des politiques publiques. Il m&#8217;a demand\u00e9 de rejoindre cette \u00e9quipe pour prendre en charge les aspects de gouvernance des syst\u00e8mes d&#8217;information.<\/p>\n<p class=\"MsoNormal\"> 2008 d\u00e9bute donc sous le signe de la transformation !<\/p>\n<p class=\"MsoNormal\"> Aussi, je souhaite que cette nouvelle ann\u00e9e vous permette de r\u00e9aliser vos projets, petits ou grands, de vivre vos r\u00eaves.<\/p>\n<p class=\"MsoNormal\">Tr\u00e8s bonne ann\u00e9e 2008 \u00e0 tous !<\/p>\n","protected":false},"excerpt":{"rendered":"<p>Le 12 d\u00e9cembre 2007, date \u00e0 laquelle s&#8217;est tenu le premier conseil de la modernisation des politiques publiques, est une premi\u00e8re \u00e9tape importante de la r\u00e9vision g\u00e9n\u00e9rale des politiques publiques. Afin d\u2019accompagner les minist\u00e8res dans leur transformation en profondeur, le nouveau directeur g\u00e9n\u00e9ral de la modernisation de l\u2019\u00c9tat, Fran\u00e7ois-Daniel Migeon, vient de cr\u00e9er aupr\u00e8s de [&hellip;]<\/p>\n","protected":false},"author":1,"featured_media":0,"comment_status":"open","ping_status":"open","sticky":false,"template":"","format":"standard","meta":{"advanced_seo_description":"","jetpack_seo_html_title":"","jetpack_seo_noindex":false,"jetpack_post_was_ever_published":false,"_jetpack_newsletter_access":"","_jetpack_dont_email_post_to_subs":false,"_jetpack_newsletter_tier_id":0,"_jetpack_memberships_contains_paywalled_content":false,"_jetpack_memberships_contains_paid_content":false,"footnotes":""},"categories":[1],"tags":[],"class_list":["post-78","post","type-post","status-publish","format-standard","hentry","category-all"],"jetpack_featured_media_url":"","jetpack_shortlink":"https:\/\/wp.me\/saNjQG-2008","jetpack-related-posts":[{"id":72,"url":"https:\/\/blog-alexis.monville.com\/en\/2007\/09\/06\/l%e2%80%99administration-electronique-levier-de-performance-des-politiques-publiques\/","url_meta":{"origin":78,"position":0},"title":"L\u2019administration \u00e9lectronique levier de performance des politiques publiques","author":"Alexis","date":"September 6, 2007","format":false,"excerpt":"La r\u00e9vision g\u00e9n\u00e9rale des politiques publiques, lanc\u00e9e le 10 juillet par le Premier ministre, a pour ambition de remettre \u00e0 plat l\u2019ensemble des missions de l\u2019\u00c9tat pour adapter les administrations aux besoins des citoyens. Le travail d'audit et d'\u00e9laboration de propositions se d\u00e9roule jusqu'en mai 2008, date \u00e0 laquelle le\u2026","rel":"","context":"In &quot;General&quot;","block_context":{"text":"General","link":"https:\/\/blog-alexis.monville.com\/en\/category\/all\/"},"img":{"alt_text":"","src":"","width":0,"height":0},"classes":[]},{"id":77,"url":"https:\/\/blog-alexis.monville.com\/en\/2007\/12\/06\/la-fin-de-ladministration-electronique\/","url_meta":{"origin":78,"position":1},"title":"La fin de l&#8217;administration \u00e9lectronique","author":"Alexis","date":"December 6, 2007","format":false,"excerpt":"A quelques jours de la fin du programme ADELE 2004\/2007, quelle sera la suite donn\u00e9e ? Est-ce la fin de l'administration \u00e9lectronique ? L'objectif de transformation en profondeur du service public par l'usage des technologies de l'information et de la communication (TIC) a \u00e9t\u00e9 confondu \u00e0 l'origine avec la d\u00e9mat\u00e9rialisation\u2026","rel":"","context":"In &quot;General&quot;","block_context":{"text":"General","link":"https:\/\/blog-alexis.monville.com\/en\/category\/all\/"},"img":{"alt_text":"","src":"","width":0,"height":0},"classes":[]},{"id":558,"url":"https:\/\/blog-alexis.monville.com\/en\/2009\/05\/21\/consultation-publique-sur-linternet-du-futur\/","url_meta":{"origin":78,"position":2},"title":"Consultation publique sur l&#8217;Internet du futur","author":"Alexis","date":"May 21, 2009","format":false,"excerpt":"Assez surprenant cette consultation... Consultation publique sur l\u2019Internet du futur Internet a r\u00e9volutionn\u00e9 tous les secteurs de nos soci\u00e9t\u00e9s, notre mani\u00e8re de communiquer, de nous informer, de nous divertir, de consommer et m\u00eame d\u2019interagir socialement. L\u2019\u00e9volution ou la red\u00e9finition de l\u2019Internet permettront le d\u00e9veloppement de nouveaux services et usages et\u2026","rel":"","context":"In &quot;Explorateurs&quot;","block_context":{"text":"Explorateurs","link":"https:\/\/blog-alexis.monville.com\/en\/category\/explorateurs\/"},"img":{"alt_text":"Internet du futur","src":"https:\/\/i0.wp.com\/www.telecom.gouv.fr\/IMG\/arton2105.jpg?resize=350%2C200","width":350,"height":200},"classes":[]},{"id":88,"url":"https:\/\/blog-alexis.monville.com\/en\/2008\/04\/03\/au-dela-du-pib-le-bonheur\/","url_meta":{"origin":78,"position":3},"title":"Au-del\u00e0 du PIB le bonheur ?","author":"Alexis","date":"April 3, 2008","format":false,"excerpt":"Je reprends ici le titre de l\u2019analyse de Marine Boisson, D\u00e9partement Questions sociales et C\u00e9line Mareuge, D\u00e9partement des Affaires \u00e9conomiques et financi\u00e8res, du Centre d\u2019analyse strat\u00e9gique parue dans la note de veille num\u00e9ro 91, dat\u00e9e de f\u00e9vrier 2008. En cette semaine du d\u00e9veloppement durable, plusieurs voix s\u2019\u00e9l\u00e8vent pour interroger les\u2026","rel":"","context":"In &quot;General&quot;","block_context":{"text":"General","link":"https:\/\/blog-alexis.monville.com\/en\/category\/all\/"},"img":{"alt_text":"","src":"","width":0,"height":0},"classes":[]},{"id":89,"url":"https:\/\/blog-alexis.monville.com\/en\/2008\/04\/09\/que-valent-les-previsions-economiques\/","url_meta":{"origin":78,"position":4},"title":"Que valent les pr\u00e9visions \u00e9conomiques ?","author":"Alexis","date":"April 9, 2008","format":false,"excerpt":"Le cycle des rencontres \u00e9conomiques organis\u00e9 par l\u2019IGPDE vient de reprendre ce jeudi 3 avril. Le th\u00e8me d\u2019ouverture est curieusement d\u2019actualit\u00e9 (pour un sujet s\u00e9lectionn\u00e9 une ann\u00e9e auparavant) comme le faisait remarquer l\u2019animateur Didier Ades en rappelant que si les pr\u00e9visions \u00e9conomiques ont un caract\u00e8re fondamental par les d\u00e9cisions qu\u2019elles\u2026","rel":"","context":"In &quot;General&quot;","block_context":{"text":"General","link":"https:\/\/blog-alexis.monville.com\/en\/category\/all\/"},"img":{"alt_text":"","src":"","width":0,"height":0},"classes":[]},{"id":103,"url":"https:\/\/blog-alexis.monville.com\/en\/2008\/07\/09\/intelligence-economique\/","url_meta":{"origin":78,"position":5},"title":"Intelligence \u00e9conomique","author":"Alexis","date":"July 9, 2008","format":false,"excerpt":"L\u2019institut de gestion publique et de d\u00e9veloppement \u00e9conomique (IGPDE), organisme de formation interne des deux minist\u00e8res dit \u00ab\u00a0financiers\u00a0\u00bb (Budget, Comptes publics et Fonction publique d\u2019une part Economie, Finances et Emploi d\u2019autre part), a organis\u00e9 une premi\u00e8re session d\u2019initiation \u00e0 l\u2019intelligence \u00e9conomique. Salle comble et nombreuses demandes insatisfaites pr\u00e9sage un succ\u00e8s.\u2026","rel":"","context":"In &quot;General&quot;","block_context":{"text":"General","link":"https:\/\/blog-alexis.monville.com\/en\/category\/all\/"},"img":{"alt_text":"","src":"","width":0,"height":0},"classes":[]}],"jetpack_sharing_enabled":true,"_links":{"self":[{"href":"https:\/\/blog-alexis.monville.com\/en\/wp-json\/wp\/v2\/posts\/78","targetHints":{"allow":["GET"]}}],"collection":[{"href":"https:\/\/blog-alexis.monville.com\/en\/wp-json\/wp\/v2\/posts"}],"about":[{"href":"https:\/\/blog-alexis.monville.com\/en\/wp-json\/wp\/v2\/types\/post"}],"author":[{"embeddable":true,"href":"https:\/\/blog-alexis.monville.com\/en\/wp-json\/wp\/v2\/users\/1"}],"replies":[{"embeddable":true,"href":"https:\/\/blog-alexis.monville.com\/en\/wp-json\/wp\/v2\/comments?post=78"}],"version-history":[{"count":0,"href":"https:\/\/blog-alexis.monville.com\/en\/wp-json\/wp\/v2\/posts\/78\/revisions"}],"wp:attachment":[{"href":"https:\/\/blog-alexis.monville.com\/en\/wp-json\/wp\/v2\/media?parent=78"}],"wp:term":[{"taxonomy":"category","embeddable":true,"href":"https:\/\/blog-alexis.monville.com\/en\/wp-json\/wp\/v2\/categories?post=78"},{"taxonomy":"post_tag","embeddable":true,"href":"https:\/\/blog-alexis.monville.com\/en\/wp-json\/wp\/v2\/tags?post=78"}],"curies":[{"name":"wp","href":"https:\/\/api.w.org\/{rel}","templated":true}]}}