{"id":77,"date":"2007-12-06T06:43:15","date_gmt":"2007-12-06T05:43:15","guid":{"rendered":"http:\/\/alexismonville.wordpress.com\/2007\/12\/06\/la-fin-de-ladministration-electronique\/"},"modified":"2007-12-06T06:43:15","modified_gmt":"2007-12-06T05:43:15","slug":"la-fin-de-ladministration-electronique","status":"publish","type":"post","link":"https:\/\/blog-alexis.monville.com\/en\/2007\/12\/06\/la-fin-de-ladministration-electronique\/","title":{"rendered":"La fin de l&#8217;administration \u00e9lectronique"},"content":{"rendered":"<p>A quelques jours de la fin du <a href=\"http:\/\/www.demateriel.com\/?p=363\" target=\"_blank\" title=\"92%\">programme ADELE 2004\/2007<\/a>, quelle sera la suite donn\u00e9e ?<\/p>\n<p>Est-ce la fin de l&#8217;administration \u00e9lectronique ?<\/p>\n<p>L&#8217;objectif de transformation en profondeur du service public par l&#8217;usage des technologies de l&#8217;information et de la communication (TIC) a \u00e9t\u00e9 confondu \u00e0 l&#8217;origine avec la d\u00e9mat\u00e9rialisation des proc\u00e9dures et la dissimulation de la complexit\u00e9 des structures administratives \u00e0 l&#8217;usager. Cette confusion, qui pouvait \u00eatre vue par certains comme un moyen simple et rapide de trouver des opportunit\u00e9s de communication positive, \u00e9tait vue par d&#8217;autres comme une premi\u00e8re \u00e9tape dans l&#8217;utilisation de ce levier de modernisation.<\/p>\n<p>Un nouveau <a href=\"http:\/\/thematiques.modernisation.gouv.fr\/UserFiles\/File\/directeur%20general.pdf\" target=\"_blank\">Directeur g\u00e9n\u00e9ral de la modernisation de l&#8217;\u00c9tat<\/a> vient d&#8217;\u00eatre nomm\u00e9.<\/p>\n<p>Le premier conseil de la modernisation de politique publique, premi\u00e8re \u00e9tape de la RGPP (<a href=\"http:\/\/www.rgpp.modernisation.gouv.fr\/\" target=\"_blank\">r\u00e9vision g\u00e9n\u00e9rale des politiques publiques<\/a>) se tiendra dans quelques jours.<\/p>\n<p>Des \u00e9volutions en perspectives, donc !<\/p>\n<p>La n\u00e9cessaire coordination transversale de la transformation des services aux usagers (particuliers, entreprises&#8230;) se construira, je le souhaite, afin de permettre l&#8217;action conjointe des diff\u00e9rents leviers de modernisation (ressources humaines, organisation, droit, budget et bien s\u00fbr technologies de l&#8217;information&#8230;) .<\/p>\n<p>L&#8217;\u00e9mergence d&#8217;une fonction de direction des syst\u00e8mes d&#8217;information, dans chaque organisation, garante de l&#8217;alignement entre les syst\u00e8mes d&#8217;information et les politiques publiques, permettrait d&#8217;exploiter les gisements d&#8217;innovation TIC pour am\u00e9liorer la performance de ces politiques.<\/p>\n<p>Une v\u00e9ritable gouvernance des syst\u00e8mes d&#8217;information transversale aux organisations, permettrait de prendre collectivement des d\u00e9cisions s&#8217;appliquant \u00e0 tous (s&#8217;accorder sur des normes, des syst\u00e8mes d&#8217;\u00e9changes, mettre en commun des expertises, ou m\u00eame des moyens) s&#8217;appuyant sur un cadre strat\u00e9gique augmentant la ma\u00eetrise, la p\u00e9rennit\u00e9 et l&#8217;ind\u00e9pendance des syst\u00e8mes d&#8217;information de l&#8217;\u00c9tat.<\/p>\n<p>Le succ\u00e8s de l&#8217;administration \u00e9lectronique serait d&#8217;avoir permis d&#8217;identifier les technologies de l&#8217;information et de la communication comme un levier essentiel de transformation.<\/p>\n","protected":false},"excerpt":{"rendered":"<p>A quelques jours de la fin du programme ADELE 2004\/2007, quelle sera la suite donn\u00e9e ? Est-ce la fin de l&#8217;administration \u00e9lectronique ? L&#8217;objectif de transformation en profondeur du service public par l&#8217;usage des technologies de l&#8217;information et de la communication (TIC) a \u00e9t\u00e9 confondu \u00e0 l&#8217;origine avec la d\u00e9mat\u00e9rialisation des proc\u00e9dures et la dissimulation [&hellip;]<\/p>\n","protected":false},"author":1,"featured_media":0,"comment_status":"open","ping_status":"open","sticky":false,"template":"","format":"standard","meta":{"advanced_seo_description":"","jetpack_seo_html_title":"","jetpack_seo_noindex":false,"jetpack_post_was_ever_published":false,"_jetpack_newsletter_access":"","_jetpack_dont_email_post_to_subs":false,"_jetpack_newsletter_tier_id":0,"_jetpack_memberships_contains_paywalled_content":false,"_jetpack_memberships_contains_paid_content":false,"footnotes":""},"categories":[1],"tags":[],"class_list":["post-77","post","type-post","status-publish","format-standard","hentry","category-all"],"jetpack_featured_media_url":"","jetpack_shortlink":"https:\/\/wp.me\/paNjQG-1f","jetpack-related-posts":[{"id":24,"url":"https:\/\/blog-alexis.monville.com\/en\/2006\/09\/14\/synergies-%e2%80%93-les-ressources-d%e2%80%99adele-est-ce-l%e2%80%99administration-electronique-20\/","url_meta":{"origin":77,"position":0},"title":"Synergies \u2013 les ressources d\u2019ADELE, est-ce l\u2019Administration \u00e9lectronique 2.0 ?","author":"Alexis","date":"September 14, 2006","format":false,"excerpt":"La relation entre l\u2019Administration \u00e9lectronique et l\u2019expression de Dale Dougherty, web 2.0, popularis\u00e9e par Tim O\u2019Reilly ne vous appara\u00eet pas comme \u00e9vidente ? Est-ce une fa\u00e7on de r\u00e9cup\u00e9rer un concept \u00e0 la mode pour donner une image moderne \u00e0 notre Administration ? La liaison est bien r\u00e9elle et l\u2019utilisation de\u2026","rel":"","context":"In &quot;General&quot;","block_context":{"text":"General","link":"https:\/\/blog-alexis.monville.com\/en\/category\/all\/"},"img":{"alt_text":"","src":"","width":0,"height":0},"classes":[]},{"id":72,"url":"https:\/\/blog-alexis.monville.com\/en\/2007\/09\/06\/l%e2%80%99administration-electronique-levier-de-performance-des-politiques-publiques\/","url_meta":{"origin":77,"position":1},"title":"L\u2019administration \u00e9lectronique levier de performance des politiques publiques","author":"Alexis","date":"September 6, 2007","format":false,"excerpt":"La r\u00e9vision g\u00e9n\u00e9rale des politiques publiques, lanc\u00e9e le 10 juillet par le Premier ministre, a pour ambition de remettre \u00e0 plat l\u2019ensemble des missions de l\u2019\u00c9tat pour adapter les administrations aux besoins des citoyens. Le travail d'audit et d'\u00e9laboration de propositions se d\u00e9roule jusqu'en mai 2008, date \u00e0 laquelle le\u2026","rel":"","context":"In &quot;General&quot;","block_context":{"text":"General","link":"https:\/\/blog-alexis.monville.com\/en\/category\/all\/"},"img":{"alt_text":"","src":"","width":0,"height":0},"classes":[]},{"id":47,"url":"https:\/\/blog-alexis.monville.com\/en\/2006\/12\/25\/adieu-2006-bonjour-2007\/","url_meta":{"origin":77,"position":2},"title":"Adieu 2006\u2026 Bonjour 2007 !","author":"Alexis","date":"December 25, 2006","format":false,"excerpt":"2006 va se terminer, c'est \u00e9videment l'heure r\u00eav\u00e9e pour un bilan qui servira \u00e0 pr\u00e9parer au mieux 2007 ! L'ann\u00e9e a commenc\u00e9 avec une nouvelle direction g\u00e9n\u00e9rale de la modernisation de l'\u00e9tat du minist\u00e8re de l'\u00e9conomie, des finances et de l'industrie pour prendre en charge le d\u00e9veloppement de l'administration \u00e9lectronique\u2026","rel":"","context":"In &quot;General&quot;","block_context":{"text":"General","link":"https:\/\/blog-alexis.monville.com\/en\/category\/all\/"},"img":{"alt_text":"","src":"","width":0,"height":0},"classes":[]},{"id":389,"url":"https:\/\/blog-alexis.monville.com\/en\/2009\/02\/14\/administration-electronique-la-fin-de-synergies\/","url_meta":{"origin":77,"position":3},"title":"La fin de Synergies","author":"Alexis","date":"February 14, 2009","format":false,"excerpt":"Cette fois, c'est vraiment la fin de Synergies, le site web 2.0 de l'administration \u00e9lectronique lanc\u00e9 en 2006. A la recherche d'un document sur MAREVA (M\u00e9thode d'Analyse de la valeur initi\u00e9e par l'ADAE), je suis tomb\u00e9 sur cette page indiquant la fermeture d\u00e9finitive de ce site et la redirection vers\u2026","rel":"","context":"In &quot;General&quot;","block_context":{"text":"General","link":"https:\/\/blog-alexis.monville.com\/en\/category\/all\/"},"img":{"alt_text":"synergies-la-fin","src":"https:\/\/i0.wp.com\/blog-alexis.monville.com\/wp-content\/uploads\/sites\/2\/2009\/02\/synergies-la-fin.jpg?resize=350%2C200&ssl=1","width":350,"height":200},"classes":[]},{"id":27,"url":"https:\/\/blog-alexis.monville.com\/en\/2006\/09\/27\/orange-%e2%80%93-journee-sur-les-applications-dorigine-locale\/","url_meta":{"origin":77,"position":4},"title":"Orange \u2013 Journ\u00e9e sur les Applications d\u2019origine locale","author":"Alexis","date":"September 27, 2006","format":false,"excerpt":"Invit\u00e9 \u00e0 pr\u00e9senter l'action de la Direction G\u00e9n\u00e9rale de la Modernisation de l'Etat en terme d'Administration Electronique. En m'appuyant sur les principes ADELE : simplifier la vie de l'usager dans sa relation \u00e0 l'administration ; am\u00e9liorer l'efficience du service public ; valoriser l'agent dans sa mission. J'ai pr\u00e9sent\u00e9 le sch\u00e9ma\u2026","rel":"","context":"In &quot;Interventions&quot;","block_context":{"text":"Interventions","link":"https:\/\/blog-alexis.monville.com\/en\/category\/interventions\/"},"img":{"alt_text":"","src":"","width":0,"height":0},"classes":[]},{"id":14,"url":"https:\/\/blog-alexis.monville.com\/en\/2006\/05\/15\/les-rendez-vous-du-cete-logiciel-libre-enjeux-et-perspectives\/","url_meta":{"origin":77,"position":5},"title":"Les Rendez-Vous du CETE \u201cLogiciel libre : enjeux et perspectives\u201d","author":"Alexis","date":"May 15, 2006","format":false,"excerpt":"Invit\u00e9 \u00e0 repr\u00e9senter la Direction G\u00e9n\u00e9rale de la Modernisation de l'Etat lors des Conf\u00e9rences organis\u00e9es par le CETENord-Picardie : \"pour comprendre le pr\u00e9sent et construire l\u2019avenir\" A compl\u00e8ter avec le lien vers les pr\u00e9sentations de l'Adullact et du minist\u00e8re de l'\u00e9quipement et la mienne... Programme : 14h00 - Propos introductif\u2026","rel":"","context":"In &quot;Interventions&quot;","block_context":{"text":"Interventions","link":"https:\/\/blog-alexis.monville.com\/en\/category\/interventions\/"},"img":{"alt_text":"","src":"","width":0,"height":0},"classes":[]}],"jetpack_sharing_enabled":true,"_links":{"self":[{"href":"https:\/\/blog-alexis.monville.com\/en\/wp-json\/wp\/v2\/posts\/77","targetHints":{"allow":["GET"]}}],"collection":[{"href":"https:\/\/blog-alexis.monville.com\/en\/wp-json\/wp\/v2\/posts"}],"about":[{"href":"https:\/\/blog-alexis.monville.com\/en\/wp-json\/wp\/v2\/types\/post"}],"author":[{"embeddable":true,"href":"https:\/\/blog-alexis.monville.com\/en\/wp-json\/wp\/v2\/users\/1"}],"replies":[{"embeddable":true,"href":"https:\/\/blog-alexis.monville.com\/en\/wp-json\/wp\/v2\/comments?post=77"}],"version-history":[{"count":0,"href":"https:\/\/blog-alexis.monville.com\/en\/wp-json\/wp\/v2\/posts\/77\/revisions"}],"wp:attachment":[{"href":"https:\/\/blog-alexis.monville.com\/en\/wp-json\/wp\/v2\/media?parent=77"}],"wp:term":[{"taxonomy":"category","embeddable":true,"href":"https:\/\/blog-alexis.monville.com\/en\/wp-json\/wp\/v2\/categories?post=77"},{"taxonomy":"post_tag","embeddable":true,"href":"https:\/\/blog-alexis.monville.com\/en\/wp-json\/wp\/v2\/tags?post=77"}],"curies":[{"name":"wp","href":"https:\/\/api.w.org\/{rel}","templated":true}]}}