{"id":75,"date":"2007-10-30T10:02:54","date_gmt":"2007-10-30T09:02:54","guid":{"rendered":"http:\/\/alexismonville.wordpress.com\/2007\/10\/30\/solutions-opensource-linux\/"},"modified":"2007-10-30T10:02:54","modified_gmt":"2007-10-30T09:02:54","slug":"solutions-opensource-linux","status":"publish","type":"post","link":"https:\/\/blog-alexis.monville.com\/en\/2007\/10\/30\/solutions-opensource-linux\/","title":{"rendered":"Solutions OpenSource \/ Linux"},"content":{"rendered":"<p>Le salon Solutions OpenSource\/Linux se tiendra au CNIT les 29, 30 et 31 janvier 2008.<\/p>\n<p>Vous trouverez ci-apr\u00e8s le programme des conf\u00e9rences<a href=\"http:\/\/alexismonville.files.wordpress.com\/2007\/10\/programme-de-conferences-linuxopen-source-2008.pdf\" title=\"programme_solution_linux_2008\"> (programme_solution_linux_2008)<\/a> qui vous donnera, j&#8217;en suis certain l&#8217;envie de r\u00e9server vos journ\u00e9es !<a href=\"http:\/\/alexismonville.files.wordpress.com\/2007\/10\/programme-de-conferences-linuxopen-source-2008.pdf\" title=\"programme_solution_linux_2008\"><br \/>\n<\/a><\/p>\n<p>Je suis tr\u00e8s heureux d&#8217;avoir particip\u00e9 au comit\u00e9 de programme, m\u00eame si cette ann\u00e9e je n&#8217;organiserai aucune conf\u00e9rence. [j&#8217;avais eu le plaisir d&#8217;organiser les conf\u00e9rences Ad\u00e8le l&#8217;ann\u00e9e pass\u00e9e].<\/p>\n<p>Au plaisir de vous rencontrer lors d&#8217;une des conf\u00e9rences !<\/p>\n","protected":false},"excerpt":{"rendered":"<p>Le salon Solutions OpenSource\/Linux se tiendra au CNIT les 29, 30 et 31 janvier 2008. Vous trouverez ci-apr\u00e8s le programme des conf\u00e9rences (programme_solution_linux_2008) qui vous donnera, j&#8217;en suis certain l&#8217;envie de r\u00e9server vos journ\u00e9es ! Je suis tr\u00e8s heureux d&#8217;avoir particip\u00e9 au comit\u00e9 de programme, m\u00eame si cette ann\u00e9e je n&#8217;organiserai aucune conf\u00e9rence. [j&#8217;avais eu [&hellip;]<\/p>\n","protected":false},"author":1,"featured_media":0,"comment_status":"open","ping_status":"open","sticky":false,"template":"","format":"standard","meta":{"advanced_seo_description":"","jetpack_seo_html_title":"","jetpack_seo_noindex":false,"jetpack_post_was_ever_published":false,"_jetpack_newsletter_access":"","_jetpack_dont_email_post_to_subs":false,"_jetpack_newsletter_tier_id":0,"_jetpack_memberships_contains_paywalled_content":false,"_jetpack_memberships_contains_paid_content":false,"footnotes":""},"categories":[12,7,8],"tags":[],"class_list":["post-75","post","type-post","status-publish","format-standard","hentry","category-europe","category-international","category-interventions"],"jetpack_featured_media_url":"","jetpack_shortlink":"https:\/\/wp.me\/paNjQG-1d","jetpack-related-posts":[{"id":887,"url":"https:\/\/blog-alexis.monville.com\/en\/2010\/08\/29\/lift11\/","url_meta":{"origin":75,"position":0},"title":"Lift11","author":"Alexis","date":"August 29, 2010","format":false,"excerpt":"Je participerai aux conf\u00e9rences Lift en 2011 du 2 au 4 f\u00e9vrier \u00e0 Gen\u00e8ve ! Le programme des ann\u00e9es pr\u00e9c\u00e9dentes m'avait \u00e0 chaque fois int\u00e9ress\u00e9 mais je n'avais jamais pu m'y rendre. Pour en savoir plus sur les conf\u00e9rences Lift, vous pouvez visiter le site Lift ici : http:\/\/liftconference.com\/lift11 Vous\u2026","rel":"","context":"In &quot;International&quot;","block_context":{"text":"International","link":"https:\/\/blog-alexis.monville.com\/en\/category\/international\/"},"img":{"alt_text":"","src":"https:\/\/i0.wp.com\/blog-alexis.monville.com\/wp-content\/uploads\/sites\/2\/2010\/08\/logo_lift10.gif?resize=350%2C200&ssl=1","width":350,"height":200},"classes":[]},{"id":571,"url":"https:\/\/blog-alexis.monville.com\/en\/2009\/05\/24\/drupal-con-paris-2009\/","url_meta":{"origin":75,"position":1},"title":"DrupalCon Paris","author":"Alexis","date":"May 24, 2009","format":false,"excerpt":"Je viens de d\u00e9couvrir le tr\u00e8s sympathique site de la Conf\u00e9rence Drupal qui se tiendra \u00e0 Paris du 1er au 5 septembre 2009 (DrupalCon Paris 2009). Cette conf\u00e9rence est organis\u00e9e par l'association Drupal (http:\/\/association.drupal.org). Le programme est con\u00e7u pour int\u00e9resser les initi\u00e9s et les n\u00e9ophytes, les programmeurs, les designers, les\u2026","rel":"","context":"In &quot;Explorateurs&quot;","block_context":{"text":"Explorateurs","link":"https:\/\/blog-alexis.monville.com\/en\/category\/explorateurs\/"},"img":{"alt_text":"","src":"https:\/\/i0.wp.com\/paris2009.drupalcon.org\/sites\/default\/files\/imagecache\/generic_image\/banner-small.png?resize=350%2C200","width":350,"height":200},"classes":[]},{"id":685,"url":"https:\/\/blog-alexis.monville.com\/en\/2009\/11\/19\/solutions-linux-2010\/","url_meta":{"origin":75,"position":2},"title":"Solutions Linux 2010","author":"Alexis","date":"November 19, 2009","format":false,"excerpt":"Aujourd'hui se r\u00e9unissait le comit\u00e9 de programme en vue de la pr\u00e9paration du salon Solutions Linux les 16, 17 et 18 mars 2010. 128 propositions d'interventions pour venir nourrir le programme de formations et de conf\u00e9rences se d\u00e9roulant sur le salon. D'excellentes propositions pour la conf\u00e9rence Administration et Libre que\u2026","rel":"","context":"In &quot;ayeba&quot;","block_context":{"text":"ayeba","link":"https:\/\/blog-alexis.monville.com\/en\/category\/ayeba\/"},"img":{"alt_text":"image001","src":"https:\/\/i0.wp.com\/blog-alexis.monville.com\/wp-content\/uploads\/sites\/2\/2009\/10\/image001.jpg?resize=350%2C200&ssl=1","width":350,"height":200},"classes":[]},{"id":1192,"url":"https:\/\/blog-alexis.monville.com\/en\/2006\/02\/01\/conferences-adele-au-salon-solution-linux-2006\/","url_meta":{"origin":75,"position":3},"title":"Conf\u00e9rences Ad\u00e8le au Salon Solution Linux 2006","author":"Alexis","date":"February 1, 2006","format":false,"excerpt":"J'ai eu le plaisir de co-organiser avec Jean-Paul Degorce-Dumas les conf\u00e9rences Ad\u00e8le qui se sont d\u00e9roul\u00e9es, dans le cadre du Salon Solution Linux, le 1er f\u00e9vrier 2006. Ces conf\u00e9rences pr\u00e9sentaient les avanc\u00e9es de certaines administration dans l'am\u00e9lioration de leurs syst\u00e8mes d'informations par l'usage de solution sous licences libres. Avec les\u2026","rel":"","context":"In &quot;General&quot;","block_context":{"text":"General","link":"https:\/\/blog-alexis.monville.com\/en\/category\/all\/"},"img":{"alt_text":"","src":"","width":0,"height":0},"classes":[]},{"id":666,"url":"https:\/\/blog-alexis.monville.com\/en\/2009\/10\/17\/appel-a-communication-pour-solutions-linux-2010\/","url_meta":{"origin":75,"position":4},"title":"Appel \u00e0 communication pour Solutions Linux 2010","author":"Alexis","date":"October 17, 2009","format":false,"excerpt":"Une conf\u00e9rence gratuite \"L'administration et le libre\" est propos\u00e9e lors de la prochaine \u00e9dition du salon Solutions Linux qui se d\u00e9roulera du 16 au 18 mars 2010. L'appel \u00e0 communication est publi\u00e9 et vous avez jusqu'au 6 novembre pour proposer vos interventions Pour en savoir plus vous pouvez consulter les\u2026","rel":"","context":"In &quot;International&quot;","block_context":{"text":"International","link":"https:\/\/blog-alexis.monville.com\/en\/category\/international\/"},"img":{"alt_text":"image001","src":"https:\/\/i0.wp.com\/blog-alexis.monville.com\/wp-content\/uploads\/sites\/2\/2009\/10\/image001.jpg?resize=350%2C200&ssl=1","width":350,"height":200},"classes":[]},{"id":96,"url":"https:\/\/blog-alexis.monville.com\/en\/2008\/05\/28\/civilisation-du-numerique\/","url_meta":{"origin":75,"position":5},"title":"Civilisation du num\u00e9rique","author":"Alexis","date":"May 28, 2008","format":false,"excerpt":"Civilisation du num\u00e9rique : Controle et responsabilisation C'est le titre de la conf\u00e9rence que Jo\u00ebl de Rosnay a donn\u00e9e le 28 mai \u00e0 la Cit\u00e9 des Sciences, j'avais suivis les pr\u00e9c\u00e9dentes conf\u00e9rences du cycle : \"En 2030, vivrons-nous en r\u00e9seau ?\" en diff\u00e9r\u00e9 et par Internet... Cette fois, j'avais fait\u2026","rel":"","context":"In &quot;General&quot;","block_context":{"text":"General","link":"https:\/\/blog-alexis.monville.com\/en\/category\/all\/"},"img":{"alt_text":"","src":"","width":0,"height":0},"classes":[]}],"jetpack_sharing_enabled":true,"_links":{"self":[{"href":"https:\/\/blog-alexis.monville.com\/en\/wp-json\/wp\/v2\/posts\/75","targetHints":{"allow":["GET"]}}],"collection":[{"href":"https:\/\/blog-alexis.monville.com\/en\/wp-json\/wp\/v2\/posts"}],"about":[{"href":"https:\/\/blog-alexis.monville.com\/en\/wp-json\/wp\/v2\/types\/post"}],"author":[{"embeddable":true,"href":"https:\/\/blog-alexis.monville.com\/en\/wp-json\/wp\/v2\/users\/1"}],"replies":[{"embeddable":true,"href":"https:\/\/blog-alexis.monville.com\/en\/wp-json\/wp\/v2\/comments?post=75"}],"version-history":[{"count":0,"href":"https:\/\/blog-alexis.monville.com\/en\/wp-json\/wp\/v2\/posts\/75\/revisions"}],"wp:attachment":[{"href":"https:\/\/blog-alexis.monville.com\/en\/wp-json\/wp\/v2\/media?parent=75"}],"wp:term":[{"taxonomy":"category","embeddable":true,"href":"https:\/\/blog-alexis.monville.com\/en\/wp-json\/wp\/v2\/categories?post=75"},{"taxonomy":"post_tag","embeddable":true,"href":"https:\/\/blog-alexis.monville.com\/en\/wp-json\/wp\/v2\/tags?post=75"}],"curies":[{"name":"wp","href":"https:\/\/api.w.org\/{rel}","templated":true}]}}