{"id":742,"date":"2010-02-02T08:30:50","date_gmt":"2010-02-02T07:30:50","guid":{"rendered":"https:\/\/blog-alexis.monville.com\/?p=742"},"modified":"2014-01-08T22:18:15","modified_gmt":"2014-01-08T21:18:15","slug":"ladministration-et-le-libre","status":"publish","type":"post","link":"https:\/\/blog-alexis.monville.com\/en\/2010\/02\/02\/ladministration-et-le-libre\/","title":{"rendered":"L&#8217;administration et le libre"},"content":{"rendered":"<div><a href=\"http:\/\/www.solutionslinux.fr\"><img data-recalc-dims=\"1\" loading=\"lazy\" decoding=\"async\" class=\"alignleft\" src=\"https:\/\/i0.wp.com\/www.solutionslinux.fr\/linux\/images\/logo.gif?resize=140%2C109\" alt=\"\" width=\"140\" height=\"109\" \/><\/a>La conf\u00e9rence sur l&#8217;administration et le libre se tiendra le mercredi 17 mars de 9h00-12h30 (Salle Rubis) dans le cadre du <a href=\"http:\/\/www.solutionslinux.fr\" target=\"_blank\">salon solutions linux<\/a>.<\/div>\n<div>La France est parmi les pays europ\u00e9ens celui qui utilise et d\u00e9veloppe le plus les logiciels libres pour les besoins de service public. En continuit\u00e9 des conf\u00e9rences administration \u00e9lectronique libre \u00e0 Solutions Linux, cette session veut pr\u00e9senter les chantiers et les enjeux de l\u2019utilisation des logiciels libres et des formats ouverts dans le service public.<\/div>\n<div>\n<div>9h00 &#8211; Accueil des participants<\/div>\n<div>9h30 &#8211; L\u2019administration et le libre &#8211; Alexis Monville (<a href=\"http:\/\/ayeba.fr\" target=\"_blank\">ayeba<\/a>)<\/div>\n<div>9h45 &#8211; L&#8217;ENA lib\u00e8re son Syst\u00e8me d&#8217;Information &#8211; Didier Georgieff (Ecole Nationale d\u2019Administration)<\/div>\n<div>10h10 &#8211; Le correcteur terminologique pour OpenOffice.org &#8211; Laure Patas d\u2019Illiers (Minist\u00e8re financiers) et G\u00e9raldine Taillard (Minist\u00e8re de la Culture et de la Communication)<\/div>\n<div>10h35 &#8211; Le Libre dans le secteur public, ce que L&#8217;Allemagne peut apprendre de la France (et l&#8217;inverse) &#8211; David Gumbel (ITOMIG)<\/div>\n<div>11h00 &#8211; UGO Urgence Guide Orientation : le service en ligne de l&#8217;aide sociale \u00e0 l&#8217;enfance en Essonne &#8211; Jean-Christophe Frachet (Conseil g\u00e9n\u00e9ral de l\u2019Essonne)<\/div>\n<div>11h25 &#8211; Mutualisation par la demande dans l&#8217;\u00e9conomie du logiciel libre &#8211; Fran\u00e7ois Elie (Adullact)<\/div>\n<div>12h00 &#8211; Conclusion &#8211; Jean-Paul Degorce-Dumas (Minist\u00e8re de la d\u00e9fense)<\/div>\n<div>12h30 &#8211; Cloture<\/div>\n<div>Vous pouvez poser des questions aux intervenants d\u00e9s \u00e0 pr\u00e9sent en commentant ce message ou par messagerie.<\/div>\n<div>Et bien sur <a href=\"http:\/\/www.solutionslinux.fr\/preinscription_154_204_p.html\" target=\"_blank\">r\u00e9servez votre badge<\/a> et consulter le reste du tr\u00e8s riche programme de cette nouvelle \u00e9dition sur <a href=\"http:\/\/www.solutionslinux.fr\" target=\"_blank\">le site du salon<\/a>.<\/div>\n<\/div>\n","protected":false},"excerpt":{"rendered":"<p>La conf\u00e9rence sur l&#8217;administration et le libre se tiendra le mercredi 17 mars de 9h00-12h30 (Salle Rubis) dans le cadre du salon solutions linux. La France est parmi les pays europ\u00e9ens celui qui utilise et d\u00e9veloppe le plus les logiciels libres pour les besoins de service public. En continuit\u00e9 des conf\u00e9rences administration \u00e9lectronique libre \u00e0 [&hellip;]<\/p>\n","protected":false},"author":1,"featured_media":0,"comment_status":"open","ping_status":"open","sticky":false,"template":"","format":"standard","meta":{"advanced_seo_description":"","jetpack_seo_html_title":"","jetpack_seo_noindex":false,"jetpack_post_was_ever_published":false,"_jetpack_newsletter_access":"","_jetpack_dont_email_post_to_subs":false,"_jetpack_newsletter_tier_id":0,"_jetpack_memberships_contains_paywalled_content":false,"_jetpack_memberships_contains_paid_content":false,"footnotes":""},"categories":[8],"tags":[276],"class_list":["post-742","post","type-post","status-publish","format-standard","hentry","category-interventions","tag-logiciel-libre"],"jetpack_featured_media_url":"","jetpack_shortlink":"https:\/\/wp.me\/paNjQG-bY","jetpack-related-posts":[{"id":666,"url":"https:\/\/blog-alexis.monville.com\/en\/2009\/10\/17\/appel-a-communication-pour-solutions-linux-2010\/","url_meta":{"origin":742,"position":0},"title":"Appel \u00e0 communication pour Solutions Linux 2010","author":"Alexis","date":"October 17, 2009","format":false,"excerpt":"Une conf\u00e9rence gratuite \"L'administration et le libre\" est propos\u00e9e lors de la prochaine \u00e9dition du salon Solutions Linux qui se d\u00e9roulera du 16 au 18 mars 2010. L'appel \u00e0 communication est publi\u00e9 et vous avez jusqu'au 6 novembre pour proposer vos interventions Pour en savoir plus vous pouvez consulter les\u2026","rel":"","context":"In &quot;International&quot;","block_context":{"text":"International","link":"https:\/\/blog-alexis.monville.com\/en\/category\/international\/"},"img":{"alt_text":"image001","src":"https:\/\/i0.wp.com\/blog-alexis.monville.com\/wp-content\/uploads\/sites\/2\/2009\/10\/image001.jpg?resize=350%2C200&ssl=1","width":350,"height":200},"classes":[]},{"id":14,"url":"https:\/\/blog-alexis.monville.com\/en\/2006\/05\/15\/les-rendez-vous-du-cete-logiciel-libre-enjeux-et-perspectives\/","url_meta":{"origin":742,"position":1},"title":"Les Rendez-Vous du CETE \u201cLogiciel libre : enjeux et perspectives\u201d","author":"Alexis","date":"May 15, 2006","format":false,"excerpt":"Invit\u00e9 \u00e0 repr\u00e9senter la Direction G\u00e9n\u00e9rale de la Modernisation de l'Etat lors des Conf\u00e9rences organis\u00e9es par le CETENord-Picardie : \"pour comprendre le pr\u00e9sent et construire l\u2019avenir\" A compl\u00e8ter avec le lien vers les pr\u00e9sentations de l'Adullact et du minist\u00e8re de l'\u00e9quipement et la mienne... Programme : 14h00 - Propos introductif\u2026","rel":"","context":"In &quot;Interventions&quot;","block_context":{"text":"Interventions","link":"https:\/\/blog-alexis.monville.com\/en\/category\/interventions\/"},"img":{"alt_text":"","src":"","width":0,"height":0},"classes":[]},{"id":796,"url":"https:\/\/blog-alexis.monville.com\/en\/2010\/03\/11\/logiciel-libre\/","url_meta":{"origin":742,"position":2},"title":"Logiciel libre","author":"Alexis","date":"March 11, 2010","format":false,"excerpt":"En quelques mots aujourd'hui pour : vous inviter \u00e0 noter dans vos agendas que le Salon Solutions Linux se tiendra \u00e0 la porte de Versailles du 16 au 18 mars, je vous souhaite nombreux pour la conf\u00e9rence Administration et Libre le 17 mars \u00e0 9h00, vous encourager \u00e0 r\u00e9agir \u00e0\u2026","rel":"","context":"In &quot;Interventions&quot;","block_context":{"text":"Interventions","link":"https:\/\/blog-alexis.monville.com\/en\/category\/interventions\/"},"img":{"alt_text":"","src":"","width":0,"height":0},"classes":[]},{"id":1192,"url":"https:\/\/blog-alexis.monville.com\/en\/2006\/02\/01\/conferences-adele-au-salon-solution-linux-2006\/","url_meta":{"origin":742,"position":3},"title":"Conf\u00e9rences Ad\u00e8le au Salon Solution Linux 2006","author":"Alexis","date":"February 1, 2006","format":false,"excerpt":"J'ai eu le plaisir de co-organiser avec Jean-Paul Degorce-Dumas les conf\u00e9rences Ad\u00e8le qui se sont d\u00e9roul\u00e9es, dans le cadre du Salon Solution Linux, le 1er f\u00e9vrier 2006. Ces conf\u00e9rences pr\u00e9sentaient les avanc\u00e9es de certaines administration dans l'am\u00e9lioration de leurs syst\u00e8mes d'informations par l'usage de solution sous licences libres. Avec les\u2026","rel":"","context":"In &quot;General&quot;","block_context":{"text":"General","link":"https:\/\/blog-alexis.monville.com\/en\/category\/all\/"},"img":{"alt_text":"","src":"","width":0,"height":0},"classes":[]},{"id":47,"url":"https:\/\/blog-alexis.monville.com\/en\/2006\/12\/25\/adieu-2006-bonjour-2007\/","url_meta":{"origin":742,"position":4},"title":"Adieu 2006\u2026 Bonjour 2007 !","author":"Alexis","date":"December 25, 2006","format":false,"excerpt":"2006 va se terminer, c'est \u00e9videment l'heure r\u00eav\u00e9e pour un bilan qui servira \u00e0 pr\u00e9parer au mieux 2007 ! L'ann\u00e9e a commenc\u00e9 avec une nouvelle direction g\u00e9n\u00e9rale de la modernisation de l'\u00e9tat du minist\u00e8re de l'\u00e9conomie, des finances et de l'industrie pour prendre en charge le d\u00e9veloppement de l'administration \u00e9lectronique\u2026","rel":"","context":"In &quot;General&quot;","block_context":{"text":"General","link":"https:\/\/blog-alexis.monville.com\/en\/category\/all\/"},"img":{"alt_text":"","src":"","width":0,"height":0},"classes":[]},{"id":49,"url":"https:\/\/blog-alexis.monville.com\/en\/2007\/01\/31\/conferences-adele\/","url_meta":{"origin":742,"position":5},"title":"Conf\u00e9rences ADELE","author":"Alexis","date":"January 31, 2007","format":false,"excerpt":"J'ai eu le grand plaisir de pr\u00e9sider les conf\u00e9rences ADELE sur le salon solutions linux, je viens de mettre en ligne les pr\u00e9sentation sur Synergies. Le programme des interventions : Conf\u00e9rences Ad\u00e8le au Salon Solution Linux 2007 31 janvier 2007 - 9h30 \u00e0 12h30 - CNIT \u2013 S5 \u2013 Doppler\u2026","rel":"","context":"In &quot;International&quot;","block_context":{"text":"International","link":"https:\/\/blog-alexis.monville.com\/en\/category\/international\/"},"img":{"alt_text":"","src":"","width":0,"height":0},"classes":[]}],"jetpack_sharing_enabled":true,"_links":{"self":[{"href":"https:\/\/blog-alexis.monville.com\/en\/wp-json\/wp\/v2\/posts\/742","targetHints":{"allow":["GET"]}}],"collection":[{"href":"https:\/\/blog-alexis.monville.com\/en\/wp-json\/wp\/v2\/posts"}],"about":[{"href":"https:\/\/blog-alexis.monville.com\/en\/wp-json\/wp\/v2\/types\/post"}],"author":[{"embeddable":true,"href":"https:\/\/blog-alexis.monville.com\/en\/wp-json\/wp\/v2\/users\/1"}],"replies":[{"embeddable":true,"href":"https:\/\/blog-alexis.monville.com\/en\/wp-json\/wp\/v2\/comments?post=742"}],"version-history":[{"count":1,"href":"https:\/\/blog-alexis.monville.com\/en\/wp-json\/wp\/v2\/posts\/742\/revisions"}],"predecessor-version":[{"id":1720,"href":"https:\/\/blog-alexis.monville.com\/en\/wp-json\/wp\/v2\/posts\/742\/revisions\/1720"}],"wp:attachment":[{"href":"https:\/\/blog-alexis.monville.com\/en\/wp-json\/wp\/v2\/media?parent=742"}],"wp:term":[{"taxonomy":"category","embeddable":true,"href":"https:\/\/blog-alexis.monville.com\/en\/wp-json\/wp\/v2\/categories?post=742"},{"taxonomy":"post_tag","embeddable":true,"href":"https:\/\/blog-alexis.monville.com\/en\/wp-json\/wp\/v2\/tags?post=742"}],"curies":[{"name":"wp","href":"https:\/\/api.w.org\/{rel}","templated":true}]}}