{"id":738,"date":"2010-01-31T13:42:44","date_gmt":"2010-01-31T11:42:44","guid":{"rendered":"https:\/\/blog-alexis.monville.com\/?p=738"},"modified":"2010-01-31T13:42:44","modified_gmt":"2010-01-31T11:42:44","slug":"tedxparis","status":"publish","type":"post","link":"https:\/\/blog-alexis.monville.com\/en\/2010\/01\/31\/tedxparis\/","title":{"rendered":"TEDxParis"},"content":{"rendered":"<p><a href=\"http:\/\/www.tedxparis.com\/\"><img data-recalc-dims=\"1\" loading=\"lazy\" decoding=\"async\" class=\"alignleft\" src=\"https:\/\/i0.wp.com\/www.tedxparis.com\/sites\/default\/files\/zen_classic_logo.jpg?resize=390%2C109\" alt=\"\" width=\"390\" height=\"109\" \/><\/a>Le 30 janvier 2010 se d\u00e9roulait \u00e0 l&#8217;Espace Pierre Cardin une premi\u00e8re \u00e9dition de <a href=\"http:\/\/www.tedxparis.com\/\" target=\"_blank\">TEDxParis<\/a>. 18 interventions dans diff\u00e9rents domaines, musique, art, architecture, soci\u00e9t\u00e9, science, psychanalyse, entreprise, journaliste, cette liste n&#8217;\u00e9tant ni exclusive, ni exhaustive&#8230; Une retransmission en direct a permis aux personnes ne pouvant participer physiquement de suivre les interventions (et de r\u00e9agir sur <a href=\"https:\/\/twitter.com\/#search?q=tedxparis\" target=\"_blank\">twitter<\/a>). Les videos des interventions seront publi\u00e9es par la suite sur le site Internet de l&#8217;\u00e9v\u00e9nement : <a href=\"http:\/\/www.tedxparis.com\" target=\"_blank\">www.tedxparis.com<\/a><\/p>\n<p>L&#8217;organisation \u00e9tait excellente, et c&#8217;est bien sur remarquable pour une premi\u00e8re \u00e9dition, f\u00e9licitations \u00e0 l&#8217;\u00e9quipe d&#8217;organisation !<\/p>\n<p>Parmi toutes les interventions, j&#8217;en retiendrais quelques-unes :<\/p>\n<ul>\n<li><a href=\"http:\/\/www.necker.fr\/tamara\/pages\/francois.html\" target=\"_blank\">Fran\u00e7ois Taddei<\/a> et son questionnement sur l&#8217;\u00e9ducation et l&#8217;enseignement,<\/li>\n<li><a href=\"http:\/\/sidiese.blogs.com\/sidise_blog\/2006\/04\/index.html\" target=\"_blank\">Gildas Bonnel<\/a> et la communication responsable,<\/li>\n<li><a href=\"http:\/\/www.myspace.com\/slyjohnson\" target=\"_blank\">Sly Johnson<\/a> et sa bouche magique,<\/li>\n<li><a href=\"http:\/\/fr.wikipedia.org\/wiki\/Miguel_Benasayag\" target=\"_blank\">Miguel Benasayag<\/a> et la v\u00e9rit\u00e9 et la transgression,<\/li>\n<li><a href=\"http:\/\/www.editions-calmann-levy.com\/auteur\/bibliographie-biographie-000000079706-01-ecrivain-Sarah-Kaminsky-livre-Adolfo-Kaminsky-une-vie-de-faussaire.html\" target=\"_blank\">Sarah Kaminsky<\/a> et les faux l\u00e9gitimes,<\/li>\n<li><a href=\"http:\/\/www.vinvin.org\/\" target=\"_blank\">Cyrille de Lasteyrie<\/a> et la confiance et l&#8217;\u00e9toile de <a href=\"http:\/\/twitter.com\/vinvin\" target=\"_blank\">@vinvin<\/a>,<\/li>\n<li>et pour terminer <a href=\"http:\/\/sites.radiofrance.fr\/franceinter\/em\/ete\/afriqueenchantee\/\" target=\"_blank\">Soro Solo<\/a> et ta v\u00e9rit\u00e9 et ma v\u00e9rit\u00e9 nous conduise vers la v\u00e9rit\u00e9, Soro Solo avec qui j&#8217;ai eu le plaisir d&#8217;\u00e9changer quelques mots sur sa superbe \u00e9mission L&#8217;<a href=\"http:\/\/sites.radiofrance.fr\/franceinter\/em\/ete\/afriqueenchantee\/\" target=\"_blank\">Afrique Enchant\u00e9e<\/a> et\u00a0sur <a href=\"http:\/\/www.starafrica.com\" target=\"_blank\">StarAfrica<\/a> !<\/li>\n<\/ul>\n<p><a href=\"https:\/\/i0.wp.com\/blog-alexis.monville.com\/wp-content\/uploads\/sites\/2\/2010\/01\/soro-solo-alexis-monville-300.jpg?ssl=1\"><img data-recalc-dims=\"1\" loading=\"lazy\" decoding=\"async\" data-attachment-id=\"740\" data-permalink=\"https:\/\/blog-alexis.monville.com\/en\/2010\/01\/31\/tedxparis\/soro-solo-alexis-monville-300\/\" data-orig-file=\"https:\/\/i0.wp.com\/blog-alexis.monville.com\/en\/wp-content\/uploads\/sites\/2\/2010\/01\/soro-solo-alexis-monville-300.jpg?fit=300%2C225&amp;ssl=1\" data-orig-size=\"300,225\" data-comments-opened=\"1\" data-image-meta=\"{&quot;aperture&quot;:&quot;2.8&quot;,&quot;credit&quot;:&quot;&quot;,&quot;camera&quot;:&quot;iPhone 3GS&quot;,&quot;caption&quot;:&quot;&quot;,&quot;created_timestamp&quot;:&quot;1264869489&quot;,&quot;copyright&quot;:&quot;&quot;,&quot;focal_length&quot;:&quot;3.85&quot;,&quot;iso&quot;:&quot;268&quot;,&quot;shutter_speed&quot;:&quot;0.066666666666667&quot;,&quot;title&quot;:&quot;&quot;}\" data-image-title=\"soro-solo-alexis-monville-300\" data-image-description=\"\" data-image-caption=\"\" data-large-file=\"https:\/\/i0.wp.com\/blog-alexis.monville.com\/en\/wp-content\/uploads\/sites\/2\/2010\/01\/soro-solo-alexis-monville-300.jpg?fit=300%2C225&amp;ssl=1\" class=\"aligncenter size-full wp-image-740\" src=\"https:\/\/i0.wp.com\/blog-alexis.monville.com\/wp-content\/uploads\/sites\/2\/2010\/01\/soro-solo-alexis-monville-300.jpg?resize=300%2C225&#038;ssl=1\" alt=\"soro-solo-alexis-monville-300\" width=\"300\" height=\"225\" \/><\/a>Une excellente journ\u00e9e remplie d&#8217;\u00e9nergie positive !<\/p>\n<p>Cela me motive encore d&#8217;avantage pour r\u00e9ussir l&#8217;<a href=\"http:\/\/openworldforum.org\/\" target=\"_blank\">OpenWorldForum<\/a> les 30 septembre et 1er octobre 2010 dont l&#8217;appel \u00e0 communication sera publi\u00e9 dans quelques jours ! Pour faire de cet \u00e9v\u00e9nement une source d&#8217;\u00e9nergie positive pour tout l&#8217;\u00e9cosyst\u00e8me du logiciel libre !<\/p>\n","protected":false},"excerpt":{"rendered":"<p>Le 30 janvier 2010 se d\u00e9roulait \u00e0 l&#8217;Espace Pierre Cardin une premi\u00e8re \u00e9dition de TEDxParis. 18 interventions dans diff\u00e9rents domaines, musique, art, architecture, soci\u00e9t\u00e9, science, psychanalyse, entreprise, journaliste, cette liste n&#8217;\u00e9tant ni exclusive, ni exhaustive&#8230; Une retransmission en direct a permis aux personnes ne pouvant participer physiquement de suivre les interventions (et de r\u00e9agir sur [&hellip;]<\/p>\n","protected":false},"author":1,"featured_media":0,"comment_status":"open","ping_status":"open","sticky":false,"template":"","format":"standard","meta":{"advanced_seo_description":"","jetpack_seo_html_title":"","jetpack_seo_noindex":false,"jetpack_post_was_ever_published":false,"_jetpack_newsletter_access":"","_jetpack_dont_email_post_to_subs":false,"_jetpack_newsletter_tier_id":0,"_jetpack_memberships_contains_paywalled_content":false,"_jetpack_memberships_contains_paid_content":false,"footnotes":""},"categories":[1],"tags":[446],"class_list":["post-738","post","type-post","status-publish","format-standard","hentry","category-all","tag-tedx"],"jetpack_featured_media_url":"","jetpack_shortlink":"https:\/\/wp.me\/paNjQG-bU","jetpack-related-posts":[{"id":1085,"url":"https:\/\/blog-alexis.monville.com\/en\/2011\/04\/13\/tedxbordeaux-2\/","url_meta":{"origin":738,"position":0},"title":"TEDxBordeaux","author":"Alexis","date":"April 13, 2011","format":false,"excerpt":"Ceux qui suivent ce blog (merci au fait ;-) ) le savent d\u00e9j\u00e0, je contribue avec une petite \u00e9quipe b\u00e9n\u00e9vole \u00e0 faire exister le premier TEDxBordeaux. Il se d\u00e9roulera le samedi 28 mai 2011 dans l\u2019auditorium du CAPC (Mus\u00e9e d\u2019art contemporain de Bordeaux). Suivant le principe de TED et \u00e0\u2026","rel":"","context":"In &quot;Interventions&quot;","block_context":{"text":"Interventions","link":"https:\/\/blog-alexis.monville.com\/en\/category\/interventions\/"},"img":{"alt_text":"","src":"","width":0,"height":0},"classes":[]},{"id":585,"url":"https:\/\/blog-alexis.monville.com\/en\/2009\/06\/02\/tedx-paris\/","url_meta":{"origin":738,"position":1},"title":"TEDx Paris","author":"Alexis","date":"June 2, 2009","format":false,"excerpt":"L'\u00e9dition pilote des TEDx Paris s'est d\u00e9roul\u00e9e le 28 mai 2009 \u00e0 La Cantine. Je vous invite bien sur \u00e0 d\u00e9couvrir la version originale en regardant par exemple Richard St-John parler des 8 secrets du succ\u00e8s ou Hans Rossling d\u00e9voiler des statistiques extraordinaires. Un projet de traduction vient de commencer\u2026","rel":"","context":"In &quot;Explorateurs&quot;","block_context":{"text":"Explorateurs","link":"https:\/\/blog-alexis.monville.com\/en\/category\/explorateurs\/"},"img":{"alt_text":"","src":"https:\/\/i0.wp.com\/tedxparis.com\/sites\/default\/files\/zen_classic_logo.jpg?resize=350%2C200","width":350,"height":200},"classes":[]},{"id":1026,"url":"https:\/\/blog-alexis.monville.com\/en\/2011\/01\/16\/irma\/","url_meta":{"origin":738,"position":2},"title":"Irma","author":"Alexis","date":"January 16, 2011","format":false,"excerpt":"D\u00e9couverte de la g\u00e9niale Irma lors de TEDxParis hier ! Une chanson entre deux conf\u00e9rences et surtout un mini concert lors de la soir\u00e9e au Scopitone ! Son premier album, financ\u00e9 par 416 producteurs sur MyMajorCompany, sera dans les bacs le 28 f\u00e9vrier 2011. Vous pouvez \u00e9galement d\u00e9couvrir de nombreux\u2026","rel":"","context":"In &quot;General&quot;","block_context":{"text":"General","link":"https:\/\/blog-alexis.monville.com\/en\/category\/all\/"},"img":{"alt_text":"","src":"https:\/\/i0.wp.com\/blog-alexis.monville.com\/files\/2011\/01\/Irma-300x208.png?resize=350%2C200&ssl=1","width":350,"height":200},"classes":[]},{"id":1328,"url":"https:\/\/blog-alexis.monville.com\/en\/2012\/01\/15\/tedxplaceducapitole\/","url_meta":{"origin":738,"position":3},"title":"TEDxPlaceDuCapitole","author":"Alexis","date":"January 15, 2012","format":false,"excerpt":"TEDxPlaceDuCapitole s'est d\u00e9roul\u00e9 ce samedi 14 janvier \u00e0 l'Hotel Dieu de Toulouse. L'excellente \u00e9quipe d'organisation avait r\u00e9uni 13 intervenants autour du th\u00e8me l'\u00e9nergie des possibles : Damien Jayat sur la m\u00e9diation scientifique Adrienne Alix sur l'engagement pour Wikipedia Fran\u00e7ois Cantier sur avocat sans fronti\u00e8re et l'\u00e9cole des droits de l'homme\u2026","rel":"","context":"In &quot;General&quot;","block_context":{"text":"General","link":"https:\/\/blog-alexis.monville.com\/en\/category\/all\/"},"img":{"alt_text":"","src":"https:\/\/i0.wp.com\/blog-alexis.monville.com\/en\/wp-content\/uploads\/sites\/2\/2012\/01\/IMG_4125-scaled.jpg?fit=1200%2C900&ssl=1&resize=350%2C200","width":350,"height":200,"srcset":"https:\/\/i0.wp.com\/blog-alexis.monville.com\/en\/wp-content\/uploads\/sites\/2\/2012\/01\/IMG_4125-scaled.jpg?fit=1200%2C900&ssl=1&resize=350%2C200 1x, https:\/\/i0.wp.com\/blog-alexis.monville.com\/en\/wp-content\/uploads\/sites\/2\/2012\/01\/IMG_4125-scaled.jpg?fit=1200%2C900&ssl=1&resize=525%2C300 1.5x, https:\/\/i0.wp.com\/blog-alexis.monville.com\/en\/wp-content\/uploads\/sites\/2\/2012\/01\/IMG_4125-scaled.jpg?fit=1200%2C900&ssl=1&resize=700%2C400 2x, https:\/\/i0.wp.com\/blog-alexis.monville.com\/en\/wp-content\/uploads\/sites\/2\/2012\/01\/IMG_4125-scaled.jpg?fit=1200%2C900&ssl=1&resize=1050%2C600 3x"},"classes":[]},{"id":181,"url":"https:\/\/blog-alexis.monville.com\/en\/2008\/10\/01\/explorschool\/","url_meta":{"origin":738,"position":4},"title":"ExplorSchool","author":"Alexis","date":"October 1, 2008","format":false,"excerpt":"Une quinzaine de personnes (sur place et en ligne) pour cette \u00e9dition de l'ExplorSchool du 1er octobre. Petit \u00e9change sur l'ergonomie des wikis, potentiellement vu comme un frein aux contributions (id\u00e9e de proposer un mode navigation et un mode sortie pdf ou papier compl\u00e9mentaire au mode \u00e9dition ?), suivi de\u2026","rel":"","context":"In &quot;Interventions&quot;","block_context":{"text":"Interventions","link":"https:\/\/blog-alexis.monville.com\/en\/category\/interventions\/"},"img":{"alt_text":"","src":"https:\/\/i0.wp.com\/explorateursduweb.com\/blog\/wp-content\/files\/explorateurs-du-web-150.gif?resize=350%2C200","width":350,"height":200},"classes":[]},{"id":42,"url":"https:\/\/blog-alexis.monville.com\/en\/2006\/11\/21\/rencontres-economiques\/","url_meta":{"origin":738,"position":5},"title":"Rencontres \u00e9conomiques","author":"Alexis","date":"November 21, 2006","format":false,"excerpt":"L'EFFICACIT\u00c9 DES ACTIONS DE D\u00c9VELOPPEMENT DANS LES PAYS PAUVRES Toujours anim\u00e9 par Didier ADES, r\u00e9dacteur en chef \u00e0 RAdio-France et avec les interventions de : Intervention de Sophie Englebienne, Directrice des programmes d'OXFAM solidarit\u00e9 en Belgique - Th\u00e8me : \u00ab Une exp\u00e9rience de terrain : comment mieux valoriser l'aide au\u2026","rel":"","context":"In &quot;General&quot;","block_context":{"text":"General","link":"https:\/\/blog-alexis.monville.com\/en\/category\/all\/"},"img":{"alt_text":"R\u00e9duire l'extr\u00eame pauvret\u00e9 et la faim","src":"https:\/\/i0.wp.com\/www.un.org\/french\/millenniumgoals\/images\/goal1-over.gif?resize=350%2C200","width":350,"height":200},"classes":[]}],"jetpack_sharing_enabled":true,"_links":{"self":[{"href":"https:\/\/blog-alexis.monville.com\/en\/wp-json\/wp\/v2\/posts\/738","targetHints":{"allow":["GET"]}}],"collection":[{"href":"https:\/\/blog-alexis.monville.com\/en\/wp-json\/wp\/v2\/posts"}],"about":[{"href":"https:\/\/blog-alexis.monville.com\/en\/wp-json\/wp\/v2\/types\/post"}],"author":[{"embeddable":true,"href":"https:\/\/blog-alexis.monville.com\/en\/wp-json\/wp\/v2\/users\/1"}],"replies":[{"embeddable":true,"href":"https:\/\/blog-alexis.monville.com\/en\/wp-json\/wp\/v2\/comments?post=738"}],"version-history":[{"count":0,"href":"https:\/\/blog-alexis.monville.com\/en\/wp-json\/wp\/v2\/posts\/738\/revisions"}],"wp:attachment":[{"href":"https:\/\/blog-alexis.monville.com\/en\/wp-json\/wp\/v2\/media?parent=738"}],"wp:term":[{"taxonomy":"category","embeddable":true,"href":"https:\/\/blog-alexis.monville.com\/en\/wp-json\/wp\/v2\/categories?post=738"},{"taxonomy":"post_tag","embeddable":true,"href":"https:\/\/blog-alexis.monville.com\/en\/wp-json\/wp\/v2\/tags?post=738"}],"curies":[{"name":"wp","href":"https:\/\/api.w.org\/{rel}","templated":true}]}}