{"id":723,"date":"2010-01-12T21:20:16","date_gmt":"2010-01-12T20:20:16","guid":{"rendered":"https:\/\/blog-alexis.monville.com\/?p=723"},"modified":"2014-01-08T22:18:23","modified_gmt":"2014-01-08T21:18:23","slug":"la-cantine-2-ans","status":"publish","type":"post","link":"https:\/\/blog-alexis.monville.com\/en\/2010\/01\/12\/la-cantine-2-ans\/","title":{"rendered":"La Cantine . . . . . . 2 ans !"},"content":{"rendered":"<p><a href=\"https:\/\/i0.wp.com\/blog-alexis.monville.com\/wp-content\/uploads\/sites\/2\/2010\/01\/cantine.jpg?ssl=1\"><img data-recalc-dims=\"1\" loading=\"lazy\" decoding=\"async\" data-attachment-id=\"730\" data-permalink=\"https:\/\/blog-alexis.monville.com\/en\/2010\/01\/12\/la-cantine-2-ans\/cantine\/\" data-orig-file=\"https:\/\/i0.wp.com\/blog-alexis.monville.com\/en\/wp-content\/uploads\/sites\/2\/2010\/01\/cantine.jpg?fit=500%2C386&amp;ssl=1\" data-orig-size=\"500,386\" data-comments-opened=\"1\" data-image-meta=\"{&quot;aperture&quot;:&quot;2.8&quot;,&quot;credit&quot;:&quot;&quot;,&quot;camera&quot;:&quot;iPhone 3GS&quot;,&quot;caption&quot;:&quot;&quot;,&quot;created_timestamp&quot;:&quot;1260630768&quot;,&quot;copyright&quot;:&quot;&quot;,&quot;focal_length&quot;:&quot;3.85&quot;,&quot;iso&quot;:&quot;1016&quot;,&quot;shutter_speed&quot;:&quot;0.1&quot;,&quot;title&quot;:&quot;&quot;}\" data-image-title=\"cantine\" data-image-description=\"\" data-image-caption=\"\" data-large-file=\"https:\/\/i0.wp.com\/blog-alexis.monville.com\/en\/wp-content\/uploads\/sites\/2\/2010\/01\/cantine.jpg?fit=500%2C386&amp;ssl=1\" class=\"size-medium wp-image-730 alignleft\" src=\"https:\/\/i0.wp.com\/blog-alexis.monville.com\/files\/2010\/01\/cantine-300x231.jpg?resize=300%2C231&#038;ssl=1\" alt=\"cantine\" width=\"300\" height=\"231\" srcset=\"https:\/\/i0.wp.com\/blog-alexis.monville.com\/en\/wp-content\/uploads\/sites\/2\/2010\/01\/cantine.jpg?resize=300%2C231&amp;ssl=1 300w, https:\/\/i0.wp.com\/blog-alexis.monville.com\/en\/wp-content\/uploads\/sites\/2\/2010\/01\/cantine.jpg?w=500&amp;ssl=1 500w\" sizes=\"auto, (max-width: 300px) 100vw, 300px\" \/><\/a>Un cadeau pour les deux ans de <a href=\"http:\/\/lacantine.org\" target=\"_blank\">La Cantine<\/a> ?<\/p>\n<p>Je me suis dit : &#8220;facile ! Je vais raconter ma premi\u00e8re fois&#8230;&#8221; Seulement voil\u00e0, c&#8217;\u00e9tait quand la premi\u00e8re fois ? \u00c9tait-ce \u00e0 l&#8217;occasion de cet ExplorCamp du mois d&#8217;Avril 2008 ? A moins que ce ne soit pour un OpenDay ? Un AperoPlone ? Un barcamp ? Collibri ?\u00a0Cherchons voir dans les archives quand \u00e9tait cette premi\u00e8re fois&#8230;<\/p>\n<p>Roulements de tambour&#8230;<\/p>\n<p>En fait la vraie premi\u00e8re fois c\u2019\u00e9tait une rencontre des Amis de La Cantine cela devait se d\u00e9rouler au dernier trimestre de 2007. Je me souviens de quelques t\u00eates lors de cette r\u00e9union, de l\u2019enthousiasme des participants \u00e0 pr\u00e9parer la cr\u00e9ation de ce nouveau lieu. Je me souviens avoir parl\u00e9 du projet sur lequel j\u2019avais travaill\u00e9 avec quelques amis, ou nous travaillions dans des caf\u00e9s, des restos ou dans nos apparts respectifs, et que ce manque de lieu de travail en commun avait rendu si difficile la r\u00e9ussite du projet.<\/p>\n<p>Je me souviens (un peu) de la soir\u00e9e d&#8217;ouverture du 3 mars qui avait r\u00e9uni vraiment beaucoup de monde !<\/p>\n<p>Je me souviens surtout des journ\u00e9es pass\u00e9es \u00e0 La Cantine pour monter <a href=\"http:\/\/ayeba.fr\" target=\"_blank\">ayeba<\/a>. Des journ\u00e9es ou j\u2019ai pu \u00e9prouver que ce n\u2019\u00e9tait pas seulement l&#8217;infrastructure (bureau, salle de r\u00e9union, wifi&#8230;) mais les rencontres vari\u00e9es permettant d\u2019\u00e9changer sur la pertinence d\u2019une id\u00e9e, l\u2019int\u00e9r\u00eat d\u2019une orientation, d\u2019identifier des contacts permettant d\u2019avancer sur un sujet.<\/p>\n<p>Et maintenant que la soci\u00e9t\u00e9\u00a0<a href=\"http:\/\/ayeba.fr\" target=\"_blank\">ayeba<\/a> existe ? Et bien, j\u2019ai rempli ma demande d\u2019adh\u00e9sion \u00e0 <a href=\"http:\/\/siliconsentier.org\/\" target=\"_blank\">Silicon Sentier<\/a> afin de contribuer moi aussi \u00e0 faire exister ce lieu magique !<\/p>\n","protected":false},"excerpt":{"rendered":"<p>Un cadeau pour les deux ans de La Cantine ? Je me suis dit : &#8220;facile ! Je vais raconter ma premi\u00e8re fois&#8230;&#8221; Seulement voil\u00e0, c&#8217;\u00e9tait quand la premi\u00e8re fois ? \u00c9tait-ce \u00e0 l&#8217;occasion de cet ExplorCamp du mois d&#8217;Avril 2008 ? A moins que ce ne soit pour un OpenDay ? Un AperoPlone ? [&hellip;]<\/p>\n","protected":false},"author":1,"featured_media":0,"comment_status":"open","ping_status":"open","sticky":false,"template":"","format":"standard","meta":{"advanced_seo_description":"","jetpack_seo_html_title":"","jetpack_seo_noindex":false,"jetpack_post_was_ever_published":false,"_jetpack_newsletter_access":"","_jetpack_dont_email_post_to_subs":false,"_jetpack_newsletter_tier_id":0,"_jetpack_memberships_contains_paywalled_content":false,"_jetpack_memberships_contains_paid_content":false,"footnotes":""},"categories":[5],"tags":[],"class_list":["post-723","post","type-post","status-publish","format-standard","hentry","category-explorateurs"],"jetpack_featured_media_url":"","jetpack_shortlink":"https:\/\/wp.me\/paNjQG-bF","jetpack-related-posts":[{"id":585,"url":"https:\/\/blog-alexis.monville.com\/en\/2009\/06\/02\/tedx-paris\/","url_meta":{"origin":723,"position":0},"title":"TEDx Paris","author":"Alexis","date":"June 2, 2009","format":false,"excerpt":"L'\u00e9dition pilote des TEDx Paris s'est d\u00e9roul\u00e9e le 28 mai 2009 \u00e0 La Cantine. Je vous invite bien sur \u00e0 d\u00e9couvrir la version originale en regardant par exemple Richard St-John parler des 8 secrets du succ\u00e8s ou Hans Rossling d\u00e9voiler des statistiques extraordinaires. Un projet de traduction vient de commencer\u2026","rel":"","context":"In &quot;Explorateurs&quot;","block_context":{"text":"Explorateurs","link":"https:\/\/blog-alexis.monville.com\/en\/category\/explorateurs\/"},"img":{"alt_text":"","src":"https:\/\/i0.wp.com\/tedxparis.com\/sites\/default\/files\/zen_classic_logo.jpg?resize=350%2C200","width":350,"height":200},"classes":[]},{"id":82,"url":"https:\/\/blog-alexis.monville.com\/en\/2008\/03\/25\/presentation-du-referentiel-escm\/","url_meta":{"origin":723,"position":1},"title":"Pr\u00e9sentation du r\u00e9f\u00e9rentiel eSCM","author":"Alexis","date":"March 25, 2008","format":false,"excerpt":"Cette nouvelle session du Club 01 DSI \u00e9tait l\u2019occasion pour Marie-No\u00eblle Gibon, DSI de La Poste Courrier, de pr\u00e9senter le r\u00e9f\u00e9rentiel eSCM, et l\u2019utilisation de ce r\u00e9f\u00e9rentiel par La Poste. La promesse de cette session \u00e9tait importante puisqu\u2019elle \u00e9tait titr\u00e9e\u00a0: \u00ab\u00a0Ma\u00eetriser les risques et accro\u00eetre la valeur des services sourc\u00e9s\u2026","rel":"","context":"In &quot;International&quot;","block_context":{"text":"International","link":"https:\/\/blog-alexis.monville.com\/en\/category\/international\/"},"img":{"alt_text":"","src":"","width":0,"height":0},"classes":[]},{"id":1746,"url":"https:\/\/blog-alexis.monville.com\/en\/2014\/02\/09\/agile-games-france\/","url_meta":{"origin":723,"position":2},"title":"Agile Games France","author":"Alexis","date":"February 9, 2014","format":false,"excerpt":"La troisi\u00e8me \u00e9dition de l'Open Space consacr\u00e9 aux jeux d'entreprises agile s'est d\u00e9roul\u00e9e \u00e0 Lyon les 7 et 8 f\u00e9vrier. Le succ\u00e8s des 2 pr\u00e9c\u00e9dentes \u00e9ditions (\u00e0 Nantes en 2012 et \u00e0 Avignon en 2013) ainsi que la limite \u00e0 60 personnes ont fait que les places \u00e9taient vendues en\u2026","rel":"","context":"In &quot;General&quot;","block_context":{"text":"General","link":"https:\/\/blog-alexis.monville.com\/en\/category\/all\/"},"img":{"alt_text":"","src":"https:\/\/i0.wp.com\/blog-alexis.monville.com\/en\/wp-content\/uploads\/sites\/2\/2014\/02\/2014-02-07-11.34.08-scaled.jpg?fit=1200%2C900&ssl=1&resize=350%2C200","width":350,"height":200,"srcset":"https:\/\/i0.wp.com\/blog-alexis.monville.com\/en\/wp-content\/uploads\/sites\/2\/2014\/02\/2014-02-07-11.34.08-scaled.jpg?fit=1200%2C900&ssl=1&resize=350%2C200 1x, https:\/\/i0.wp.com\/blog-alexis.monville.com\/en\/wp-content\/uploads\/sites\/2\/2014\/02\/2014-02-07-11.34.08-scaled.jpg?fit=1200%2C900&ssl=1&resize=525%2C300 1.5x, https:\/\/i0.wp.com\/blog-alexis.monville.com\/en\/wp-content\/uploads\/sites\/2\/2014\/02\/2014-02-07-11.34.08-scaled.jpg?fit=1200%2C900&ssl=1&resize=700%2C400 2x, https:\/\/i0.wp.com\/blog-alexis.monville.com\/en\/wp-content\/uploads\/sites\/2\/2014\/02\/2014-02-07-11.34.08-scaled.jpg?fit=1200%2C900&ssl=1&resize=1050%2C600 3x"},"classes":[]},{"id":1005,"url":"https:\/\/blog-alexis.monville.com\/en\/2010\/12\/19\/noel-a-la-cantine\/","url_meta":{"origin":723,"position":3},"title":"No\u00ebl \u00e0 La Cantine","author":"Alexis","date":"December 19, 2010","format":false,"excerpt":"Ce samedi 18 d\u00e9cembre 2010, Silicon Sentier invitait toutes les \u00e9quipes des entreprises adh\u00e9rentes \u00e0 f\u00eater No\u00ebl avec conjoints et enfants bien sur ! Un super apr\u00e8s-midi avec cadeaux apport\u00e9s par le p\u00e8re-no\u00ebl, fontaine de chocolat et quelques bulles. Comme les grandes entreprises, les petites entreprises adh\u00e9rentes de Silicon Sentier,\u2026","rel":"","context":"In &quot;General&quot;","block_context":{"text":"General","link":"https:\/\/blog-alexis.monville.com\/en\/category\/all\/"},"img":{"alt_text":"","src":"https:\/\/i0.wp.com\/blog-alexis.monville.com\/files\/2010\/12\/emma-cadeau-150x150.jpg?resize=350%2C200&ssl=1","width":350,"height":200},"classes":[]},{"id":2020,"url":"https:\/\/blog-alexis.monville.com\/en\/2015\/02\/04\/le-bonheur-au-travail-2\/","url_meta":{"origin":723,"position":4},"title":"Le Bonheur au Travail","author":"Alexis","date":"February 4, 2015","format":false,"excerpt":"Au mois d'octobre 2013, je vous avais propos\u00e9 de devenir producteur du film \"Le Bonheur Au Travail\" de Martin Meissonnier. Le film a \u00e9t\u00e9 diffus\u00e9 hier, mardi 3 f\u00e9vrier 2015,\u00a0dans les locaux d'eNovance (Red Hat) \u00e0 Paris pour une avant-avant-premi\u00e8re (c'\u00e9tait la contrepartie pour notre contribution au financement du film\u2026","rel":"","context":"In &quot;General&quot;","block_context":{"text":"General","link":"https:\/\/blog-alexis.monville.com\/en\/category\/all\/"},"img":{"alt_text":"","src":"https:\/\/i0.wp.com\/blog-alexis.monville.com\/en\/wp-content\/uploads\/sites\/2\/2015\/02\/le-bonheur-au-travail.gif?fit=1200%2C600&ssl=1&resize=350%2C200","width":350,"height":200,"srcset":"https:\/\/i0.wp.com\/blog-alexis.monville.com\/en\/wp-content\/uploads\/sites\/2\/2015\/02\/le-bonheur-au-travail.gif?fit=1200%2C600&ssl=1&resize=350%2C200 1x, https:\/\/i0.wp.com\/blog-alexis.monville.com\/en\/wp-content\/uploads\/sites\/2\/2015\/02\/le-bonheur-au-travail.gif?fit=1200%2C600&ssl=1&resize=525%2C300 1.5x, https:\/\/i0.wp.com\/blog-alexis.monville.com\/en\/wp-content\/uploads\/sites\/2\/2015\/02\/le-bonheur-au-travail.gif?fit=1200%2C600&ssl=1&resize=700%2C400 2x, https:\/\/i0.wp.com\/blog-alexis.monville.com\/en\/wp-content\/uploads\/sites\/2\/2015\/02\/le-bonheur-au-travail.gif?fit=1200%2C600&ssl=1&resize=1050%2C600 3x"},"classes":[]},{"id":1942,"url":"https:\/\/blog-alexis.monville.com\/en\/2014\/08\/25\/ale-2014-deuxieme-et-troisieme-jour\/","url_meta":{"origin":723,"position":5},"title":"ALE 2014 &#8211; deuxi\u00e8me et troisi\u00e8me jour","author":"Alexis","date":"August 25, 2014","format":false,"excerpt":"Cet article \u00e9voque les deuxi\u00e8me et troisi\u00e8me jour\u00a0de la\u00a0non-conf\u00e9rence 2014\u00a0du\u00a0r\u00e9seau ALE\u00a0(Agile Lean Europe). Le r\u00e9sum\u00e9 du premier jour est ici. Ce deuxi\u00e8me jour de la non-conf\u00e9rence ALE 2014, d\u00e9bute par une session par Josef Scherer, Self-designing Feature Teams @BMW. Pour influer sur la culture d\u2019une grande organisation, Josef explique qu\u2019il\u2026","rel":"","context":"In &quot;Europe&quot;","block_context":{"text":"Europe","link":"https:\/\/blog-alexis.monville.com\/en\/category\/international\/europe\/"},"img":{"alt_text":"","src":"https:\/\/i0.wp.com\/blog-alexis.monville.com\/en\/wp-content\/uploads\/sites\/2\/2014\/08\/2014-08-21-09.05.06-scaled.jpg?fit=1200%2C900&ssl=1&resize=350%2C200","width":350,"height":200,"srcset":"https:\/\/i0.wp.com\/blog-alexis.monville.com\/en\/wp-content\/uploads\/sites\/2\/2014\/08\/2014-08-21-09.05.06-scaled.jpg?fit=1200%2C900&ssl=1&resize=350%2C200 1x, https:\/\/i0.wp.com\/blog-alexis.monville.com\/en\/wp-content\/uploads\/sites\/2\/2014\/08\/2014-08-21-09.05.06-scaled.jpg?fit=1200%2C900&ssl=1&resize=525%2C300 1.5x, https:\/\/i0.wp.com\/blog-alexis.monville.com\/en\/wp-content\/uploads\/sites\/2\/2014\/08\/2014-08-21-09.05.06-scaled.jpg?fit=1200%2C900&ssl=1&resize=700%2C400 2x, https:\/\/i0.wp.com\/blog-alexis.monville.com\/en\/wp-content\/uploads\/sites\/2\/2014\/08\/2014-08-21-09.05.06-scaled.jpg?fit=1200%2C900&ssl=1&resize=1050%2C600 3x"},"classes":[]}],"jetpack_sharing_enabled":true,"_links":{"self":[{"href":"https:\/\/blog-alexis.monville.com\/en\/wp-json\/wp\/v2\/posts\/723","targetHints":{"allow":["GET"]}}],"collection":[{"href":"https:\/\/blog-alexis.monville.com\/en\/wp-json\/wp\/v2\/posts"}],"about":[{"href":"https:\/\/blog-alexis.monville.com\/en\/wp-json\/wp\/v2\/types\/post"}],"author":[{"embeddable":true,"href":"https:\/\/blog-alexis.monville.com\/en\/wp-json\/wp\/v2\/users\/1"}],"replies":[{"embeddable":true,"href":"https:\/\/blog-alexis.monville.com\/en\/wp-json\/wp\/v2\/comments?post=723"}],"version-history":[{"count":1,"href":"https:\/\/blog-alexis.monville.com\/en\/wp-json\/wp\/v2\/posts\/723\/revisions"}],"predecessor-version":[{"id":1721,"href":"https:\/\/blog-alexis.monville.com\/en\/wp-json\/wp\/v2\/posts\/723\/revisions\/1721"}],"wp:attachment":[{"href":"https:\/\/blog-alexis.monville.com\/en\/wp-json\/wp\/v2\/media?parent=723"}],"wp:term":[{"taxonomy":"category","embeddable":true,"href":"https:\/\/blog-alexis.monville.com\/en\/wp-json\/wp\/v2\/categories?post=723"},{"taxonomy":"post_tag","embeddable":true,"href":"https:\/\/blog-alexis.monville.com\/en\/wp-json\/wp\/v2\/tags?post=723"}],"curies":[{"name":"wp","href":"https:\/\/api.w.org\/{rel}","templated":true}]}}