{"id":72,"date":"2007-09-06T20:55:33","date_gmt":"2007-09-06T19:55:33","guid":{"rendered":"http:\/\/alexismonville.wordpress.com\/2007\/09\/06\/l%e2%80%99administration-electronique-levier-de-performance-des-politiques-publiques\/"},"modified":"2007-09-06T20:55:33","modified_gmt":"2007-09-06T19:55:33","slug":"l%e2%80%99administration-electronique-levier-de-performance-des-politiques-publiques","status":"publish","type":"post","link":"https:\/\/blog-alexis.monville.com\/en\/2007\/09\/06\/l%e2%80%99administration-electronique-levier-de-performance-des-politiques-publiques\/","title":{"rendered":"L\u2019administration \u00e9lectronique levier de performance des politiques publiques"},"content":{"rendered":"<p>La <a href=\"http:\/\/www.rgpp.modernisation.gouv.fr\/\" title=\"r\u00e9vision g\u00e9n\u00e9rale des politiques publiques\" target=\"_blank\" id=\"ci6h\">r\u00e9vision g\u00e9n\u00e9rale des politiques publiques<\/a>, lanc\u00e9e le 10 juillet par le Premier ministre, a pour ambition de remettre \u00e0 plat l\u2019ensemble des missions de l\u2019\u00c9tat pour adapter les administrations aux besoins des citoyens.<\/p>\n<p>Le travail d&#8217;audit et d&#8217;\u00e9laboration de propositions se d\u00e9roule jusqu&#8217;en mai 2008, date \u00e0 laquelle le Conseil de la modernisation des politiques publiques adoptera les principales d\u00e9cisions de r\u00e9organisation \u00e0 mettre en oeuvre sur la p\u00e9riode 2009-2011.<\/p>\n<p>Cette r\u00e9vision repr\u00e9sente donc une opportunit\u00e9 de synchronisation des travaux d&#8217;alignement des syst\u00e8mes d&#8217;information sur ces nouvelles politiques publiques que vont mener les minist\u00e8res, synchronisation assortie d&#8217;une mise en commun de ressources afin de traiter en commun les sujets qui peuvent l&#8217;\u00eatre dans le cadre des initiatives du sch\u00e9ma directeur de l&#8217;administration \u00e9lectronique.<\/p>\n<p>Ces 20 initiatives interminist\u00e9rielles sont destin\u00e9es, d&#8217;une part \u00e0 permettre la transformation des services aux usagers (particuliers, entreprises, associations et collectivit\u00e9s) et d&#8217;autre part \u00e0 maximiser l&#8217;usage des ressources sur des sujets techniques ou fonctionnels communs (de la production informatique, en passant par le poste de travail, jusqu&#8217;\u00e0 l&#8217;identit\u00e9 num\u00e9rique ou l&#8217;information g\u00e9ographique).<\/p>\n<p>La prochaine version du sch\u00e9ma directeur administration \u00e9lectronique &#8211; pr\u00e9vue pour le comit\u00e9 des DSI du mois d&#8217;octobre &#8211; devrait prendre en compte ces orientations et montrer les apports des technologies de l&#8217;information et de la communication dans la mise en oeuvre des transformations des politiques publiques.<\/p>\n","protected":false},"excerpt":{"rendered":"<p>La r\u00e9vision g\u00e9n\u00e9rale des politiques publiques, lanc\u00e9e le 10 juillet par le Premier ministre, a pour ambition de remettre \u00e0 plat l\u2019ensemble des missions de l\u2019\u00c9tat pour adapter les administrations aux besoins des citoyens. Le travail d&#8217;audit et d&#8217;\u00e9laboration de propositions se d\u00e9roule jusqu&#8217;en mai 2008, date \u00e0 laquelle le Conseil de la modernisation des [&hellip;]<\/p>\n","protected":false},"author":1,"featured_media":0,"comment_status":"open","ping_status":"open","sticky":false,"template":"","format":"standard","meta":{"advanced_seo_description":"","jetpack_seo_html_title":"","jetpack_seo_noindex":false,"jetpack_post_was_ever_published":false,"_jetpack_newsletter_access":"","_jetpack_dont_email_post_to_subs":false,"_jetpack_newsletter_tier_id":0,"_jetpack_memberships_contains_paywalled_content":false,"_jetpack_memberships_contains_paid_content":false,"footnotes":""},"categories":[1],"tags":[],"class_list":["post-72","post","type-post","status-publish","format-standard","hentry","category-all"],"jetpack_featured_media_url":"","jetpack_shortlink":"https:\/\/wp.me\/paNjQG-1a","jetpack-related-posts":[{"id":78,"url":"https:\/\/blog-alexis.monville.com\/en\/2008\/01\/05\/2008\/","url_meta":{"origin":72,"position":0},"title":"2008","author":"Alexis","date":"January 5, 2008","format":false,"excerpt":"Le 12 d\u00e9cembre 2007, date \u00e0 laquelle s'est tenu le premier conseil de la modernisation des politiques publiques, est une premi\u00e8re \u00e9tape importante de la r\u00e9vision g\u00e9n\u00e9rale des politiques publiques. Afin d\u2019accompagner les minist\u00e8res dans leur transformation en profondeur, le nouveau directeur g\u00e9n\u00e9ral de la modernisation de l\u2019\u00c9tat, Fran\u00e7ois-Daniel Migeon,\u2026","rel":"","context":"In &quot;General&quot;","block_context":{"text":"General","link":"https:\/\/blog-alexis.monville.com\/en\/category\/all\/"},"img":{"alt_text":"","src":"","width":0,"height":0},"classes":[]},{"id":77,"url":"https:\/\/blog-alexis.monville.com\/en\/2007\/12\/06\/la-fin-de-ladministration-electronique\/","url_meta":{"origin":72,"position":1},"title":"La fin de l&#8217;administration \u00e9lectronique","author":"Alexis","date":"December 6, 2007","format":false,"excerpt":"A quelques jours de la fin du programme ADELE 2004\/2007, quelle sera la suite donn\u00e9e ? Est-ce la fin de l'administration \u00e9lectronique ? L'objectif de transformation en profondeur du service public par l'usage des technologies de l'information et de la communication (TIC) a \u00e9t\u00e9 confondu \u00e0 l'origine avec la d\u00e9mat\u00e9rialisation\u2026","rel":"","context":"In &quot;General&quot;","block_context":{"text":"General","link":"https:\/\/blog-alexis.monville.com\/en\/category\/all\/"},"img":{"alt_text":"","src":"","width":0,"height":0},"classes":[]},{"id":61,"url":"https:\/\/blog-alexis.monville.com\/en\/2007\/05\/03\/rencontres-economiques-2\/","url_meta":{"origin":72,"position":2},"title":"Rencontres \u00e9conomiques","author":"Alexis","date":"May 3, 2007","format":false,"excerpt":"LA BCE ET LA POLITIQUE MON\u00c9TAIRE EUROP\u00c9ENNE : BILAN et PERSPECTIVES Stefan Collignon, professeur d\u2019\u00e9conomie politique \u00e0 European Institute, \u00e0 la L.E.S. de Londres Jacques Delpla, conseiller BNP-Paribas, membre du CAE Robert Oph\u00e8le, adjoint au directeur g\u00e9n\u00e9ral des \u00e9tudes et des relations internationales \u00e0 la Banque de France Apr\u00e8s les\u2026","rel":"","context":"In &quot;General&quot;","block_context":{"text":"General","link":"https:\/\/blog-alexis.monville.com\/en\/category\/all\/"},"img":{"alt_text":"","src":"","width":0,"height":0},"classes":[]},{"id":688,"url":"https:\/\/blog-alexis.monville.com\/en\/2009\/11\/21\/acces-aux-donnees-publiques\/","url_meta":{"origin":72,"position":3},"title":"Acc\u00e8s aux donn\u00e9es publiques","author":"Alexis","date":"November 21, 2009","format":false,"excerpt":"La premi\u00e8re fois que j'ai vu\u00a0Hans Rossling d\u00e9voiler des statistiques extraordinaires lors d'une session TED, je me suis dit que \"nous\" tenions une d\u00e9monstration de l'int\u00e9r\u00eat de donner acc\u00e8s aux donn\u00e9es publiques afin que \"nous\" puissions tous les utiliser. Depuis, les choses ont \u00e9volu\u00e9es et de nombreux pays ont fait\u2026","rel":"","context":"In &quot;Interventions&quot;","block_context":{"text":"Interventions","link":"https:\/\/blog-alexis.monville.com\/en\/category\/interventions\/"},"img":{"alt_text":"","src":"https:\/\/i0.wp.com\/lacantine.org\/\/uploads\/9\/opendatcamp_OKV5_R.png?resize=350%2C200","width":350,"height":200},"classes":[]},{"id":558,"url":"https:\/\/blog-alexis.monville.com\/en\/2009\/05\/21\/consultation-publique-sur-linternet-du-futur\/","url_meta":{"origin":72,"position":4},"title":"Consultation publique sur l&#8217;Internet du futur","author":"Alexis","date":"May 21, 2009","format":false,"excerpt":"Assez surprenant cette consultation... Consultation publique sur l\u2019Internet du futur Internet a r\u00e9volutionn\u00e9 tous les secteurs de nos soci\u00e9t\u00e9s, notre mani\u00e8re de communiquer, de nous informer, de nous divertir, de consommer et m\u00eame d\u2019interagir socialement. L\u2019\u00e9volution ou la red\u00e9finition de l\u2019Internet permettront le d\u00e9veloppement de nouveaux services et usages et\u2026","rel":"","context":"In &quot;Explorateurs&quot;","block_context":{"text":"Explorateurs","link":"https:\/\/blog-alexis.monville.com\/en\/category\/explorateurs\/"},"img":{"alt_text":"Internet du futur","src":"https:\/\/i0.wp.com\/www.telecom.gouv.fr\/IMG\/arton2105.jpg?resize=350%2C200","width":350,"height":200},"classes":[]},{"id":103,"url":"https:\/\/blog-alexis.monville.com\/en\/2008\/07\/09\/intelligence-economique\/","url_meta":{"origin":72,"position":5},"title":"Intelligence \u00e9conomique","author":"Alexis","date":"July 9, 2008","format":false,"excerpt":"L\u2019institut de gestion publique et de d\u00e9veloppement \u00e9conomique (IGPDE), organisme de formation interne des deux minist\u00e8res dit \u00ab\u00a0financiers\u00a0\u00bb (Budget, Comptes publics et Fonction publique d\u2019une part Economie, Finances et Emploi d\u2019autre part), a organis\u00e9 une premi\u00e8re session d\u2019initiation \u00e0 l\u2019intelligence \u00e9conomique. Salle comble et nombreuses demandes insatisfaites pr\u00e9sage un succ\u00e8s.\u2026","rel":"","context":"In &quot;General&quot;","block_context":{"text":"General","link":"https:\/\/blog-alexis.monville.com\/en\/category\/all\/"},"img":{"alt_text":"","src":"","width":0,"height":0},"classes":[]}],"jetpack_sharing_enabled":true,"_links":{"self":[{"href":"https:\/\/blog-alexis.monville.com\/en\/wp-json\/wp\/v2\/posts\/72","targetHints":{"allow":["GET"]}}],"collection":[{"href":"https:\/\/blog-alexis.monville.com\/en\/wp-json\/wp\/v2\/posts"}],"about":[{"href":"https:\/\/blog-alexis.monville.com\/en\/wp-json\/wp\/v2\/types\/post"}],"author":[{"embeddable":true,"href":"https:\/\/blog-alexis.monville.com\/en\/wp-json\/wp\/v2\/users\/1"}],"replies":[{"embeddable":true,"href":"https:\/\/blog-alexis.monville.com\/en\/wp-json\/wp\/v2\/comments?post=72"}],"version-history":[{"count":0,"href":"https:\/\/blog-alexis.monville.com\/en\/wp-json\/wp\/v2\/posts\/72\/revisions"}],"wp:attachment":[{"href":"https:\/\/blog-alexis.monville.com\/en\/wp-json\/wp\/v2\/media?parent=72"}],"wp:term":[{"taxonomy":"category","embeddable":true,"href":"https:\/\/blog-alexis.monville.com\/en\/wp-json\/wp\/v2\/categories?post=72"},{"taxonomy":"post_tag","embeddable":true,"href":"https:\/\/blog-alexis.monville.com\/en\/wp-json\/wp\/v2\/tags?post=72"}],"curies":[{"name":"wp","href":"https:\/\/api.w.org\/{rel}","templated":true}]}}