{"id":716,"date":"2010-01-04T08:45:48","date_gmt":"2010-01-04T07:45:48","guid":{"rendered":"https:\/\/blog-alexis.monville.com\/?p=716"},"modified":"2014-01-08T22:18:34","modified_gmt":"2014-01-08T21:18:34","slug":"excellente-annee-2010","status":"publish","type":"post","link":"https:\/\/blog-alexis.monville.com\/en\/2010\/01\/04\/excellente-annee-2010\/","title":{"rendered":"Excellente ann\u00e9e 2010"},"content":{"rendered":"<p style=\"text-align: center\"><a href=\"http:\/\/ayeba.fr\/files\/2010\/01\/2010-ayeba-voeux-anim.swf\"><img data-recalc-dims=\"1\" loading=\"lazy\" decoding=\"async\" data-attachment-id=\"717\" data-permalink=\"https:\/\/blog-alexis.monville.com\/en\/2010\/01\/04\/excellente-annee-2010\/2010-ayeba-voeux-01\/\" data-orig-file=\"https:\/\/i0.wp.com\/blog-alexis.monville.com\/en\/wp-content\/uploads\/sites\/2\/2010\/01\/2010-ayeba-voeux-01.png?fit=640%2C480&amp;ssl=1\" data-orig-size=\"640,480\" data-comments-opened=\"1\" data-image-meta=\"{&quot;aperture&quot;:&quot;0&quot;,&quot;credit&quot;:&quot;&quot;,&quot;camera&quot;:&quot;&quot;,&quot;caption&quot;:&quot;&quot;,&quot;created_timestamp&quot;:&quot;0&quot;,&quot;copyright&quot;:&quot;&quot;,&quot;focal_length&quot;:&quot;0&quot;,&quot;iso&quot;:&quot;0&quot;,&quot;shutter_speed&quot;:&quot;0&quot;,&quot;title&quot;:&quot;&quot;}\" data-image-title=\"2010-ayeba-voeux\" data-image-description=\"\" data-image-caption=\"\" data-large-file=\"https:\/\/i0.wp.com\/blog-alexis.monville.com\/en\/wp-content\/uploads\/sites\/2\/2010\/01\/2010-ayeba-voeux-01.png?fit=640%2C480&amp;ssl=1\" class=\"aligncenter size-full wp-image-717\" src=\"https:\/\/i0.wp.com\/blog-alexis.monville.com\/wp-content\/uploads\/sites\/2\/2010\/01\/2010-ayeba-voeux-01.png?resize=640%2C480&#038;ssl=1\" alt=\"2010-ayeba-voeux\" width=\"640\" height=\"480\" srcset=\"https:\/\/i0.wp.com\/blog-alexis.monville.com\/en\/wp-content\/uploads\/sites\/2\/2010\/01\/2010-ayeba-voeux-01.png?w=640&amp;ssl=1 640w, https:\/\/i0.wp.com\/blog-alexis.monville.com\/en\/wp-content\/uploads\/sites\/2\/2010\/01\/2010-ayeba-voeux-01.png?resize=300%2C225&amp;ssl=1 300w\" sizes=\"auto, (max-width: 640px) 100vw, 640px\" \/><\/a><\/p>\n<p>Je souhaite une excellente ann\u00e9e 2010 !<\/p>\n<p>J&#8217;en profite pour faire de la pub en utilisant la carte de voeux d&#8217;<a href=\"http:\/\/ayeba.fr\" target=\"_blank\">ayeba<\/a> !<\/p>\n","protected":false},"excerpt":{"rendered":"<p>Je souhaite une excellente ann\u00e9e 2010 ! J&#8217;en profite pour faire de la pub en utilisant la carte de voeux d&#8217;ayeba !<\/p>\n","protected":false},"author":1,"featured_media":0,"comment_status":"open","ping_status":"open","sticky":false,"template":"","format":"standard","meta":{"advanced_seo_description":"","jetpack_seo_html_title":"","jetpack_seo_noindex":false,"jetpack_post_was_ever_published":false,"_jetpack_newsletter_access":"","_jetpack_dont_email_post_to_subs":false,"_jetpack_newsletter_tier_id":0,"_jetpack_memberships_contains_paywalled_content":false,"_jetpack_memberships_contains_paid_content":false,"footnotes":""},"categories":[1],"tags":[],"class_list":["post-716","post","type-post","status-publish","format-standard","hentry","category-all"],"jetpack_featured_media_url":"","jetpack_shortlink":"https:\/\/wp.me\/paNjQG-by","jetpack-related-posts":[{"id":1507,"url":"https:\/\/blog-alexis.monville.com\/en\/2013\/02\/01\/tyrannie-de-la-couleur\/","url_meta":{"origin":716,"position":0},"title":"Tyrannie de la couleur","author":"Alexis","date":"February 1, 2013","format":false,"excerpt":"Cette fois c'est fait ! Il est maintenant officiellement trop tard pour que je puisse \u00e9crire un article pour vous souhaiter une excellente ann\u00e9e 2013... Mais voil\u00e0, je transgresse et vous souhaite une ann\u00e9e 2013 remplie de sant\u00e9 et de bonheur. La tyrannie de l'arc-en-ciel, est un des livres que\u2026","rel":"","context":"In &quot;General&quot;","block_context":{"text":"General","link":"https:\/\/blog-alexis.monville.com\/en\/category\/all\/"},"img":{"alt_text":"tyrannie-couleur","src":"https:\/\/i0.wp.com\/blog-alexis.monville.com\/wp-content\/uploads\/sites\/2\/2013\/02\/tyrannie-couleur.jpg?resize=350%2C200&ssl=1","width":350,"height":200},"classes":[]},{"id":769,"url":"https:\/\/blog-alexis.monville.com\/en\/2010\/02\/11\/les-cartes-heuristiques\/","url_meta":{"origin":716,"position":1},"title":"Les cartes heuristiques","author":"Alexis","date":"February 11, 2010","format":false,"excerpt":"Je demande \u00e0 Wikipedia un peu d'aide pour commencer cet article : \"Une carte heuristique (du grec ancien \u03b5\u1f51\u03c1\u03af\u03c3\u03ba\u03c9, eurisko, \u00ab je trouve \u00bb ), \u00e9galement appel\u00e9e mind map en anglais, carte des id\u00e9es, sch\u00e9ma de pens\u00e9e, carte mentale, arbre \u00e0 id\u00e9es ou topogramme, est un diagramme qui repr\u00e9sente les\u2026","rel":"","context":"In &quot;General&quot;","block_context":{"text":"General","link":"https:\/\/blog-alexis.monville.com\/en\/category\/all\/"},"img":{"alt_text":"","src":"https:\/\/i0.wp.com\/blog-alexis.monville.com\/files\/2010\/02\/carte-petillant-300x210.png?resize=350%2C200&ssl=1","width":350,"height":200},"classes":[]},{"id":1018,"url":"https:\/\/blog-alexis.monville.com\/en\/2011\/01\/02\/tous-mes-voeux-pour-2011\/","url_meta":{"origin":716,"position":2},"title":"Tous mes voeux pour 2011","author":"Alexis","date":"January 2, 2011","format":false,"excerpt":"Recevez tous mes voeux pour cette nouvelle ann\u00e9e. Je vous souhaite le meilleur pour 2011. Je relaie \u00e0 pr\u00e9sent la parole d'un plus ancien, ou d'un plus jeune par sa capacit\u00e9 d'engagement, parole \u00e0 Monsieur St\u00e9phane Hessel. Les v\u0153ux de St\u00e9phane Hessel pour 2011 sur Mediapartenvoy\u00e9 par Mediapart. - L'actualit\u00e9\u2026","rel":"","context":"In &quot;General&quot;","block_context":{"text":"General","link":"https:\/\/blog-alexis.monville.com\/en\/category\/all\/"},"img":{"alt_text":"","src":"","width":0,"height":0},"classes":[]},{"id":1990,"url":"https:\/\/blog-alexis.monville.com\/en\/2015\/01\/20\/lannee-du-bonheur\/","url_meta":{"origin":716,"position":3},"title":"L&#8217;ann\u00e9e du bonheur","author":"Alexis","date":"January 20, 2015","format":false,"excerpt":"Nous sommes au d\u00e9but d\u2019une nouvelle ann\u00e9e, la p\u00e9riode ou l\u2019on se souhaite une bonne et heureuse ann\u00e9e, la p\u00e9riode ou l'on prend de (nouvelles) bonnes r\u00e9solutions... Et si cette r\u00e9flexion dans le choix de vos r\u00e9solutions vous conduisait \u00e0 choisir d'\u00eatre heureux ? Je vous souhaite d\u2019\u00eatre heureux bien\u2026","rel":"","context":"In &quot;livre&quot;","block_context":{"text":"livre","link":"https:\/\/blog-alexis.monville.com\/en\/category\/livre\/"},"img":{"alt_text":"HowofHappiness-cover","src":"https:\/\/i0.wp.com\/blog-alexis.monville.com\/wp-content\/uploads\/sites\/2\/2015\/01\/HowofHappiness-cover.jpg?resize=350%2C200&ssl=1","width":350,"height":200},"classes":[]},{"id":738,"url":"https:\/\/blog-alexis.monville.com\/en\/2010\/01\/31\/tedxparis\/","url_meta":{"origin":716,"position":4},"title":"TEDxParis","author":"Alexis","date":"January 31, 2010","format":false,"excerpt":"Le 30 janvier 2010 se d\u00e9roulait \u00e0 l'Espace Pierre Cardin une premi\u00e8re \u00e9dition de TEDxParis. 18 interventions dans diff\u00e9rents domaines, musique, art, architecture, soci\u00e9t\u00e9, science, psychanalyse, entreprise, journaliste, cette liste n'\u00e9tant ni exclusive, ni exhaustive... Une retransmission en direct a permis aux personnes ne pouvant participer physiquement de suivre les\u2026","rel":"","context":"In &quot;General&quot;","block_context":{"text":"General","link":"https:\/\/blog-alexis.monville.com\/en\/category\/all\/"},"img":{"alt_text":"","src":"https:\/\/i0.wp.com\/www.tedxparis.com\/sites\/default\/files\/zen_classic_logo.jpg?resize=350%2C200","width":350,"height":200},"classes":[]},{"id":78,"url":"https:\/\/blog-alexis.monville.com\/en\/2008\/01\/05\/2008\/","url_meta":{"origin":716,"position":5},"title":"2008","author":"Alexis","date":"January 5, 2008","format":false,"excerpt":"Le 12 d\u00e9cembre 2007, date \u00e0 laquelle s'est tenu le premier conseil de la modernisation des politiques publiques, est une premi\u00e8re \u00e9tape importante de la r\u00e9vision g\u00e9n\u00e9rale des politiques publiques. Afin d\u2019accompagner les minist\u00e8res dans leur transformation en profondeur, le nouveau directeur g\u00e9n\u00e9ral de la modernisation de l\u2019\u00c9tat, Fran\u00e7ois-Daniel Migeon,\u2026","rel":"","context":"In &quot;General&quot;","block_context":{"text":"General","link":"https:\/\/blog-alexis.monville.com\/en\/category\/all\/"},"img":{"alt_text":"","src":"","width":0,"height":0},"classes":[]}],"jetpack_sharing_enabled":true,"_links":{"self":[{"href":"https:\/\/blog-alexis.monville.com\/en\/wp-json\/wp\/v2\/posts\/716","targetHints":{"allow":["GET"]}}],"collection":[{"href":"https:\/\/blog-alexis.monville.com\/en\/wp-json\/wp\/v2\/posts"}],"about":[{"href":"https:\/\/blog-alexis.monville.com\/en\/wp-json\/wp\/v2\/types\/post"}],"author":[{"embeddable":true,"href":"https:\/\/blog-alexis.monville.com\/en\/wp-json\/wp\/v2\/users\/1"}],"replies":[{"embeddable":true,"href":"https:\/\/blog-alexis.monville.com\/en\/wp-json\/wp\/v2\/comments?post=716"}],"version-history":[{"count":1,"href":"https:\/\/blog-alexis.monville.com\/en\/wp-json\/wp\/v2\/posts\/716\/revisions"}],"predecessor-version":[{"id":1722,"href":"https:\/\/blog-alexis.monville.com\/en\/wp-json\/wp\/v2\/posts\/716\/revisions\/1722"}],"wp:attachment":[{"href":"https:\/\/blog-alexis.monville.com\/en\/wp-json\/wp\/v2\/media?parent=716"}],"wp:term":[{"taxonomy":"category","embeddable":true,"href":"https:\/\/blog-alexis.monville.com\/en\/wp-json\/wp\/v2\/categories?post=716"},{"taxonomy":"post_tag","embeddable":true,"href":"https:\/\/blog-alexis.monville.com\/en\/wp-json\/wp\/v2\/tags?post=716"}],"curies":[{"name":"wp","href":"https:\/\/api.w.org\/{rel}","templated":true}]}}