{"id":711,"date":"2009-12-31T14:13:24","date_gmt":"2009-12-31T13:13:24","guid":{"rendered":"https:\/\/blog-alexis.monville.com\/?p=711"},"modified":"2014-01-08T22:18:43","modified_gmt":"2014-01-08T21:18:43","slug":"le-facteur-humain","status":"publish","type":"post","link":"https:\/\/blog-alexis.monville.com\/en\/2009\/12\/31\/le-facteur-humain\/","title":{"rendered":"Le facteur humain"},"content":{"rendered":"<p>La lecture d&#8217;un billet r\u00e9cent du FramaBlog me donne l&#8217;envie de terminer 2009 en parlant \u00e0 nouveau du th\u00e8me qui m&#8217;int\u00e9resse probablement le plus : l&#8217;\u00e9volution des modes d&#8217;organisation. Ce th\u00e8me avait \u00e9t\u00e9 abord\u00e9 lors de la conf\u00e9rence <a href=\"http:\/\/ayeba.fr\/2009\/10\/04\/le-facteur-humain-au-coeur-de-lindustrie-du-logiciel-libreles\/\" target=\"_blank\">Le facteur humain&#8230; au coeur de l&#8217;industrie du logiciel libre<\/a> organis\u00e9e lors de l&#8217;OpenWorldForum en octobre 2009.<\/p>\n<p>Le billet en question ?<\/p>\n<p><a href=\"http:\/\/www.framablog.org\/index.php\/post\/2009\/12\/28\/meritocratie-logiciel-libre-open-source\" target=\"_blank\">Le logiciel libre et le mythe de la m\u00e9ritocratie<\/a> qui vous emm\u00e8nera \u00e0 lire aussi celui-ci,\u00a0<a href=\"http:\/\/www.framablog.org\/index.php\/post\/2009\/11\/23\/logiciel-libre-theories-intelligence-collective-sebastien-broca#c11558\" target=\"_blank\">S\u00e9bastien Broca : Du logiciel libre aux th\u00e9ories de l\u2019intelligence collective<\/a>&#8230; La qualit\u00e9 des contributions n&#8217;est pas suffisante \u00e0 la reconnaissance des contributeurs, il faut encore que ces contributeurs sachent le faire savoir&#8230; Ce qui revient \u00e0 dire que comme dans de nombreux mod\u00e8les d&#8217;organisation certains n&#8217;ont que la qualit\u00e9 de &#8220;faire savoir&#8221; et pas de &#8220;faire&#8221; et que cela peut leur suffire&#8230;<\/p>\n<p>Pour approfondir, regardez\u00a0aussi les derniers r\u00e9sultats de <a href=\"http:\/\/www.flosspols.org\/\" target=\"_blank\">Flosspols<\/a> sur l&#8217;impact du genre&#8230;<\/p>\n<p>On m\u00e9dite la dessus et on pr\u00e9pare une nouvelle session sur le facteur humain en 2010 ? Contributions bienvenues !<\/p>\n","protected":false},"excerpt":{"rendered":"<p>La lecture d&#8217;un billet r\u00e9cent du FramaBlog me donne l&#8217;envie de terminer 2009 en parlant \u00e0 nouveau du th\u00e8me qui m&#8217;int\u00e9resse probablement le plus : l&#8217;\u00e9volution des modes d&#8217;organisation. Ce th\u00e8me avait \u00e9t\u00e9 abord\u00e9 lors de la conf\u00e9rence Le facteur humain&#8230; au coeur de l&#8217;industrie du logiciel libre organis\u00e9e lors de l&#8217;OpenWorldForum en octobre 2009. [&hellip;]<\/p>\n","protected":false},"author":1,"featured_media":0,"comment_status":"open","ping_status":"open","sticky":false,"template":"","format":"standard","meta":{"advanced_seo_description":"","jetpack_seo_html_title":"","jetpack_seo_noindex":false,"jetpack_post_was_ever_published":false,"_jetpack_newsletter_access":"","_jetpack_dont_email_post_to_subs":false,"_jetpack_newsletter_tier_id":0,"_jetpack_memberships_contains_paywalled_content":false,"_jetpack_memberships_contains_paid_content":false,"footnotes":""},"categories":[1],"tags":[276],"class_list":["post-711","post","type-post","status-publish","format-standard","hentry","category-all","tag-logiciel-libre"],"jetpack_featured_media_url":"","jetpack_shortlink":"https:\/\/wp.me\/paNjQG-bt","jetpack-related-posts":[{"id":662,"url":"https:\/\/blog-alexis.monville.com\/en\/2009\/10\/04\/conference-sur-le-facteur-humain\/","url_meta":{"origin":711,"position":0},"title":"Conf\u00e9rence sur le facteur humain","author":"Alexis","date":"October 4, 2009","format":false,"excerpt":"Je reprend ici un billet publi\u00e9 sur ayeba.fr. Ce vendredi 2 octobre 2009, de 14h \u00e0 16h, se d\u00e9roulait lors de l'OpenWorldForum, la conf\u00e9rence : \"le facteur humain... au coeur de l'industrie du logiciel libre\". Une conf\u00e9rence pour aborder le facteur humain au coeur du succ\u00e8s du logiciel libre !\u2026","rel":"","context":"In &quot;ayeba&quot;","block_context":{"text":"ayeba","link":"https:\/\/blog-alexis.monville.com\/en\/category\/ayeba\/"},"img":{"alt_text":"","src":"https:\/\/i0.wp.com\/farm3.static.flickr.com\/2440\/3979097399_d3d66d6cdb_m.jpg?resize=350%2C200","width":350,"height":200},"classes":[]},{"id":643,"url":"https:\/\/blog-alexis.monville.com\/en\/2009\/09\/02\/le-facteur-humain-coeur-de-lindustrie-du-logiciel-libre\/","url_meta":{"origin":711,"position":1},"title":"Le facteur humain&#8230; coeur de l&#8217;Industrie du logiciel libre","author":"Alexis","date":"September 2, 2009","format":false,"excerpt":"Paris, le 2 octobre 2009, dans le cadre du forum mondial du libre (Open World Forum) se tiendra la conf\u00e9rence : \"Le facteur humain... coeur de l'Industrie du logiciel libre.\" Comment la dimension humaine collaborative et le mode de croissance organique du Logiciel Libre peuvent transformer en profondeur le monde\u2026","rel":"","context":"In &quot;ayeba&quot;","block_context":{"text":"ayeba","link":"https:\/\/blog-alexis.monville.com\/en\/category\/ayeba\/"},"img":{"alt_text":"OWF 2009","src":"http:\/\/openworldforum.org\/owf\/portal\/contact\/OWF_200x216.jpg\/image_preview","width":350,"height":200},"classes":[]},{"id":634,"url":"https:\/\/blog-alexis.monville.com\/en\/2009\/08\/01\/owf-owf2009le-facteur-humain-au-coeur-de-lindustrie-du-logiciel-libre\/","url_meta":{"origin":711,"position":2},"title":"Le facteur humain&#8230; au coeur de l&#8217;industrie du logiciel libre","author":"Alexis","date":"August 1, 2009","format":false,"excerpt":"Le FLOSS, l'OpenSource, le logiciel libre... Un truc de geek, de techos, de chevelus... Cette image est bien sur erron\u00e9e et les Directeurs des Syst\u00e8mes d'Information qui ont adopt\u00e9s des solutions sous licences libres se sont \u00e9galement fait les farouches partisants d'un mod\u00e8le qui leur permet de reprendre la ma\u00eetrise\u2026","rel":"","context":"In &quot;Interventions&quot;","block_context":{"text":"Interventions","link":"https:\/\/blog-alexis.monville.com\/en\/category\/interventions\/"},"img":{"alt_text":"OWF 2009","src":"http:\/\/openworldforum.org\/owf\/portal\/contact\/OWF_200x216.jpg\/image_preview","width":350,"height":200},"classes":[]},{"id":666,"url":"https:\/\/blog-alexis.monville.com\/en\/2009\/10\/17\/appel-a-communication-pour-solutions-linux-2010\/","url_meta":{"origin":711,"position":3},"title":"Appel \u00e0 communication pour Solutions Linux 2010","author":"Alexis","date":"October 17, 2009","format":false,"excerpt":"Une conf\u00e9rence gratuite \"L'administration et le libre\" est propos\u00e9e lors de la prochaine \u00e9dition du salon Solutions Linux qui se d\u00e9roulera du 16 au 18 mars 2010. L'appel \u00e0 communication est publi\u00e9 et vous avez jusqu'au 6 novembre pour proposer vos interventions Pour en savoir plus vous pouvez consulter les\u2026","rel":"","context":"In &quot;International&quot;","block_context":{"text":"International","link":"https:\/\/blog-alexis.monville.com\/en\/category\/international\/"},"img":{"alt_text":"image001","src":"https:\/\/i0.wp.com\/blog-alexis.monville.com\/wp-content\/uploads\/sites\/2\/2009\/10\/image001.jpg?resize=350%2C200&ssl=1","width":350,"height":200},"classes":[]},{"id":20,"url":"https:\/\/blog-alexis.monville.com\/en\/2006\/06\/25\/dele\/","url_meta":{"origin":711,"position":4},"title":"Groupe de Travail Franco-Chinois sur les logiciels libres","author":"Alexis","date":"June 25, 2006","format":false,"excerpt":"Membre de la d\u00e9l\u00e9gation fran\u00e7aise lors du d\u00e9placement en Chine du 17 au 25 juin 2006. L'objet principal du d\u00e9placement \u00e9tait la r\u00e9union du Groupe de travail franco-chinois sur les logiciels libres initi\u00e9 suite \u00e0 la signature de l'accord de coop\u00e9ration pour promouvoir l'usage et le d\u00e9veloppement des logiciels libres\u2026","rel":"","context":"In &quot;International&quot;","block_context":{"text":"International","link":"https:\/\/blog-alexis.monville.com\/en\/category\/international\/"},"img":{"alt_text":"","src":"","width":0,"height":0},"classes":[]},{"id":1801,"url":"https:\/\/blog-alexis.monville.com\/en\/2014\/03\/07\/soutenez-le-developpement-du-logiciel-libre\/","url_meta":{"origin":711,"position":5},"title":"Soutenez le d\u00e9veloppement du logiciel libre","author":"Alexis","date":"March 7, 2014","format":false,"excerpt":"En lisant ce billet, vous pouvez \u00eatre dans plusieurs situations : Vous connaissez le logiciel libre, vous en utilisez, et vous ne voyez pas pourquoi il est n\u00e9cessaire de le soutenir, Vous connaissez le logiciel libre, mais ne voyez pas pourquoi il est n\u00e9cessaire d'agir pour le promouvoir et parfois\u2026","rel":"","context":"In &quot;General&quot;","block_context":{"text":"General","link":"https:\/\/blog-alexis.monville.com\/en\/category\/all\/"},"img":{"alt_text":"Priorit\u00e9 au Logiciel Libre! Je soutiens l'April.","src":"https:\/\/i0.wp.com\/april.org\/campagne\/images\/priorite-logiciel-libre-je-soutiens-april_p.png?resize=350%2C200","width":350,"height":200},"classes":[]}],"jetpack_sharing_enabled":true,"_links":{"self":[{"href":"https:\/\/blog-alexis.monville.com\/en\/wp-json\/wp\/v2\/posts\/711","targetHints":{"allow":["GET"]}}],"collection":[{"href":"https:\/\/blog-alexis.monville.com\/en\/wp-json\/wp\/v2\/posts"}],"about":[{"href":"https:\/\/blog-alexis.monville.com\/en\/wp-json\/wp\/v2\/types\/post"}],"author":[{"embeddable":true,"href":"https:\/\/blog-alexis.monville.com\/en\/wp-json\/wp\/v2\/users\/1"}],"replies":[{"embeddable":true,"href":"https:\/\/blog-alexis.monville.com\/en\/wp-json\/wp\/v2\/comments?post=711"}],"version-history":[{"count":1,"href":"https:\/\/blog-alexis.monville.com\/en\/wp-json\/wp\/v2\/posts\/711\/revisions"}],"predecessor-version":[{"id":1723,"href":"https:\/\/blog-alexis.monville.com\/en\/wp-json\/wp\/v2\/posts\/711\/revisions\/1723"}],"wp:attachment":[{"href":"https:\/\/blog-alexis.monville.com\/en\/wp-json\/wp\/v2\/media?parent=711"}],"wp:term":[{"taxonomy":"category","embeddable":true,"href":"https:\/\/blog-alexis.monville.com\/en\/wp-json\/wp\/v2\/categories?post=711"},{"taxonomy":"post_tag","embeddable":true,"href":"https:\/\/blog-alexis.monville.com\/en\/wp-json\/wp\/v2\/tags?post=711"}],"curies":[{"name":"wp","href":"https:\/\/api.w.org\/{rel}","templated":true}]}}