{"id":70,"date":"2007-06-26T20:49:59","date_gmt":"2007-06-26T19:49:59","guid":{"rendered":"http:\/\/alexismonville.wordpress.com\/2007\/06\/26\/schema-directeur-administration-electronique-2006-2010\/"},"modified":"2007-06-26T20:49:59","modified_gmt":"2007-06-26T19:49:59","slug":"schema-directeur-administration-electronique-2006-2010","status":"publish","type":"post","link":"https:\/\/blog-alexis.monville.com\/en\/2007\/06\/26\/schema-directeur-administration-electronique-2006-2010\/","title":{"rendered":"Sch\u00e9ma directeur administration \u00e9lectronique 2006-2010"},"content":{"rendered":"<p>La version b\u00e9ta2 du sch\u00e9ma directeur administration \u00e9lectronique 2006-2010 vient d&#8217;\u00eatre publi\u00e9e. Cette version int\u00e8gre les retours des partenaires sur les parties g\u00e9n\u00e9rales, les travaux sur les indicateurs et les mises \u00e0 jour des Initiatives seront int\u00e9gr\u00e9s dans la version pr\u00e9vue pour le mois de septembre.<\/p>\n<p>A d\u00e9couvrir sur <a href=\"http:\/\/synergies.modernisation.gouv.fr\/article.php3?id_article=608\" target=\"_blank\">Synergies<\/a> !<\/p>\n","protected":false},"excerpt":{"rendered":"<p>La version b\u00e9ta2 du sch\u00e9ma directeur administration \u00e9lectronique 2006-2010 vient d&#8217;\u00eatre publi\u00e9e. Cette version int\u00e8gre les retours des partenaires sur les parties g\u00e9n\u00e9rales, les travaux sur les indicateurs et les mises \u00e0 jour des Initiatives seront int\u00e9gr\u00e9s dans la version pr\u00e9vue pour le mois de septembre. A d\u00e9couvrir sur Synergies !<\/p>\n","protected":false},"author":1,"featured_media":0,"comment_status":"open","ping_status":"open","sticky":false,"template":"","format":"standard","meta":{"advanced_seo_description":"","jetpack_seo_html_title":"","jetpack_seo_noindex":false,"jetpack_post_was_ever_published":false,"_jetpack_newsletter_access":"","_jetpack_dont_email_post_to_subs":false,"_jetpack_newsletter_tier_id":0,"_jetpack_memberships_contains_paywalled_content":false,"_jetpack_memberships_contains_paid_content":false,"footnotes":""},"categories":[1],"tags":[],"class_list":["post-70","post","type-post","status-publish","format-standard","hentry","category-all"],"jetpack_featured_media_url":"","jetpack_shortlink":"https:\/\/wp.me\/paNjQG-18","jetpack-related-posts":[{"id":15,"url":"https:\/\/blog-alexis.monville.com\/en\/2006\/05\/17\/enact-nancy-schema-directeur-administration-electronique\/","url_meta":{"origin":70,"position":0},"title":"ENACT Nancy &#8211; Sch\u00e9ma Directeur Administration Electronique","author":"Alexis","date":"May 17, 2006","format":false,"excerpt":"Invit\u00e9 \u00e0 d\u00e9vlivrer 2 jours de formation (16 et 17 mai 2006) sur la construction d'un Sch\u00e9ma Directeur Administration Electronique \u00e0 l'ENACT de Nancy , j'ai pr\u00e9sent\u00e9 la m\u00e9thodologie d'\u00e9laboration g\u00e9n\u00e9rale et coordonn\u00e9 les interventions de trois autres intervenants : Bruno Jacquemin, Directeur G\u00e9n\u00e9ral de la CCI du Loiret, R\u00e9mi\u2026","rel":"","context":"In &quot;Interventions&quot;","block_context":{"text":"Interventions","link":"https:\/\/blog-alexis.monville.com\/en\/category\/interventions\/"},"img":{"alt_text":"","src":"","width":0,"height":0},"classes":[]},{"id":54,"url":"https:\/\/blog-alexis.monville.com\/en\/2007\/03\/17\/schema-directeur-adele-2006-2010\/","url_meta":{"origin":70,"position":1},"title":"Sch\u00e9ma Directeur ADELE 2006-2010","author":"Alexis","date":"March 17, 2007","format":false,"excerpt":"Une premi\u00e8re \u00e9tape dans le d\u00e9veloppement de l'usage des technologies de l'information et de la communication par les administrations est franchie avec la publication de la version \"b\u00e9ta 1\" du sch\u00e9ma directeur ADELE 2006-2010. A d\u00e9couvrir d\u00e9s maintenant sur Synergies !","rel":"","context":"In &quot;General&quot;","block_context":{"text":"General","link":"https:\/\/blog-alexis.monville.com\/en\/category\/all\/"},"img":{"alt_text":"","src":"","width":0,"height":0},"classes":[]},{"id":56,"url":"https:\/\/blog-alexis.monville.com\/en\/2007\/05\/13\/enact-nancy-schema-directeur-administration-electronique-2\/","url_meta":{"origin":70,"position":2},"title":"ENACT Nancy &#8211; Sch\u00e9ma directeur administration \u00e9lectronique","author":"Alexis","date":"May 13, 2007","format":false,"excerpt":"Deuxi\u00e8me session de formation (10 et 11 mai 2007) sur l'\u00e9laboration d'un sch\u00e9ma directeur administration \u00e9lectronique que j'ai coordonn\u00e9 pour l'ENACT de Nancy. Trois intervenants compl\u00e8tent la session de leurs retours d'exp\u00e9riences : Bruno Jacquemin, Directeur G\u00e9n\u00e9ral de la CCI du Loiret, R\u00e9mi Heim, DSI du Conseil G\u00e9n\u00e9ral du Bas-Rhin,\u2026","rel":"","context":"In &quot;Interventions&quot;","block_context":{"text":"Interventions","link":"https:\/\/blog-alexis.monville.com\/en\/category\/interventions\/"},"img":{"alt_text":"","src":"","width":0,"height":0},"classes":[]},{"id":72,"url":"https:\/\/blog-alexis.monville.com\/en\/2007\/09\/06\/l%e2%80%99administration-electronique-levier-de-performance-des-politiques-publiques\/","url_meta":{"origin":70,"position":3},"title":"L\u2019administration \u00e9lectronique levier de performance des politiques publiques","author":"Alexis","date":"September 6, 2007","format":false,"excerpt":"La r\u00e9vision g\u00e9n\u00e9rale des politiques publiques, lanc\u00e9e le 10 juillet par le Premier ministre, a pour ambition de remettre \u00e0 plat l\u2019ensemble des missions de l\u2019\u00c9tat pour adapter les administrations aux besoins des citoyens. Le travail d'audit et d'\u00e9laboration de propositions se d\u00e9roule jusqu'en mai 2008, date \u00e0 laquelle le\u2026","rel":"","context":"In &quot;General&quot;","block_context":{"text":"General","link":"https:\/\/blog-alexis.monville.com\/en\/category\/all\/"},"img":{"alt_text":"","src":"","width":0,"height":0},"classes":[]},{"id":47,"url":"https:\/\/blog-alexis.monville.com\/en\/2006\/12\/25\/adieu-2006-bonjour-2007\/","url_meta":{"origin":70,"position":4},"title":"Adieu 2006\u2026 Bonjour 2007 !","author":"Alexis","date":"December 25, 2006","format":false,"excerpt":"2006 va se terminer, c'est \u00e9videment l'heure r\u00eav\u00e9e pour un bilan qui servira \u00e0 pr\u00e9parer au mieux 2007 ! L'ann\u00e9e a commenc\u00e9 avec une nouvelle direction g\u00e9n\u00e9rale de la modernisation de l'\u00e9tat du minist\u00e8re de l'\u00e9conomie, des finances et de l'industrie pour prendre en charge le d\u00e9veloppement de l'administration \u00e9lectronique\u2026","rel":"","context":"In &quot;General&quot;","block_context":{"text":"General","link":"https:\/\/blog-alexis.monville.com\/en\/category\/all\/"},"img":{"alt_text":"","src":"","width":0,"height":0},"classes":[]},{"id":24,"url":"https:\/\/blog-alexis.monville.com\/en\/2006\/09\/14\/synergies-%e2%80%93-les-ressources-d%e2%80%99adele-est-ce-l%e2%80%99administration-electronique-20\/","url_meta":{"origin":70,"position":5},"title":"Synergies \u2013 les ressources d\u2019ADELE, est-ce l\u2019Administration \u00e9lectronique 2.0 ?","author":"Alexis","date":"September 14, 2006","format":false,"excerpt":"La relation entre l\u2019Administration \u00e9lectronique et l\u2019expression de Dale Dougherty, web 2.0, popularis\u00e9e par Tim O\u2019Reilly ne vous appara\u00eet pas comme \u00e9vidente ? Est-ce une fa\u00e7on de r\u00e9cup\u00e9rer un concept \u00e0 la mode pour donner une image moderne \u00e0 notre Administration ? La liaison est bien r\u00e9elle et l\u2019utilisation de\u2026","rel":"","context":"In &quot;General&quot;","block_context":{"text":"General","link":"https:\/\/blog-alexis.monville.com\/en\/category\/all\/"},"img":{"alt_text":"","src":"","width":0,"height":0},"classes":[]}],"jetpack_sharing_enabled":true,"_links":{"self":[{"href":"https:\/\/blog-alexis.monville.com\/en\/wp-json\/wp\/v2\/posts\/70","targetHints":{"allow":["GET"]}}],"collection":[{"href":"https:\/\/blog-alexis.monville.com\/en\/wp-json\/wp\/v2\/posts"}],"about":[{"href":"https:\/\/blog-alexis.monville.com\/en\/wp-json\/wp\/v2\/types\/post"}],"author":[{"embeddable":true,"href":"https:\/\/blog-alexis.monville.com\/en\/wp-json\/wp\/v2\/users\/1"}],"replies":[{"embeddable":true,"href":"https:\/\/blog-alexis.monville.com\/en\/wp-json\/wp\/v2\/comments?post=70"}],"version-history":[{"count":0,"href":"https:\/\/blog-alexis.monville.com\/en\/wp-json\/wp\/v2\/posts\/70\/revisions"}],"wp:attachment":[{"href":"https:\/\/blog-alexis.monville.com\/en\/wp-json\/wp\/v2\/media?parent=70"}],"wp:term":[{"taxonomy":"category","embeddable":true,"href":"https:\/\/blog-alexis.monville.com\/en\/wp-json\/wp\/v2\/categories?post=70"},{"taxonomy":"post_tag","embeddable":true,"href":"https:\/\/blog-alexis.monville.com\/en\/wp-json\/wp\/v2\/tags?post=70"}],"curies":[{"name":"wp","href":"https:\/\/api.w.org\/{rel}","templated":true}]}}