{"id":698,"date":"2009-12-13T14:24:32","date_gmt":"2009-12-13T12:24:32","guid":{"rendered":"https:\/\/blog-alexis.monville.com\/?p=698"},"modified":"2009-12-13T14:24:32","modified_gmt":"2009-12-13T12:24:32","slug":"nos-deputes","status":"publish","type":"post","link":"https:\/\/blog-alexis.monville.com\/en\/2009\/12\/13\/nos-deputes\/","title":{"rendered":"Nos D\u00e9put\u00e9s"},"content":{"rendered":"<p><a href=\"http:\/\/spreadsheets.google.com\/ccc?key=0AkQYwNZDuURUdG44bkFOZ2hjTTFXOHk2RHZWMGdORHc&amp;hl=fr\"><img data-recalc-dims=\"1\" loading=\"lazy\" decoding=\"async\" data-attachment-id=\"699\" data-permalink=\"https:\/\/blog-alexis.monville.com\/en\/2009\/12\/13\/nos-deputes\/nodeputes-fr\/\" data-orig-file=\"https:\/\/i0.wp.com\/blog-alexis.monville.com\/en\/wp-content\/uploads\/sites\/2\/2009\/12\/nodeputes.fr_.png?fit=400%2C155&amp;ssl=1\" data-orig-size=\"400,155\" data-comments-opened=\"1\" data-image-meta=\"{&quot;aperture&quot;:&quot;0&quot;,&quot;credit&quot;:&quot;&quot;,&quot;camera&quot;:&quot;&quot;,&quot;caption&quot;:&quot;&quot;,&quot;created_timestamp&quot;:&quot;0&quot;,&quot;copyright&quot;:&quot;&quot;,&quot;focal_length&quot;:&quot;0&quot;,&quot;iso&quot;:&quot;0&quot;,&quot;shutter_speed&quot;:&quot;0&quot;,&quot;title&quot;:&quot;&quot;}\" data-image-title=\"nodeputes.fr\" data-image-description=\"\" data-image-caption=\"\" data-large-file=\"https:\/\/i0.wp.com\/blog-alexis.monville.com\/en\/wp-content\/uploads\/sites\/2\/2009\/12\/nodeputes.fr_.png?fit=400%2C155&amp;ssl=1\" class=\"alignleft size-full wp-image-699\" src=\"https:\/\/i0.wp.com\/blog-alexis.monville.com\/wp-content\/uploads\/sites\/2\/2009\/12\/nodeputes.fr_.png?resize=400%2C155&#038;ssl=1\" alt=\"nodeputes.fr\" width=\"400\" height=\"155\" srcset=\"https:\/\/i0.wp.com\/blog-alexis.monville.com\/en\/wp-content\/uploads\/sites\/2\/2009\/12\/nodeputes.fr_.png?w=400&amp;ssl=1 400w, https:\/\/i0.wp.com\/blog-alexis.monville.com\/en\/wp-content\/uploads\/sites\/2\/2009\/12\/nodeputes.fr_.png?resize=300%2C116&amp;ssl=1 300w\" sizes=\"auto, (max-width: 400px) 100vw, 400px\" \/><\/a>Le site Intenet <a href=\"http:\/\/www.nosdeputes.fr\" target=\"_blank\">nosdeputes.fr<\/a> publie les donn\u00e9es de participation des d\u00e9put\u00e9s aux travaux de l&#8217;assembl\u00e9e.<\/p>\n<p>Lors de l&#8217;OpenDataCamp qui s&#8217;est tenu samedi 12 d\u00e9cembre \u00e0 La Cantine, nous nous sommes interrog\u00e9s sur la meilleure fa\u00e7on de visualiser les donn\u00e9es.<\/p>\n<p>Une solution pourrait \u00eatre de laisser l&#8217;utilisateur analyser les donn\u00e9es en choisissant la repr\u00e9sentation qu&#8217;il souhaite \u00e0 l&#8217;aide d&#8217;un <a href=\"http:\/\/spreadsheets.google.com\/ccc?key=0AkQYwNZDuURUdG44bkFOZ2hjTTFXOHk2RHZWMGdORHc&amp;hl=fr\" target=\"_blank\">graphique dynamique comme celui-ci<\/a> ?<\/p>\n<p>Pour retrouver la bulle de votre d\u00e9put\u00e9, s\u00e9lectionnez le dans la liste !<\/p>\n<blockquote><p>L\u00e9gende :<\/p>\n<p>Semaines d&#8217;activit\u00e9 : Nombre de semaines o\u00f9 le d\u00e9put\u00e9 a \u00e9t\u00e9 relev\u00e9 pr\u00e9sent en commission ou a pris la parole (m\u00eame bri\u00e8vement) en h\u00e9micycle<\/p>\n<p>Commission s\u00e9ances : Nombre de s\u00e9ances de commission o\u00f9 le d\u00e9put\u00e9 a \u00e9t\u00e9 relev\u00e9 pr\u00e9sent<\/p>\n<p>Commission interventions : Nombre d&#8217;interventions prononc\u00e9es par le d\u00e9put\u00e9 en commissions<\/p>\n<p>H\u00e9micycle Interventions longues : Nombre d&#8217;interventions de plus de 20 mots prononc\u00e9es par le d\u00e9put\u00e9 en h\u00e9micycle<\/p>\n<p>H\u00e9micycle Interventions courtes : Nombre d&#8217;interventions de 20 mots et moins prononc\u00e9es par le d\u00e9put\u00e9 en h\u00e9micycle<\/p>\n<p>Amendements sign\u00e9s : Nombre d&#8217;amendements sign\u00e9s ou co-sign\u00e9s par le d\u00e9put\u00e9<\/p>\n<p>Amendements adopt\u00e9s : Nombre d&#8217;amendements adopt\u00e9s qui ont \u00e9t\u00e9 sign\u00e9s ou cosign\u00e9s par le d\u00e9put\u00e9<\/p>\n<p>Amendements rejet\u00e9s : Nombre d&#8217;amendements rejet\u00e9s qui ont \u00e9t\u00e9 sign\u00e9s ou cosign\u00e9s par le d\u00e9put\u00e9<\/p>\n<p>Questions \u00e9crites : Nombre de questions \u00e9crites soumises par le d\u00e9put\u00e9<\/p>\n<p>Questions orales : Nombre de questions orales pos\u00e9es par le d\u00e9put\u00e9<\/p><\/blockquote>\n","protected":false},"excerpt":{"rendered":"<p>Le site Intenet nosdeputes.fr publie les donn\u00e9es de participation des d\u00e9put\u00e9s aux travaux de l&#8217;assembl\u00e9e. Lors de l&#8217;OpenDataCamp qui s&#8217;est tenu samedi 12 d\u00e9cembre \u00e0 La Cantine, nous nous sommes interrog\u00e9s sur la meilleure fa\u00e7on de visualiser les donn\u00e9es. Une solution pourrait \u00eatre de laisser l&#8217;utilisateur analyser les donn\u00e9es en choisissant la repr\u00e9sentation qu&#8217;il souhaite [&hellip;]<\/p>\n","protected":false},"author":1,"featured_media":0,"comment_status":"open","ping_status":"open","sticky":false,"template":"","format":"standard","meta":{"advanced_seo_description":"","jetpack_seo_html_title":"","jetpack_seo_noindex":false,"jetpack_post_was_ever_published":false,"_jetpack_newsletter_access":"","_jetpack_dont_email_post_to_subs":false,"_jetpack_newsletter_tier_id":0,"_jetpack_memberships_contains_paywalled_content":false,"_jetpack_memberships_contains_paid_content":false,"footnotes":""},"categories":[1],"tags":[],"class_list":["post-698","post","type-post","status-publish","format-standard","hentry","category-all"],"jetpack_featured_media_url":"","jetpack_shortlink":"https:\/\/wp.me\/paNjQG-bg","jetpack-related-posts":[{"id":866,"url":"https:\/\/blog-alexis.monville.com\/en\/2010\/07\/08\/ethique-du-numerique\/","url_meta":{"origin":698,"position":0},"title":"Ethique du num\u00e9rique","author":"Alexis","date":"July 8, 2010","format":false,"excerpt":"Ce mercredi 7 juillet, j'\u00e9tais invit\u00e9 (avec une bonne centaine d'autres) \u00e0 un atelier participatif : \"Qu'est-ce qu'une loi 2.0 ?\". Cette r\u00e9union \u00e9tait organis\u00e9e par les parlementaires UMP pour prolonger les travaux du rapport Vive internet ! Libert\u00e9 et r\u00e8gles dans le monde num\u00e9rique. La parole est donn\u00e9e sur\u2026","rel":"","context":"In &quot;General&quot;","block_context":{"text":"General","link":"https:\/\/blog-alexis.monville.com\/en\/category\/all\/"},"img":{"alt_text":"","src":"https:\/\/i0.wp.com\/blog-alexis.monville.com\/wp-content\/uploads\/sites\/2\/2010\/07\/Capture-d%E2%80%99%C3%A9cran-2010-07-08-%C3%A0-09.43.11.png?resize=350%2C200&ssl=1","width":350,"height":200},"classes":[]},{"id":688,"url":"https:\/\/blog-alexis.monville.com\/en\/2009\/11\/21\/acces-aux-donnees-publiques\/","url_meta":{"origin":698,"position":1},"title":"Acc\u00e8s aux donn\u00e9es publiques","author":"Alexis","date":"November 21, 2009","format":false,"excerpt":"La premi\u00e8re fois que j'ai vu\u00a0Hans Rossling d\u00e9voiler des statistiques extraordinaires lors d'une session TED, je me suis dit que \"nous\" tenions une d\u00e9monstration de l'int\u00e9r\u00eat de donner acc\u00e8s aux donn\u00e9es publiques afin que \"nous\" puissions tous les utiliser. Depuis, les choses ont \u00e9volu\u00e9es et de nombreux pays ont fait\u2026","rel":"","context":"In &quot;Interventions&quot;","block_context":{"text":"Interventions","link":"https:\/\/blog-alexis.monville.com\/en\/category\/interventions\/"},"img":{"alt_text":"","src":"https:\/\/i0.wp.com\/lacantine.org\/\/uploads\/9\/opendatcamp_OKV5_R.png?resize=350%2C200","width":350,"height":200},"classes":[]},{"id":98,"url":"https:\/\/blog-alexis.monville.com\/en\/2008\/06\/05\/donnees-personnelles-risques-et-opportunites\/","url_meta":{"origin":698,"position":2},"title":"Donn\u00e9es personnelles : risques et opportunit\u00e9s","author":"Alexis","date":"June 5, 2008","format":false,"excerpt":"Voici le th\u00e8me de cette table ronde organis\u00e9e par le Club S\u00e9nat anim\u00e9e par son Secr\u00e9taire g\u00e9n\u00e9ral adjoint Jean-R\u00e9mi GRATADOUR : Ma\u00eetre Alain BENSOUSSAN, avocat, Cabinet Bensoussan, auteur de \u00ab Informatique et libert\u00e9s \u00bb (Francis Lefebvre), commentera l'\u00e9volution juridique du concept de donn\u00e9es personnelles sur Internet. Monsieur J\u00e9r\u00f4me BOUTEILLER, r\u00e9dacteur\u2026","rel":"","context":"In &quot;General&quot;","block_context":{"text":"General","link":"https:\/\/blog-alexis.monville.com\/en\/category\/all\/"},"img":{"alt_text":"","src":"","width":0,"height":0},"classes":[]},{"id":1133,"url":"https:\/\/blog-alexis.monville.com\/en\/2011\/07\/03\/google\/","url_meta":{"origin":698,"position":3},"title":"Google+","author":"Alexis","date":"July 3, 2011","format":false,"excerpt":"En quelques jours, Google+ a provoqu\u00e9 une avalanche de messages dans ma boite aux lettres : notifications, invitations etc... montrant si cela \u00e9tait n\u00e9cessaire l'engouement\u00a0suscit\u00e9\u00a0par la nouvelle cr\u00e9ation du g\u00e9ant de l'exploitation de donn\u00e9es comportementales. Google+ n'apporte pas de nouveaut\u00e9s sur les principes de fonctionnement par rapport aux agr\u00e9gateurs qui\u2026","rel":"","context":"In &quot;International&quot;","block_context":{"text":"International","link":"https:\/\/blog-alexis.monville.com\/en\/category\/international\/"},"img":{"alt_text":"","src":"https:\/\/i0.wp.com\/blog-alexis.monville.com\/wp-content\/uploads\/sites\/2\/2011\/07\/joindiaspora.png?resize=350%2C200&ssl=1","width":350,"height":200},"classes":[]},{"id":305,"url":"https:\/\/blog-alexis.monville.com\/en\/2009\/01\/12\/gerer-ses-mots-de-passe-en-ligne-avec-clipperzcom\/","url_meta":{"origin":698,"position":4},"title":"G\u00e8rer ses mots de passe en ligne avec clipperz.com","author":"Alexis","date":"January 12, 2009","format":false,"excerpt":"Emilie Ogez pose aujourd'hui la question : \"Comment g\u00e9rez-vous vos mots de passe ?\" Elle a re\u00e7u quelques \u00e9l\u00e9ments de r\u00e9ponse en commentaire de son message. Et pour poursuivre la discussion... Si ne je n'ai pas encore trouv\u00e9 la solution qui me satisfait totalement, je teste depuis quelques semaines la\u2026","rel":"","context":"In &quot;Explorateurs&quot;","block_context":{"text":"Explorateurs","link":"https:\/\/blog-alexis.monville.com\/en\/category\/explorateurs\/"},"img":{"alt_text":"clipperz_titre","src":"https:\/\/i0.wp.com\/blog-alexis.monville.com\/wp-content\/uploads\/sites\/2\/2009\/01\/clipperz_titre.gif?resize=350%2C200&ssl=1","width":350,"height":200},"classes":[]},{"id":912,"url":"https:\/\/blog-alexis.monville.com\/en\/2010\/10\/03\/turn-freedom-on\/","url_meta":{"origin":698,"position":5},"title":"Turn freedom on","author":"Alexis","date":"October 3, 2010","format":false,"excerpt":"Eben Moglen a donn\u00e9e la keynote de cloture de la premi\u00e8re journ\u00e9e de l'OpenWorldForum le 30 septembre 2010. La libert\u00e9 \u00e9tait le th\u00e8me principal de l'adresse d'Eben Moglen. La libert\u00e9 apport\u00e9e par les travaux du mouvement pour le logiciel libre qui a r\u00e9ussi \u00e0 mettre de la libert\u00e9 dans de\u2026","rel":"","context":"In &quot;International&quot;","block_context":{"text":"International","link":"https:\/\/blog-alexis.monville.com\/en\/category\/international\/"},"img":{"alt_text":"","src":"https:\/\/i0.wp.com\/blog-alexis.monville.com\/wp-content\/uploads\/sites\/2\/2010\/10\/gnu-social-logo.png?resize=350%2C200&ssl=1","width":350,"height":200},"classes":[]}],"jetpack_sharing_enabled":true,"_links":{"self":[{"href":"https:\/\/blog-alexis.monville.com\/en\/wp-json\/wp\/v2\/posts\/698","targetHints":{"allow":["GET"]}}],"collection":[{"href":"https:\/\/blog-alexis.monville.com\/en\/wp-json\/wp\/v2\/posts"}],"about":[{"href":"https:\/\/blog-alexis.monville.com\/en\/wp-json\/wp\/v2\/types\/post"}],"author":[{"embeddable":true,"href":"https:\/\/blog-alexis.monville.com\/en\/wp-json\/wp\/v2\/users\/1"}],"replies":[{"embeddable":true,"href":"https:\/\/blog-alexis.monville.com\/en\/wp-json\/wp\/v2\/comments?post=698"}],"version-history":[{"count":0,"href":"https:\/\/blog-alexis.monville.com\/en\/wp-json\/wp\/v2\/posts\/698\/revisions"}],"wp:attachment":[{"href":"https:\/\/blog-alexis.monville.com\/en\/wp-json\/wp\/v2\/media?parent=698"}],"wp:term":[{"taxonomy":"category","embeddable":true,"href":"https:\/\/blog-alexis.monville.com\/en\/wp-json\/wp\/v2\/categories?post=698"},{"taxonomy":"post_tag","embeddable":true,"href":"https:\/\/blog-alexis.monville.com\/en\/wp-json\/wp\/v2\/tags?post=698"}],"curies":[{"name":"wp","href":"https:\/\/api.w.org\/{rel}","templated":true}]}}