{"id":695,"date":"2009-12-05T18:50:15","date_gmt":"2009-12-05T16:50:15","guid":{"rendered":"https:\/\/blog-alexis.monville.com\/?p=695"},"modified":"2009-12-05T18:50:15","modified_gmt":"2009-12-05T16:50:15","slug":"green-business","status":"publish","type":"post","link":"https:\/\/blog-alexis.monville.com\/en\/2009\/12\/05\/green-business\/","title":{"rendered":"Green Business"},"content":{"rendered":"<p><a href=\"http:\/\/www.greenbiz.fr\/\"><img data-recalc-dims=\"1\" loading=\"lazy\" decoding=\"async\" class=\"alignleft\" src=\"https:\/\/i0.wp.com\/www.greenbiz.fr\/images\/CARLOS-GOSHN.gif?resize=183%2C225\" alt=\"\" width=\"183\" height=\"225\" \/><\/a>Entre deux rendez-vous, je suis tomb\u00e9 sur le nouveau magazine Green Business mis en avant sur un kiosque.<\/p>\n<p>La maquette est tr\u00e8s r\u00e9ussie, le contenu focalis\u00e9 sur &#8220;la gestion durable en entreprise&#8221; est int\u00e9ressant, avec en couverture un Carlos Ghosn \u00e9lectrique et \u00e0 l&#8217;int\u00e9rieur un dossier sur<\/p>\n<p>Un site Internet permet de consulter les num\u00e9ros pr\u00e9c\u00e9dents : <a href=\"http:\/\/www.greenbiz.fr\/\" target=\"_blank\">Green Business<\/a>.<\/p>\n","protected":false},"excerpt":{"rendered":"<p>Entre deux rendez-vous, je suis tomb\u00e9 sur le nouveau magazine Green Business mis en avant sur un kiosque. La maquette est tr\u00e8s r\u00e9ussie, le contenu focalis\u00e9 sur &#8220;la gestion durable en entreprise&#8221; est int\u00e9ressant, avec en couverture un Carlos Ghosn \u00e9lectrique et \u00e0 l&#8217;int\u00e9rieur un dossier sur Un site Internet permet de consulter les num\u00e9ros [&hellip;]<\/p>\n","protected":false},"author":1,"featured_media":0,"comment_status":"open","ping_status":"open","sticky":false,"template":"","format":"standard","meta":{"advanced_seo_description":"","jetpack_seo_html_title":"","jetpack_seo_noindex":false,"jetpack_post_was_ever_published":false,"_jetpack_newsletter_access":"","_jetpack_dont_email_post_to_subs":false,"_jetpack_newsletter_tier_id":0,"_jetpack_memberships_contains_paywalled_content":false,"_jetpack_memberships_contains_paid_content":false,"footnotes":""},"categories":[1],"tags":[],"class_list":["post-695","post","type-post","status-publish","format-standard","hentry","category-all"],"jetpack_featured_media_url":"","jetpack_shortlink":"https:\/\/wp.me\/paNjQG-bd","jetpack-related-posts":[{"id":302,"url":"https:\/\/blog-alexis.monville.com\/en\/2008\/12\/28\/ted-kevin-kelly-5000-prochains-jours-internet\/","url_meta":{"origin":695,"position":0},"title":"Les 5000 prochains jours de l&#8217;Internet","author":"Alexis","date":"December 28, 2008","format":false,"excerpt":"A la recherche d'une photographie pour Un Jour Une \u0152uvre, je suis tomb\u00e9 sur les photographies de Trey Ratcliff. Une illustre cet article, une autre est sur Un Jour Une \u0152uvre ce 28 d\u00e9cembre. Trey avait mis en sous-titre de sa photo sur flickr.com, une r\u00e9f\u00e9rence a une conf\u00e9rence qu'a\u2026","rel":"","context":"In &quot;Explorateurs&quot;","block_context":{"text":"Explorateurs","link":"https:\/\/blog-alexis.monville.com\/en\/category\/explorateurs\/"},"img":{"alt_text":"","src":"https:\/\/i0.wp.com\/farm4.static.flickr.com\/3294\/3078802485_b665eb38f4_m.jpg?resize=350%2C200","width":350,"height":200},"classes":[]},{"id":384,"url":"https:\/\/blog-alexis.monville.com\/en\/2009\/02\/07\/les-explorateurs-du-web-sur-netexplorateurs\/","url_meta":{"origin":695,"position":1},"title":"Les Explorateurs du Web sur NetExplorateurs","author":"Alexis","date":"February 7, 2009","format":false,"excerpt":"Les Explorateurs du Web \u00e9taient pr\u00e9sents au forum NetExplorateurs organis\u00e9 au S\u00e9nat les 5 et 6 f\u00e9vrier 2009. NetExplorateurs a pour ambition de d\u00e9tecter les nouveaux usages du num\u00e9rique. Des rencontres passionnantes et un programme relev\u00e9 (dont je n'ai malheureusement que peu profit\u00e9 !). Une bonne fa\u00e7on de s'interroger sur\u2026","rel":"","context":"In &quot;Explorateurs&quot;","block_context":{"text":"Explorateurs","link":"https:\/\/blog-alexis.monville.com\/en\/category\/explorateurs\/"},"img":{"alt_text":"netexplorateur1","src":"https:\/\/i0.wp.com\/blog-alexis.monville.com\/wp-content\/uploads\/sites\/2\/2009\/02\/netexplorateur1.gif?resize=350%2C200&ssl=1","width":350,"height":200},"classes":[]},{"id":1611,"url":"https:\/\/blog-alexis.monville.com\/en\/2013\/06\/29\/en-retard-au-daily-scrum\/","url_meta":{"origin":695,"position":2},"title":"En retard au daily scrum","author":"Alexis","date":"June 29, 2013","format":false,"excerpt":"Lors du ScrumBoat qui s'est d\u00e9roul\u00e9 le 26 juin 2013 \u00e0 Paris, un ami m'a pr\u00e9sent\u00e9 2 nouvelles recrues de sa soci\u00e9t\u00e9, 2 nouveaux \"coach agile\". La conversation voguait sur quelques partages d'exp\u00e9riences assez classiques et arriva sur un sujet d'int\u00e9r\u00eat commun \u00e0 ces 2 coachs : Comment faire lorsque\u2026","rel":"","context":"In &quot;General&quot;","block_context":{"text":"General","link":"https:\/\/blog-alexis.monville.com\/en\/category\/all\/"},"img":{"alt_text":"","src":"https:\/\/i0.wp.com\/blog-alexis.monville.com\/en\/wp-content\/uploads\/sites\/2\/2013\/06\/paper-boat.jpg?fit=1200%2C795&ssl=1&resize=350%2C200","width":350,"height":200,"srcset":"https:\/\/i0.wp.com\/blog-alexis.monville.com\/en\/wp-content\/uploads\/sites\/2\/2013\/06\/paper-boat.jpg?fit=1200%2C795&ssl=1&resize=350%2C200 1x, https:\/\/i0.wp.com\/blog-alexis.monville.com\/en\/wp-content\/uploads\/sites\/2\/2013\/06\/paper-boat.jpg?fit=1200%2C795&ssl=1&resize=525%2C300 1.5x, https:\/\/i0.wp.com\/blog-alexis.monville.com\/en\/wp-content\/uploads\/sites\/2\/2013\/06\/paper-boat.jpg?fit=1200%2C795&ssl=1&resize=700%2C400 2x, https:\/\/i0.wp.com\/blog-alexis.monville.com\/en\/wp-content\/uploads\/sites\/2\/2013\/06\/paper-boat.jpg?fit=1200%2C795&ssl=1&resize=1050%2C600 3x"},"classes":[]},{"id":866,"url":"https:\/\/blog-alexis.monville.com\/en\/2010\/07\/08\/ethique-du-numerique\/","url_meta":{"origin":695,"position":3},"title":"Ethique du num\u00e9rique","author":"Alexis","date":"July 8, 2010","format":false,"excerpt":"Ce mercredi 7 juillet, j'\u00e9tais invit\u00e9 (avec une bonne centaine d'autres) \u00e0 un atelier participatif : \"Qu'est-ce qu'une loi 2.0 ?\". Cette r\u00e9union \u00e9tait organis\u00e9e par les parlementaires UMP pour prolonger les travaux du rapport Vive internet ! Libert\u00e9 et r\u00e8gles dans le monde num\u00e9rique. La parole est donn\u00e9e sur\u2026","rel":"","context":"In &quot;General&quot;","block_context":{"text":"General","link":"https:\/\/blog-alexis.monville.com\/en\/category\/all\/"},"img":{"alt_text":"","src":"https:\/\/i0.wp.com\/blog-alexis.monville.com\/wp-content\/uploads\/sites\/2\/2010\/07\/Capture-d%E2%80%99%C3%A9cran-2010-07-08-%C3%A0-09.43.11.png?resize=350%2C200&ssl=1","width":350,"height":200},"classes":[]},{"id":1399,"url":"https:\/\/blog-alexis.monville.com\/en\/2012\/03\/27\/document-freedom-day\/","url_meta":{"origin":695,"position":4},"title":"Document Freedom Day","author":"Alexis","date":"March 27, 2012","format":false,"excerpt":"Le 28 mars 2012 est consacr\u00e9 \u00e0 la journ\u00e9e internationale de lib\u00e9ration des documents, le Document Freedom Day. Une journ\u00e9e pour en finir avec l'impossibilit\u00e9 de lire un document cr\u00e9\u00e9 sur une plate-forme sur une autre plate-forme, avec une version de traitement de texte sur un autre traitement de texte.\u2026","rel":"","context":"In &quot;General&quot;","block_context":{"text":"General","link":"https:\/\/blog-alexis.monville.com\/en\/category\/all\/"},"img":{"alt_text":"","src":"https:\/\/i0.wp.com\/blog-alexis.monville.com\/wp-content\/uploads\/sites\/2\/2012\/03\/document-freedom-day.png?resize=350%2C200&ssl=1","width":350,"height":200},"classes":[]},{"id":378,"url":"https:\/\/blog-alexis.monville.com\/en\/2009\/02\/03\/un-jour-une-oeuvre-3\/","url_meta":{"origin":695,"position":5},"title":"Un Jour Une Oeuvre","author":"Alexis","date":"February 3, 2009","format":false,"excerpt":"Un Jour Une Oeuvre s'int\u00e9resse \u00e0 la peinture, la sculpture, la photographie, une \u0153uvre d\u2019art est propos\u00e9e chaque jour pour partager nos regards sur l'art. Quelques nouvelles de ce site Internet : Une nouvelle pr\u00e9sentation voulant donner plus de place aux oeuvres est en ligne depuis quelques jours (voir l'aper\u00e7u\u2026","rel":"","context":"In &quot;General&quot;","block_context":{"text":"General","link":"https:\/\/blog-alexis.monville.com\/en\/category\/all\/"},"img":{"alt_text":"ujuo","src":"https:\/\/i0.wp.com\/blog-alexis.monville.com\/wp-content\/uploads\/sites\/2\/2009\/01\/ujuo.jpg?resize=350%2C200&ssl=1","width":350,"height":200},"classes":[]}],"jetpack_sharing_enabled":true,"_links":{"self":[{"href":"https:\/\/blog-alexis.monville.com\/en\/wp-json\/wp\/v2\/posts\/695","targetHints":{"allow":["GET"]}}],"collection":[{"href":"https:\/\/blog-alexis.monville.com\/en\/wp-json\/wp\/v2\/posts"}],"about":[{"href":"https:\/\/blog-alexis.monville.com\/en\/wp-json\/wp\/v2\/types\/post"}],"author":[{"embeddable":true,"href":"https:\/\/blog-alexis.monville.com\/en\/wp-json\/wp\/v2\/users\/1"}],"replies":[{"embeddable":true,"href":"https:\/\/blog-alexis.monville.com\/en\/wp-json\/wp\/v2\/comments?post=695"}],"version-history":[{"count":0,"href":"https:\/\/blog-alexis.monville.com\/en\/wp-json\/wp\/v2\/posts\/695\/revisions"}],"wp:attachment":[{"href":"https:\/\/blog-alexis.monville.com\/en\/wp-json\/wp\/v2\/media?parent=695"}],"wp:term":[{"taxonomy":"category","embeddable":true,"href":"https:\/\/blog-alexis.monville.com\/en\/wp-json\/wp\/v2\/categories?post=695"},{"taxonomy":"post_tag","embeddable":true,"href":"https:\/\/blog-alexis.monville.com\/en\/wp-json\/wp\/v2\/tags?post=695"}],"curies":[{"name":"wp","href":"https:\/\/api.w.org\/{rel}","templated":true}]}}