{"id":688,"date":"2009-11-21T12:48:02","date_gmt":"2009-11-21T10:48:02","guid":{"rendered":"https:\/\/blog-alexis.monville.com\/?p=688"},"modified":"2009-11-21T12:48:02","modified_gmt":"2009-11-21T10:48:02","slug":"acces-aux-donnees-publiques","status":"publish","type":"post","link":"https:\/\/blog-alexis.monville.com\/en\/2009\/11\/21\/acces-aux-donnees-publiques\/","title":{"rendered":"Acc\u00e8s aux donn\u00e9es publiques"},"content":{"rendered":"<p><a href=\"http:\/\/barcamp.org\/opendatacampparis1\"><img data-recalc-dims=\"1\" loading=\"lazy\" decoding=\"async\" class=\"alignleft\" src=\"https:\/\/i0.wp.com\/lacantine.org\/\/uploads\/9\/opendatcamp_OKV5_R.png?resize=247%2C263\" alt=\"\" width=\"247\" height=\"263\" \/><\/a>La premi\u00e8re fois que j&#8217;ai vu\u00a0<a href=\"http:\/\/www.ted.com\/talks\/hans_rosling_shows_the_best_stats_you_ve_ever_seen.html\" target=\"_blank\">Hans Rossling d\u00e9voiler des statistiques extraordinaires<\/a> lors d&#8217;une session TED, je me suis dit que &#8220;nous&#8221; tenions une d\u00e9monstration de l&#8217;int\u00e9r\u00eat de donner acc\u00e8s aux donn\u00e9es publiques afin que &#8220;nous&#8221; puissions tous les utiliser.<\/p>\n<p>Depuis, les choses ont \u00e9volu\u00e9es et de nombreux pays ont fait de la transparence des actions de l&#8217;administration par la publication des donn\u00e9es un \u00e9l\u00e9ment important de leur action comme au Canada par exemple avec le programme de \u00a0<a href=\"http:\/\/www.asc-csa.gc.ca\/fra\/divulgation.asp\" target=\"_blank\">divulgation proactive<\/a> par exemple.<\/p>\n<p>Ce ne sont bien sur pas les seules donn\u00e9es publiques et de nombreuses donn\u00e9es statistiques ou informatives produites par le service public au sens large peuvent \u00eatre utilis\u00e9es \u00e0 diverses fins. De nombreuses initiatives r\u00e9clament l&#8217;ouverture des donn\u00e9es arguants que leur repr\u00e9sentation par chaque d\u00e9partement du service public coutent cher et n&#8217;est pas n\u00e9cessairement pertinente (difficult\u00e9 de repr\u00e9sentation de donn\u00e9es Etat, hoptiaux, collectivit\u00e9 sur un m\u00eame fond de carte par exemple).<\/p>\n<p>A lire par exemple cet article plaidant pour l&#8217;ouverture large des donn\u00e9es public aux Etats-Unis : <a href=\"http:\/\/fcw.com\/articles\/2009\/11\/19\/good-data-open-government.aspx\" target=\"_blank\">Data expert to feds: Open wide or fail<\/a> et bien sur l&#8217;article sur le blog de la maison blanche de l&#8217;<a href=\"http:\/\/www.whitehouse.gov\/blog\/2009\/11\/19\/open-government-laboratories-democracy\" target=\"_blank\">Open Governement Initiative<\/a>.<\/p>\n<p>Tout cela pour vous encourager \u00e0 participer au barcamp qui se tiendra le 12 d\u00e9cembre 2009 \u00e0 La Cantine : <a href=\"http:\/\/barcamp.org\/opendatacampparis1\" target=\"_blank\">OpenDataCamp<\/a><\/p>\n<blockquote>\n<p style=\"margin-top: 0px;margin-right: 0px;margin-bottom: 1.2em;margin-left: 0px;font-weight: inherit;font-style: inherit;font-size: 13px;font-family: inherit;vertical-align: baseline;line-height: 1.5em;color: #434343;padding: 0px;border: 0px initial initial\"><span style=\"font-weight: inherit;font-style: inherit;font-size: 13px;font-family: Arial;vertical-align: baseline;line-height: 1.2em;padding: 0px;margin: 0px;border: 0px initial initial\"><span style=\"font-weight: inherit;font-style: inherit;font-size: 13px;font-family: inherit;vertical-align: baseline;line-height: 1.2em;padding: 0px;margin: 0px;border: 0px initial initial\">L&#8217;informatisation croissante de la soci\u00e9t\u00e9 entra\u00eene de profonds changements : tous les services, toutes les d\u00e9cisions se fondent d\u00e9sormais sur des donn\u00e9es num\u00e9riques et en g\u00e9n\u00e8rent de nouvelles. Le fonctionnement quotidien des organisations, les \u00e9changes entre elles et avec leurs usagers ou clients, engendrent des masses consid\u00e9rables de donn\u00e9es informatis\u00e9es. Les entreprises ont vite appris \u00e0 s&#8217;en servir, en interne comme avec leurs partenaires, mais les acteurs publics tels que les collectivit\u00e9s locales, l&#8217;Etat ou les organismes sociaux sont moins avanc\u00e9s. Pourtant les donn\u00e9es qu&#8217;ils g\u00e8rent au quotidien repr\u00e9sentent un formidable gisement de connaissance et d&#8217;innovation qui pourrait b\u00e9n\u00e9ficier \u00e0 la collectivit\u00e9 au nom de laquelle elles sont produites.<\/span><\/span><span style=\"font-weight: inherit;font-style: inherit;font-size: 13px;font-family: Arial;vertical-align: baseline;line-height: 1.2em;padding: 0px;margin: 0px;border: 0px initial initial\"><span style=\"font-weight: inherit;font-style: inherit;font-size: 13px;font-family: inherit;vertical-align: baseline;line-height: 1.2em;padding: 0px;margin: 0px;border: 0px initial initial\"><br \/>\n<\/span><\/span><span style=\"font-weight: inherit;font-style: inherit;font-size: 13px;font-family: Arial;vertical-align: baseline;line-height: 1.2em;padding: 0px;margin: 0px;border: 0px initial initial\"><span style=\"font-weight: inherit;font-style: inherit;font-size: 13px;font-family: inherit;vertical-align: baseline;line-height: 1.2em;padding: 0px;margin: 0px;border: 0px initial initial\">L&#8217;Europe et la France ont inscrit dans le droit la possibilit\u00e9 d&#8217;acc\u00e8s et de r\u00e9utilisation des donn\u00e9es publiques. Dans le monde, plusieurs gouvernements et m\u00e9tropoles &#8220;<span style=\"font-weight: inherit;font-style: inherit;font-size: 13px;font-family: inherit;vertical-align: baseline;line-height: 1.2em;padding: 0px;margin: 0px;border: 0px initial initial\">lib\u00e9rent<\/span>&#8221; leurs donn\u00e9es pour favoriser l&#8217;\u00e9mergence de nouveaux services et enrichir le d\u00e9bat d\u00e9mocratique. Le plan &#8220;France num\u00e9rique 2012&#8221; et le volet num\u00e9rique du &#8220;Plan de relance&#8221; pr\u00e9voient des actions en faveur de l&#8217;acc\u00e8s aux donn\u00e9es publiques. Pourtant, sur le terrain, la situation appara\u00eet bloqu\u00e9e. Les donn\u00e9es demeurent inaccessibles, ou alors d&#8217;une mani\u00e8re parcellaire et souvent co\u00fbteuse. Or il y a l\u00e0 un v\u00e9ritable potentiel d&#8217;innovation facilement mobilisable.<\/span><\/span><\/p>\n<p style=\"margin-top: 0px;margin-right: 0px;margin-bottom: 1.2em;margin-left: 0px;font-weight: inherit;font-style: inherit;font-size: 13px;font-family: inherit;vertical-align: baseline;line-height: 1.5em;color: #434343;padding: 0px;border: 0px initial initial\"><span style=\"font-weight: inherit;font-style: inherit;font-size: 13px;font-family: Arial;vertical-align: baseline;line-height: 1.2em;padding: 0px;margin: 0px;border: 0px initial initial\"><span style=\"font-weight: inherit;font-style: inherit;font-size: 13px;font-family: inherit;vertical-align: baseline;line-height: 1.2em;padding: 0px;margin: 0px;border: 0px initial initial\">Au programme et pour construire cette d\u00e9monstration :<span style=\"font-weight: inherit;font-style: inherit;font-size: 13px;font-family: inherit;vertical-align: baseline;line-height: 1.2em;padding: 0px;margin: 0px;border: 0px initial initial\"> <\/span><\/span><\/span><\/p>\n<ul style=\"margin-top: 0px;margin-right: 0px;margin-bottom: 1.2em;margin-left: 3em;font-weight: inherit;font-style: inherit;font-size: 13px;font-family: inherit;vertical-align: baseline;padding: 0px;border: 0px initial initial\">\n<li>\n<p style=\"margin-top: 0px;margin-right: 0px;margin-bottom: 1.2em;margin-left: 0px;font-weight: inherit;font-style: inherit;font-size: 13px;font-family: inherit;vertical-align: baseline;line-height: 1.5em;color: #434343;padding: 0px;border: 0px initial initial\"><span style=\"font-weight: inherit;font-style: inherit;font-size: 13px;font-family: Arial;vertical-align: baseline;line-height: 1.2em;padding: 0px;margin: 0px;border: 0px initial initial\"><span style=\"font-weight: inherit;font-style: inherit;font-size: 13px;font-family: inherit;vertical-align: baseline;line-height: 1.2em;padding: 0px;margin: 0px;border: 0px initial initial\">des retours d&#8217;exp\u00e9rience sur la mise \u00e0 disposition et la r\u00e9utilisation de donn\u00e9es publiques,<span style=\"font-weight: inherit;font-style: inherit;font-size: 13px;font-family: inherit;vertical-align: baseline;line-height: 1.2em;padding: 0px;margin: 0px;border: 0px initial initial\"> <\/span>en France, en Europe, aux Etats-Unis,<\/span><\/span><\/p>\n<\/li>\n<li>\n<p style=\"margin-top: 0px;margin-right: 0px;margin-bottom: 1.2em;margin-left: 0px;font-weight: inherit;font-style: inherit;font-size: 13px;font-family: inherit;vertical-align: baseline;line-height: 1.5em;color: #434343;padding: 0px;border: 0px initial initial\"><span style=\"font-weight: inherit;font-style: inherit;font-size: 13px;font-family: Arial;vertical-align: baseline;line-height: 1.2em;padding: 0px;margin: 0px;border: 0px initial initial\"><span style=\"font-weight: inherit;font-style: inherit;font-size: 13px;font-family: inherit;vertical-align: baseline;line-height: 1.2em;padding: 0px;margin: 0px;border: 0px initial initial\">des innovations (de service, d&#8217;usage, de processus&#8230;) directement d\u00e9riv\u00e9es de la diffusion des donn\u00e9es d&#8217;acteurs publics et priv\u00e9s,<\/span><\/span><\/p>\n<\/li>\n<li><span style=\"color: #434343\"><span style=\"font-weight: inherit;font-style: inherit;font-size: 13px;font-family: Arial;vertical-align: baseline;line-height: 1.2em;padding: 0px;margin: 0px;border: 0px initial initial\"><span style=\"font-weight: inherit;font-style: inherit;font-size: 13px;font-family: inherit;vertical-align: baseline;line-height: 1.2em;padding: 0px;margin: 0px;border: 0px initial initial\">des mises en perspectives sur les impacts (juridiques, sociologiques, \u00e9conomiques, etc.) de cette ouverture des donn\u00e9es<\/span><\/span><span style=\"font-weight: inherit;font-style: inherit;font-size: 12pt;font-family: 'Times New Roman', serif;vertical-align: baseline;line-height: 1.2em;padding: 0px;margin: 0px;border: 0px initial initial\">.<\/span><\/span><\/li>\n<\/ul>\n<\/blockquote>\n","protected":false},"excerpt":{"rendered":"<p>La premi\u00e8re fois que j&#8217;ai vu\u00a0Hans Rossling d\u00e9voiler des statistiques extraordinaires lors d&#8217;une session TED, je me suis dit que &#8220;nous&#8221; tenions une d\u00e9monstration de l&#8217;int\u00e9r\u00eat de donner acc\u00e8s aux donn\u00e9es publiques afin que &#8220;nous&#8221; puissions tous les utiliser. Depuis, les choses ont \u00e9volu\u00e9es et de nombreux pays ont fait de la transparence des actions [&hellip;]<\/p>\n","protected":false},"author":1,"featured_media":0,"comment_status":"open","ping_status":"open","sticky":false,"template":"","format":"standard","meta":{"advanced_seo_description":"","jetpack_seo_html_title":"","jetpack_seo_noindex":false,"jetpack_post_was_ever_published":false,"_jetpack_newsletter_access":"","_jetpack_dont_email_post_to_subs":false,"_jetpack_newsletter_tier_id":0,"_jetpack_memberships_contains_paywalled_content":false,"_jetpack_memberships_contains_paid_content":false,"footnotes":""},"categories":[8],"tags":[321],"class_list":["post-688","post","type-post","status-publish","format-standard","hentry","category-interventions","tag-open-source"],"jetpack_featured_media_url":"","jetpack_shortlink":"https:\/\/wp.me\/paNjQG-b6","jetpack-related-posts":[{"id":1133,"url":"https:\/\/blog-alexis.monville.com\/en\/2011\/07\/03\/google\/","url_meta":{"origin":688,"position":0},"title":"Google+","author":"Alexis","date":"July 3, 2011","format":false,"excerpt":"En quelques jours, Google+ a provoqu\u00e9 une avalanche de messages dans ma boite aux lettres : notifications, invitations etc... montrant si cela \u00e9tait n\u00e9cessaire l'engouement\u00a0suscit\u00e9\u00a0par la nouvelle cr\u00e9ation du g\u00e9ant de l'exploitation de donn\u00e9es comportementales. Google+ n'apporte pas de nouveaut\u00e9s sur les principes de fonctionnement par rapport aux agr\u00e9gateurs qui\u2026","rel":"","context":"In &quot;International&quot;","block_context":{"text":"International","link":"https:\/\/blog-alexis.monville.com\/en\/category\/international\/"},"img":{"alt_text":"","src":"https:\/\/i0.wp.com\/blog-alexis.monville.com\/wp-content\/uploads\/sites\/2\/2011\/07\/joindiaspora.png?resize=350%2C200&ssl=1","width":350,"height":200},"classes":[]},{"id":866,"url":"https:\/\/blog-alexis.monville.com\/en\/2010\/07\/08\/ethique-du-numerique\/","url_meta":{"origin":688,"position":1},"title":"Ethique du num\u00e9rique","author":"Alexis","date":"July 8, 2010","format":false,"excerpt":"Ce mercredi 7 juillet, j'\u00e9tais invit\u00e9 (avec une bonne centaine d'autres) \u00e0 un atelier participatif : \"Qu'est-ce qu'une loi 2.0 ?\". Cette r\u00e9union \u00e9tait organis\u00e9e par les parlementaires UMP pour prolonger les travaux du rapport Vive internet ! Libert\u00e9 et r\u00e8gles dans le monde num\u00e9rique. La parole est donn\u00e9e sur\u2026","rel":"","context":"In &quot;General&quot;","block_context":{"text":"General","link":"https:\/\/blog-alexis.monville.com\/en\/category\/all\/"},"img":{"alt_text":"","src":"https:\/\/i0.wp.com\/blog-alexis.monville.com\/wp-content\/uploads\/sites\/2\/2010\/07\/Capture-d%E2%80%99%C3%A9cran-2010-07-08-%C3%A0-09.43.11.png?resize=350%2C200&ssl=1","width":350,"height":200},"classes":[]},{"id":698,"url":"https:\/\/blog-alexis.monville.com\/en\/2009\/12\/13\/nos-deputes\/","url_meta":{"origin":688,"position":2},"title":"Nos D\u00e9put\u00e9s","author":"Alexis","date":"December 13, 2009","format":false,"excerpt":"Le site Intenet nosdeputes.fr publie les donn\u00e9es de participation des d\u00e9put\u00e9s aux travaux de l'assembl\u00e9e. Lors de l'OpenDataCamp qui s'est tenu samedi 12 d\u00e9cembre \u00e0 La Cantine, nous nous sommes interrog\u00e9s sur la meilleure fa\u00e7on de visualiser les donn\u00e9es. Une solution pourrait \u00eatre de laisser l'utilisateur analyser les donn\u00e9es en\u2026","rel":"","context":"In &quot;General&quot;","block_context":{"text":"General","link":"https:\/\/blog-alexis.monville.com\/en\/category\/all\/"},"img":{"alt_text":"nodeputes.fr","src":"https:\/\/i0.wp.com\/blog-alexis.monville.com\/wp-content\/uploads\/sites\/2\/2009\/12\/nodeputes.fr_.png?resize=350%2C200&ssl=1","width":350,"height":200},"classes":[]},{"id":332,"url":"https:\/\/blog-alexis.monville.com\/en\/2009\/01\/19\/sauvegarder-et-synchroniser-vos-donnees-entre-plusieurs-ordinateurs\/","url_meta":{"origin":688,"position":3},"title":"Sauvegarder et Synchroniser vos donn\u00e9es entre plusieurs ordinateurs","author":"Alexis","date":"January 19, 2009","format":false,"excerpt":"La sauvegarde des donn\u00e9es est une probl\u00e9matique courante plus ou moins bien trait\u00e9e dans les entreprises, et plus rarement trait\u00e9e tout court dans nos maisons. Et pourtant, nos donn\u00e9es familiales, comme nos photos num\u00e9riques par exemple, ne sont pas rempla\u00e7ables et les pannes de disque dur sont des \u00e9v\u00e8nements qui\u2026","rel":"","context":"In &quot;Explorateurs&quot;","block_context":{"text":"Explorateurs","link":"https:\/\/blog-alexis.monville.com\/en\/category\/explorateurs\/"},"img":{"alt_text":"","src":"https:\/\/i0.wp.com\/www.getdropbox.com\/static\/1232401964\/images\/main_logo.png?resize=350%2C200&ssl=1","width":350,"height":200},"classes":[]},{"id":343,"url":"https:\/\/blog-alexis.monville.com\/en\/2009\/01\/22\/votre-carnet-dadresse-sur-votre-pc-votre-mobile-et-dans-les-nuages\/","url_meta":{"origin":688,"position":4},"title":"Votre carnet d&#8217;adresse sur votre PC, votre mobile et dans les nuages&#8230;","author":"Alexis","date":"January 22, 2009","format":false,"excerpt":"Il y a quelques jours, j'ai parl\u00e9 ici de la synchronisation des donn\u00e9es entre un ordinateur fixe, un portable et les nuages : voir l'article sur getdropbox.com Pour certaines donn\u00e9es : le carnet d'adresses ou l'agenda par exemple, la synchronisation entre un PC fixe, un portable et un t\u00e9l\u00e9phone mobile\u2026","rel":"","context":"In &quot;Explorateurs&quot;","block_context":{"text":"Explorateurs","link":"https:\/\/blog-alexis.monville.com\/en\/category\/explorateurs\/"},"img":{"alt_text":"","src":"http:\/\/upload.wikimedia.org\/wikipedia\/en\/thumb\/e\/e3\/Plaxologo.png\/200px-Plaxologo.png","width":350,"height":200},"classes":[]},{"id":98,"url":"https:\/\/blog-alexis.monville.com\/en\/2008\/06\/05\/donnees-personnelles-risques-et-opportunites\/","url_meta":{"origin":688,"position":5},"title":"Donn\u00e9es personnelles : risques et opportunit\u00e9s","author":"Alexis","date":"June 5, 2008","format":false,"excerpt":"Voici le th\u00e8me de cette table ronde organis\u00e9e par le Club S\u00e9nat anim\u00e9e par son Secr\u00e9taire g\u00e9n\u00e9ral adjoint Jean-R\u00e9mi GRATADOUR : Ma\u00eetre Alain BENSOUSSAN, avocat, Cabinet Bensoussan, auteur de \u00ab Informatique et libert\u00e9s \u00bb (Francis Lefebvre), commentera l'\u00e9volution juridique du concept de donn\u00e9es personnelles sur Internet. Monsieur J\u00e9r\u00f4me BOUTEILLER, r\u00e9dacteur\u2026","rel":"","context":"In &quot;General&quot;","block_context":{"text":"General","link":"https:\/\/blog-alexis.monville.com\/en\/category\/all\/"},"img":{"alt_text":"","src":"","width":0,"height":0},"classes":[]}],"jetpack_sharing_enabled":true,"_links":{"self":[{"href":"https:\/\/blog-alexis.monville.com\/en\/wp-json\/wp\/v2\/posts\/688","targetHints":{"allow":["GET"]}}],"collection":[{"href":"https:\/\/blog-alexis.monville.com\/en\/wp-json\/wp\/v2\/posts"}],"about":[{"href":"https:\/\/blog-alexis.monville.com\/en\/wp-json\/wp\/v2\/types\/post"}],"author":[{"embeddable":true,"href":"https:\/\/blog-alexis.monville.com\/en\/wp-json\/wp\/v2\/users\/1"}],"replies":[{"embeddable":true,"href":"https:\/\/blog-alexis.monville.com\/en\/wp-json\/wp\/v2\/comments?post=688"}],"version-history":[{"count":0,"href":"https:\/\/blog-alexis.monville.com\/en\/wp-json\/wp\/v2\/posts\/688\/revisions"}],"wp:attachment":[{"href":"https:\/\/blog-alexis.monville.com\/en\/wp-json\/wp\/v2\/media?parent=688"}],"wp:term":[{"taxonomy":"category","embeddable":true,"href":"https:\/\/blog-alexis.monville.com\/en\/wp-json\/wp\/v2\/categories?post=688"},{"taxonomy":"post_tag","embeddable":true,"href":"https:\/\/blog-alexis.monville.com\/en\/wp-json\/wp\/v2\/tags?post=688"}],"curies":[{"name":"wp","href":"https:\/\/api.w.org\/{rel}","templated":true}]}}