{"id":685,"date":"2009-11-19T22:27:47","date_gmt":"2009-11-19T20:27:47","guid":{"rendered":"https:\/\/blog-alexis.monville.com\/?p=685"},"modified":"2009-11-19T22:27:47","modified_gmt":"2009-11-19T20:27:47","slug":"solutions-linux-2010","status":"publish","type":"post","link":"https:\/\/blog-alexis.monville.com\/en\/2009\/11\/19\/solutions-linux-2010\/","title":{"rendered":"Solutions Linux 2010"},"content":{"rendered":"<p><a href=\"https:\/\/i0.wp.com\/blog-alexis.monville.com\/wp-content\/uploads\/sites\/2\/2009\/10\/image001.jpg?ssl=1\"><img data-recalc-dims=\"1\" loading=\"lazy\" decoding=\"async\" data-attachment-id=\"667\" data-permalink=\"https:\/\/blog-alexis.monville.com\/en\/2009\/10\/17\/appel-a-communication-pour-solutions-linux-2010\/image001\/\" data-orig-file=\"https:\/\/i0.wp.com\/blog-alexis.monville.com\/en\/wp-content\/uploads\/sites\/2\/2009\/10\/image001.jpg?fit=118%2C71&amp;ssl=1\" data-orig-size=\"118,71\" data-comments-opened=\"1\" data-image-meta=\"{&quot;aperture&quot;:&quot;0&quot;,&quot;credit&quot;:&quot;&quot;,&quot;camera&quot;:&quot;&quot;,&quot;caption&quot;:&quot;&quot;,&quot;created_timestamp&quot;:&quot;0&quot;,&quot;copyright&quot;:&quot;&quot;,&quot;focal_length&quot;:&quot;0&quot;,&quot;iso&quot;:&quot;0&quot;,&quot;shutter_speed&quot;:&quot;0&quot;,&quot;title&quot;:&quot;&quot;}\" data-image-title=\"image001\" data-image-description=\"\" data-image-caption=\"\" data-large-file=\"https:\/\/i0.wp.com\/blog-alexis.monville.com\/en\/wp-content\/uploads\/sites\/2\/2009\/10\/image001.jpg?fit=118%2C71&amp;ssl=1\" class=\"alignleft size-full wp-image-667\" src=\"https:\/\/i0.wp.com\/blog-alexis.monville.com\/wp-content\/uploads\/sites\/2\/2009\/10\/image001.jpg?resize=118%2C71&#038;ssl=1\" alt=\"image001\" width=\"118\" height=\"71\" \/><\/a>Aujourd&#8217;hui se r\u00e9unissait le comit\u00e9 de programme en vue de la pr\u00e9paration du salon Solutions Linux les 16, 17 et 18 mars 2010. 128 propositions d&#8217;interventions pour venir nourrir le programme de formations et de conf\u00e9rences se d\u00e9roulant sur le salon.<\/p>\n<p>D&#8217;excellentes propositions pour la conf\u00e9rence <strong>Administration et Libre<\/strong> que j&#8217;ai le plaisir d&#8217;animer cette ann\u00e9e encore ! Pas si simple de faire le choix de se s\u00e9parer de certains sujets afin de tenir dans un cr\u00e9neau horaire de 3 heures&#8230;<\/p>\n<p>Quelques demandes de pr\u00e9cisions, et quelques discussions avec les autres membres du comit\u00e9 de programme et nous serons pr\u00eat \u00e0 faire l&#8217;annonce du programme ! Encore un peu de patience, ce sera le 15 d\u00e9cembre !<\/p>\n","protected":false},"excerpt":{"rendered":"<p>Aujourd&#8217;hui se r\u00e9unissait le comit\u00e9 de programme en vue de la pr\u00e9paration du salon Solutions Linux les 16, 17 et 18 mars 2010. 128 propositions d&#8217;interventions pour venir nourrir le programme de formations et de conf\u00e9rences se d\u00e9roulant sur le salon. D&#8217;excellentes propositions pour la conf\u00e9rence Administration et Libre que j&#8217;ai le plaisir d&#8217;animer cette [&hellip;]<\/p>\n","protected":false},"author":1,"featured_media":0,"comment_status":"open","ping_status":"open","sticky":false,"template":"","format":"standard","meta":{"advanced_seo_description":"","jetpack_seo_html_title":"","jetpack_seo_noindex":false,"jetpack_post_was_ever_published":false,"_jetpack_newsletter_access":"","_jetpack_dont_email_post_to_subs":false,"_jetpack_newsletter_tier_id":0,"_jetpack_memberships_contains_paywalled_content":false,"_jetpack_memberships_contains_paid_content":false,"footnotes":""},"categories":[3,5,7],"tags":[276,321,444],"class_list":["post-685","post","type-post","status-publish","format-standard","hentry","category-ayeba","category-explorateurs","category-international","tag-logiciel-libre","tag-open-source","tag-technologies"],"jetpack_featured_media_url":"","jetpack_shortlink":"https:\/\/wp.me\/paNjQG-b3","jetpack-related-posts":[{"id":796,"url":"https:\/\/blog-alexis.monville.com\/en\/2010\/03\/11\/logiciel-libre\/","url_meta":{"origin":685,"position":0},"title":"Logiciel libre","author":"Alexis","date":"March 11, 2010","format":false,"excerpt":"En quelques mots aujourd'hui pour : vous inviter \u00e0 noter dans vos agendas que le Salon Solutions Linux se tiendra \u00e0 la porte de Versailles du 16 au 18 mars, je vous souhaite nombreux pour la conf\u00e9rence Administration et Libre le 17 mars \u00e0 9h00, vous encourager \u00e0 r\u00e9agir \u00e0\u2026","rel":"","context":"In &quot;Interventions&quot;","block_context":{"text":"Interventions","link":"https:\/\/blog-alexis.monville.com\/en\/category\/interventions\/"},"img":{"alt_text":"","src":"","width":0,"height":0},"classes":[]},{"id":75,"url":"https:\/\/blog-alexis.monville.com\/en\/2007\/10\/30\/solutions-opensource-linux\/","url_meta":{"origin":685,"position":1},"title":"Solutions OpenSource \/ Linux","author":"Alexis","date":"October 30, 2007","format":false,"excerpt":"Le salon Solutions OpenSource\/Linux se tiendra au CNIT les 29, 30 et 31 janvier 2008. Vous trouverez ci-apr\u00e8s le programme des conf\u00e9rences (programme_solution_linux_2008) qui vous donnera, j'en suis certain l'envie de r\u00e9server vos journ\u00e9es ! Je suis tr\u00e8s heureux d'avoir particip\u00e9 au comit\u00e9 de programme, m\u00eame si cette ann\u00e9e je\u2026","rel":"","context":"In &quot;Europe&quot;","block_context":{"text":"Europe","link":"https:\/\/blog-alexis.monville.com\/en\/category\/international\/europe\/"},"img":{"alt_text":"","src":"","width":0,"height":0},"classes":[]},{"id":666,"url":"https:\/\/blog-alexis.monville.com\/en\/2009\/10\/17\/appel-a-communication-pour-solutions-linux-2010\/","url_meta":{"origin":685,"position":2},"title":"Appel \u00e0 communication pour Solutions Linux 2010","author":"Alexis","date":"October 17, 2009","format":false,"excerpt":"Une conf\u00e9rence gratuite \"L'administration et le libre\" est propos\u00e9e lors de la prochaine \u00e9dition du salon Solutions Linux qui se d\u00e9roulera du 16 au 18 mars 2010. L'appel \u00e0 communication est publi\u00e9 et vous avez jusqu'au 6 novembre pour proposer vos interventions Pour en savoir plus vous pouvez consulter les\u2026","rel":"","context":"In &quot;International&quot;","block_context":{"text":"International","link":"https:\/\/blog-alexis.monville.com\/en\/category\/international\/"},"img":{"alt_text":"image001","src":"https:\/\/i0.wp.com\/blog-alexis.monville.com\/wp-content\/uploads\/sites\/2\/2009\/10\/image001.jpg?resize=350%2C200&ssl=1","width":350,"height":200},"classes":[]},{"id":742,"url":"https:\/\/blog-alexis.monville.com\/en\/2010\/02\/02\/ladministration-et-le-libre\/","url_meta":{"origin":685,"position":3},"title":"L&#8217;administration et le libre","author":"Alexis","date":"February 2, 2010","format":false,"excerpt":"La conf\u00e9rence sur l'administration et le libre se tiendra le mercredi 17 mars de 9h00-12h30 (Salle Rubis) dans le cadre du salon solutions linux. La France est parmi les pays europ\u00e9ens celui qui utilise et d\u00e9veloppe le plus les logiciels libres pour les besoins de service public. En continuit\u00e9 des\u2026","rel":"","context":"In &quot;Interventions&quot;","block_context":{"text":"Interventions","link":"https:\/\/blog-alexis.monville.com\/en\/category\/interventions\/"},"img":{"alt_text":"","src":"https:\/\/i0.wp.com\/www.solutionslinux.fr\/linux\/images\/logo.gif?resize=350%2C200","width":350,"height":200},"classes":[]},{"id":463,"url":"https:\/\/blog-alexis.monville.com\/en\/2009\/03\/30\/solutions-linux-2009-2\/","url_meta":{"origin":685,"position":4},"title":"Solutions Linux 2009","author":"Alexis","date":"March 30, 2009","format":false,"excerpt":"Le Salon Solutions Linux ouvrira ses portes les 31 mars, 1er et 2 avril au Parc des Expositions de la Porte de Versailles. Le salon f\u00eate cette ann\u00e9e ses 10 ans et j'esp\u00e8re qu'il vous comptera parmi ses visiteurs. Je serai sur le salon le 1er avril pour animer la\u2026","rel":"","context":"In &quot;International&quot;","block_context":{"text":"International","link":"https:\/\/blog-alexis.monville.com\/en\/category\/international\/"},"img":{"alt_text":"","src":"https:\/\/i0.wp.com\/www.solutionslinux.fr\/images\/index_07.jpg?resize=350%2C200","width":350,"height":200},"classes":[]},{"id":1192,"url":"https:\/\/blog-alexis.monville.com\/en\/2006\/02\/01\/conferences-adele-au-salon-solution-linux-2006\/","url_meta":{"origin":685,"position":5},"title":"Conf\u00e9rences Ad\u00e8le au Salon Solution Linux 2006","author":"Alexis","date":"February 1, 2006","format":false,"excerpt":"J'ai eu le plaisir de co-organiser avec Jean-Paul Degorce-Dumas les conf\u00e9rences Ad\u00e8le qui se sont d\u00e9roul\u00e9es, dans le cadre du Salon Solution Linux, le 1er f\u00e9vrier 2006. Ces conf\u00e9rences pr\u00e9sentaient les avanc\u00e9es de certaines administration dans l'am\u00e9lioration de leurs syst\u00e8mes d'informations par l'usage de solution sous licences libres. Avec les\u2026","rel":"","context":"In &quot;General&quot;","block_context":{"text":"General","link":"https:\/\/blog-alexis.monville.com\/en\/category\/all\/"},"img":{"alt_text":"","src":"","width":0,"height":0},"classes":[]}],"jetpack_sharing_enabled":true,"_links":{"self":[{"href":"https:\/\/blog-alexis.monville.com\/en\/wp-json\/wp\/v2\/posts\/685","targetHints":{"allow":["GET"]}}],"collection":[{"href":"https:\/\/blog-alexis.monville.com\/en\/wp-json\/wp\/v2\/posts"}],"about":[{"href":"https:\/\/blog-alexis.monville.com\/en\/wp-json\/wp\/v2\/types\/post"}],"author":[{"embeddable":true,"href":"https:\/\/blog-alexis.monville.com\/en\/wp-json\/wp\/v2\/users\/1"}],"replies":[{"embeddable":true,"href":"https:\/\/blog-alexis.monville.com\/en\/wp-json\/wp\/v2\/comments?post=685"}],"version-history":[{"count":0,"href":"https:\/\/blog-alexis.monville.com\/en\/wp-json\/wp\/v2\/posts\/685\/revisions"}],"wp:attachment":[{"href":"https:\/\/blog-alexis.monville.com\/en\/wp-json\/wp\/v2\/media?parent=685"}],"wp:term":[{"taxonomy":"category","embeddable":true,"href":"https:\/\/blog-alexis.monville.com\/en\/wp-json\/wp\/v2\/categories?post=685"},{"taxonomy":"post_tag","embeddable":true,"href":"https:\/\/blog-alexis.monville.com\/en\/wp-json\/wp\/v2\/tags?post=685"}],"curies":[{"name":"wp","href":"https:\/\/api.w.org\/{rel}","templated":true}]}}