{"id":680,"date":"2009-11-05T23:54:52","date_gmt":"2009-11-05T21:54:52","guid":{"rendered":"https:\/\/blog-alexis.monville.com\/?p=680"},"modified":"2009-11-05T23:54:52","modified_gmt":"2009-11-05T21:54:52","slug":"european-interoperability-framework","status":"publish","type":"post","link":"https:\/\/blog-alexis.monville.com\/en\/2009\/11\/05\/european-interoperability-framework\/","title":{"rendered":"European Interoperability Framework"},"content":{"rendered":"<p><img loading=\"lazy\" decoding=\"async\" class=\"alignleft\" src=\"http:\/\/ec.europa.eu\/idabc\/servlets\/ImageServer?fuseAction=fetchImage&amp;id=26236&amp;width=135&amp;height=133\" alt=\"\" width=\"135\" height=\"133\" \/>Un <a title=\"le brouillon....\" href=\"http:\/\/www.bigwobber.nl\/wp-content\/uploads\/2009\/11\/European-Interoperability-Framework-for-European-Public-Services-draft.pdf\" target=\"_blank\">brouillon<\/a> du <a href=\"http:\/\/ec.europa.eu\/idabc\/en\/document\/3473\/5585#draftEIF\" target=\"_blank\">cadre d&#8217;int\u00e9rop\u00e9rabilit\u00e9 europ\u00e9en<\/a> fait <a href=\"http:\/\/www.pcinpact.com\/actu\/news\/53945-europe-eif-standards-version-2-lobbies.htm\" target=\"_blank\">parler de lui<\/a>&#8230; De l\u00e9g\u00e8res \u00e9volutions font que le document de r\u00e9f\u00e9rence europ\u00e9en qui se permettait de d\u00e9finir les formats ouverts et de recommander l&#8217;usage des logiciels libres&#8230; ne recommanderait plus grand chose dans ce domaine&#8230;<\/p>\n<p>Surement une erreur de copi\u00e9-coll\u00e9 ?<\/p>\n","protected":false},"excerpt":{"rendered":"<p>Un brouillon du cadre d&#8217;int\u00e9rop\u00e9rabilit\u00e9 europ\u00e9en fait parler de lui&#8230; De l\u00e9g\u00e8res \u00e9volutions font que le document de r\u00e9f\u00e9rence europ\u00e9en qui se permettait de d\u00e9finir les formats ouverts et de recommander l&#8217;usage des logiciels libres&#8230; ne recommanderait plus grand chose dans ce domaine&#8230; Surement une erreur de copi\u00e9-coll\u00e9 ?<\/p>\n","protected":false},"author":1,"featured_media":0,"comment_status":"open","ping_status":"open","sticky":false,"template":"","format":"standard","meta":{"advanced_seo_description":"","jetpack_seo_html_title":"","jetpack_seo_noindex":false,"jetpack_post_was_ever_published":false,"_jetpack_newsletter_access":"","_jetpack_dont_email_post_to_subs":false,"_jetpack_newsletter_tier_id":0,"_jetpack_memberships_contains_paywalled_content":false,"_jetpack_memberships_contains_paid_content":false,"footnotes":""},"categories":[12,7],"tags":[276],"class_list":["post-680","post","type-post","status-publish","format-standard","hentry","category-europe","category-international","tag-logiciel-libre"],"jetpack_featured_media_url":"","jetpack_shortlink":"https:\/\/wp.me\/paNjQG-aY","jetpack-related-posts":[{"id":666,"url":"https:\/\/blog-alexis.monville.com\/en\/2009\/10\/17\/appel-a-communication-pour-solutions-linux-2010\/","url_meta":{"origin":680,"position":0},"title":"Appel \u00e0 communication pour Solutions Linux 2010","author":"Alexis","date":"October 17, 2009","format":false,"excerpt":"Une conf\u00e9rence gratuite \"L'administration et le libre\" est propos\u00e9e lors de la prochaine \u00e9dition du salon Solutions Linux qui se d\u00e9roulera du 16 au 18 mars 2010. L'appel \u00e0 communication est publi\u00e9 et vous avez jusqu'au 6 novembre pour proposer vos interventions Pour en savoir plus vous pouvez consulter les\u2026","rel":"","context":"In &quot;International&quot;","block_context":{"text":"International","link":"https:\/\/blog-alexis.monville.com\/en\/category\/international\/"},"img":{"alt_text":"image001","src":"https:\/\/i0.wp.com\/blog-alexis.monville.com\/wp-content\/uploads\/sites\/2\/2009\/10\/image001.jpg?resize=350%2C200&ssl=1","width":350,"height":200},"classes":[]},{"id":742,"url":"https:\/\/blog-alexis.monville.com\/en\/2010\/02\/02\/ladministration-et-le-libre\/","url_meta":{"origin":680,"position":1},"title":"L&#8217;administration et le libre","author":"Alexis","date":"February 2, 2010","format":false,"excerpt":"La conf\u00e9rence sur l'administration et le libre se tiendra le mercredi 17 mars de 9h00-12h30 (Salle Rubis) dans le cadre du salon solutions linux. La France est parmi les pays europ\u00e9ens celui qui utilise et d\u00e9veloppe le plus les logiciels libres pour les besoins de service public. En continuit\u00e9 des\u2026","rel":"","context":"In &quot;Interventions&quot;","block_context":{"text":"Interventions","link":"https:\/\/blog-alexis.monville.com\/en\/category\/interventions\/"},"img":{"alt_text":"","src":"https:\/\/i0.wp.com\/www.solutionslinux.fr\/linux\/images\/logo.gif?resize=350%2C200","width":350,"height":200},"classes":[]},{"id":68,"url":"https:\/\/blog-alexis.monville.com\/en\/2007\/06\/10\/assemblee-generale-du-cube\/","url_meta":{"origin":680,"position":2},"title":"Assembl\u00e9e g\u00e9n\u00e9rale du CUBE","author":"Alexis","date":"June 10, 2007","format":false,"excerpt":"J'\u00e9tais invit\u00e9 \u00e0 pr\u00e9senter la place des logiciels libres dans la modernisation de l'Etat lors de l'assembl\u00e9e g\u00e9n\u00e9rale du Club des utilisateurs Bull europ\u00e9ens. 15H00 Comp\u00e9titivit\u00e9 europ\u00e9enne : l\u2019enjeu des technologies de l\u2019information et l\u2019opportunit\u00e9 des logiciels libres Bernard Carayon, D\u00e9put\u00e9, Pr\u00e9sident de la Fondation Promoth\u00e9us et auteur du rapport\u2026","rel":"","context":"In &quot;International&quot;","block_context":{"text":"International","link":"https:\/\/blog-alexis.monville.com\/en\/category\/international\/"},"img":{"alt_text":"","src":"","width":0,"height":0},"classes":[]},{"id":50,"url":"https:\/\/blog-alexis.monville.com\/en\/2007\/02\/08\/idabc-oss-event-2007\/","url_meta":{"origin":680,"position":3},"title":"IDABC OSS Event 2007","author":"Alexis","date":"February 8, 2007","format":false,"excerpt":"J'ai particip\u00e9 \u00e0 la r\u00e9union du groupe d\u2019experts europ\u00e9ens IDABC sur les logiciels libres qui \u00e9tait consacr\u00e9e \u00e0 OSOR. La r\u00e9union \u00e9tait pr\u00e9sid\u00e9e par le Directeur G\u00e9n\u00e9ral de la DIGIT, Francisco Garcia Moran, auquel le programme IDABC est nouvellement attach\u00e9. L\u2019occasion de faire le point sur l\u2019avancement de l\u2019\u00e9tude de\u2026","rel":"","context":"In &quot;Europe&quot;","block_context":{"text":"Europe","link":"https:\/\/blog-alexis.monville.com\/en\/category\/international\/europe\/"},"img":{"alt_text":"","src":"","width":0,"height":0},"classes":[]},{"id":871,"url":"https:\/\/blog-alexis.monville.com\/en\/2010\/07\/29\/logiciels-libres\/","url_meta":{"origin":680,"position":4},"title":"Logiciels libres","author":"Alexis","date":"July 29, 2010","format":false,"excerpt":"Le site africain d'information et de communication StarAfrica.com propose \u00e0 pr\u00e9sent une s\u00e9lection de logiciels libres \u00e0 t\u00e9l\u00e9charger. Cette s\u00e9lection a \u00e9t\u00e9 r\u00e9alis\u00e9e par l'APRIL Association pour la promotion et la d\u00e9fense des logiciels libres dans le cadre de son projet de Catalogue Libre. En r\u00e9utilisant ce travail StarAfrica.com contribue\u2026","rel":"","context":"In &quot;General&quot;","block_context":{"text":"General","link":"https:\/\/blog-alexis.monville.com\/en\/category\/all\/"},"img":{"alt_text":"","src":"https:\/\/i0.wp.com\/blog-alexis.monville.com\/wp-content\/uploads\/sites\/2\/2010\/07\/starafrica-logiciel-libre.jpg?resize=350%2C200&ssl=1","width":350,"height":200},"classes":[]},{"id":1491,"url":"https:\/\/blog-alexis.monville.com\/en\/2012\/12\/07\/libre-vs-privateur\/","url_meta":{"origin":680,"position":5},"title":"Libre vs Privateur","author":"Alexis","date":"December 7, 2012","format":false,"excerpt":"Un titre en guise de clin d'oeil \u00e0 mes amis les Gnus (http:\/\/www.gnu.org)\u00a0! Beaucoup auraient dit \"Libre VS Propri\u00e9taire\", mais cette formulation impropre n'aurait probablement pas \u00e9t\u00e9 plus explicite. De quoi parlons-nous dans cette conversation avec Nick Barcet\u00a0? Nous parlons de la comparaison entre logiciel libre et logiciel privateur en\u2026","rel":"","context":"In &quot;General&quot;","block_context":{"text":"General","link":"https:\/\/blog-alexis.monville.com\/en\/category\/all\/"},"img":{"alt_text":"","src":"https:\/\/i0.wp.com\/blog-alexis.monville.com\/en\/wp-content\/uploads\/sites\/2\/2012\/12\/bulle-dialogue.png?fit=400%2C400&ssl=1&resize=350%2C200","width":350,"height":200},"classes":[]}],"jetpack_sharing_enabled":true,"_links":{"self":[{"href":"https:\/\/blog-alexis.monville.com\/en\/wp-json\/wp\/v2\/posts\/680","targetHints":{"allow":["GET"]}}],"collection":[{"href":"https:\/\/blog-alexis.monville.com\/en\/wp-json\/wp\/v2\/posts"}],"about":[{"href":"https:\/\/blog-alexis.monville.com\/en\/wp-json\/wp\/v2\/types\/post"}],"author":[{"embeddable":true,"href":"https:\/\/blog-alexis.monville.com\/en\/wp-json\/wp\/v2\/users\/1"}],"replies":[{"embeddable":true,"href":"https:\/\/blog-alexis.monville.com\/en\/wp-json\/wp\/v2\/comments?post=680"}],"version-history":[{"count":0,"href":"https:\/\/blog-alexis.monville.com\/en\/wp-json\/wp\/v2\/posts\/680\/revisions"}],"wp:attachment":[{"href":"https:\/\/blog-alexis.monville.com\/en\/wp-json\/wp\/v2\/media?parent=680"}],"wp:term":[{"taxonomy":"category","embeddable":true,"href":"https:\/\/blog-alexis.monville.com\/en\/wp-json\/wp\/v2\/categories?post=680"},{"taxonomy":"post_tag","embeddable":true,"href":"https:\/\/blog-alexis.monville.com\/en\/wp-json\/wp\/v2\/tags?post=680"}],"curies":[{"name":"wp","href":"https:\/\/api.w.org\/{rel}","templated":true}]}}