{"id":68,"date":"2007-06-10T17:07:24","date_gmt":"2007-06-10T16:07:24","guid":{"rendered":"http:\/\/alexismonville.wordpress.com\/2007\/06\/10\/assemblee-generale-du-cube\/"},"modified":"2007-06-10T17:07:24","modified_gmt":"2007-06-10T16:07:24","slug":"assemblee-generale-du-cube","status":"publish","type":"post","link":"https:\/\/blog-alexis.monville.com\/en\/2007\/06\/10\/assemblee-generale-du-cube\/","title":{"rendered":"Assembl\u00e9e g\u00e9n\u00e9rale du CUBE"},"content":{"rendered":"<p>J&#8217;\u00e9tais invit\u00e9 \u00e0 pr\u00e9senter la place des logiciels libres dans la modernisation de l&#8217;Etat lors de l&#8217;assembl\u00e9e g\u00e9n\u00e9rale du Club des utilisateurs Bull europ\u00e9ens.<\/p>\n<ul>\n<li>15H00 Comp\u00e9titivit\u00e9 europ\u00e9enne : l\u2019enjeu des technologies de l\u2019information et  l\u2019opportunit\u00e9 des logiciels libres<br \/>\nBernard Carayon, D\u00e9put\u00e9, Pr\u00e9sident de la Fondation Promoth\u00e9us et auteur du rapport au Premier ministre <a href=\"http:\/\/www.ladocumentationfrancaise.fr\/rapports-publics\/064000728\/index.shtml\" title=\"sur le site de la documentation fran\u00e7aise\" target=\"_blank\">&#8220;A armes \u00e9gales&#8221;<\/a> (2006) (repr\u00e9sent\u00e9 par Christian Daviot)<\/li>\n<\/ul>\n<ul>\n<li>15H30 Place des logiciels libres dans la modernisation des Syst\u00e8mes       d\u2019information des  Services Publics<br \/>\nAlexis Monville, Minist\u00e8re des Finances, DGME<br \/>\nJean-Christophe  N\u2019Guyen, Directeur des SI, Conseil G\u00e9n\u00e9ral de la Moselle (repr\u00e9sent\u00e9 par Francis Pinck)<\/li>\n<\/ul>\n<ul>\n<li>17H30 Bull <a href=\"http:\/\/www.bull.com\/fr\/services\/novaforge.php\" target=\"_blank\">NovaForge<\/a>, la plateforme de d\u00e9veloppement Open Source,<br \/>\nJean-Pierre Barberis, Directeur G\u00e9n\u00e9ral, Bull France<\/li>\n<\/ul>\n<ul>\n<li>18H30 Intervention de Didier Lamouche, Pr\u00e9sident Directeur G\u00e9n\u00e9ral, Bull<\/li>\n<\/ul>\n<p>en savoir plus sur le site de l&#8217;association : <a href=\"http:\/\/www.cube.asso.fr\" target=\"_blank\">http:\/\/www.cube.asso.fr<\/a><\/p>\n<p>et d\u00e9couvrez \u00e9galement les films humoristiques pr\u00e9sentant le <a href=\"http:\/\/www.bull.fr\/7i\" target=\"_blank\">programme 7i<\/a> des SWATS de Bull !<\/p>\n","protected":false},"excerpt":{"rendered":"<p>J&#8217;\u00e9tais invit\u00e9 \u00e0 pr\u00e9senter la place des logiciels libres dans la modernisation de l&#8217;Etat lors de l&#8217;assembl\u00e9e g\u00e9n\u00e9rale du Club des utilisateurs Bull europ\u00e9ens. 15H00 Comp\u00e9titivit\u00e9 europ\u00e9enne : l\u2019enjeu des technologies de l\u2019information et l\u2019opportunit\u00e9 des logiciels libres Bernard Carayon, D\u00e9put\u00e9, Pr\u00e9sident de la Fondation Promoth\u00e9us et auteur du rapport au Premier ministre &#8220;A armes [&hellip;]<\/p>\n","protected":false},"author":1,"featured_media":0,"comment_status":"open","ping_status":"open","sticky":false,"template":"","format":"standard","meta":{"advanced_seo_description":"","jetpack_seo_html_title":"","jetpack_seo_noindex":false,"jetpack_post_was_ever_published":false,"_jetpack_newsletter_access":"","_jetpack_dont_email_post_to_subs":false,"_jetpack_newsletter_tier_id":0,"_jetpack_memberships_contains_paywalled_content":false,"_jetpack_memberships_contains_paid_content":false,"footnotes":""},"categories":[7,8],"tags":[],"class_list":["post-68","post","type-post","status-publish","format-standard","hentry","category-international","category-interventions"],"jetpack_featured_media_url":"","jetpack_shortlink":"https:\/\/wp.me\/paNjQG-16","jetpack-related-posts":[{"id":14,"url":"https:\/\/blog-alexis.monville.com\/en\/2006\/05\/15\/les-rendez-vous-du-cete-logiciel-libre-enjeux-et-perspectives\/","url_meta":{"origin":68,"position":0},"title":"Les Rendez-Vous du CETE \u201cLogiciel libre : enjeux et perspectives\u201d","author":"Alexis","date":"May 15, 2006","format":false,"excerpt":"Invit\u00e9 \u00e0 repr\u00e9senter la Direction G\u00e9n\u00e9rale de la Modernisation de l'Etat lors des Conf\u00e9rences organis\u00e9es par le CETENord-Picardie : \"pour comprendre le pr\u00e9sent et construire l\u2019avenir\" A compl\u00e8ter avec le lien vers les pr\u00e9sentations de l'Adullact et du minist\u00e8re de l'\u00e9quipement et la mienne... Programme : 14h00 - Propos introductif\u2026","rel":"","context":"In &quot;Interventions&quot;","block_context":{"text":"Interventions","link":"https:\/\/blog-alexis.monville.com\/en\/category\/interventions\/"},"img":{"alt_text":"","src":"","width":0,"height":0},"classes":[]},{"id":40,"url":"https:\/\/blog-alexis.monville.com\/en\/2006\/11\/16\/club-senat\/","url_meta":{"origin":68,"position":1},"title":"Club S\u00e9nat","author":"Alexis","date":"November 16, 2006","format":false,"excerpt":"L'\u00e9conomie du logiciel, au service de la performance de la France Salons de la Pr\u00e9sidence du S\u00e9nat en pr\u00e9sence de : - M. Patrick Bertrand , pr\u00e9sident de l'association fran\u00e7aise des directeurs de logiciels AFDEL (directeur g\u00e9n\u00e9ral de Cegid) - le Colonel Nicolas G\u00e9raud, direction de la Gendarmerie Nationale, -\u2026","rel":"","context":"In &quot;General&quot;","block_context":{"text":"General","link":"https:\/\/blog-alexis.monville.com\/en\/category\/all\/"},"img":{"alt_text":"","src":"","width":0,"height":0},"classes":[]},{"id":32,"url":"https:\/\/blog-alexis.monville.com\/en\/2006\/10\/17\/club-01-dsi\/","url_meta":{"origin":68,"position":2},"title":"Club 01 DSI","author":"Alexis","date":"October 17, 2006","format":false,"excerpt":"Je suis intervenu comme \"t\u00e9moin\" lors du Club 01 DSI co-organis\u00e9 avec Thales sur le th\u00e8me des logiciels libres dont voici le programme : Logiciels libre : Pourquoi y recourir ? A Quelles conditions ? Logiciels libres : zoom sur le double paradoxe fran\u00e7ais. (Matthieu Poujol, consultant senior chez Pierre\u2026","rel":"","context":"In &quot;Interventions&quot;","block_context":{"text":"Interventions","link":"https:\/\/blog-alexis.monville.com\/en\/category\/interventions\/"},"img":{"alt_text":"","src":"","width":0,"height":0},"classes":[]},{"id":49,"url":"https:\/\/blog-alexis.monville.com\/en\/2007\/01\/31\/conferences-adele\/","url_meta":{"origin":68,"position":3},"title":"Conf\u00e9rences ADELE","author":"Alexis","date":"January 31, 2007","format":false,"excerpt":"J'ai eu le grand plaisir de pr\u00e9sider les conf\u00e9rences ADELE sur le salon solutions linux, je viens de mettre en ligne les pr\u00e9sentation sur Synergies. Le programme des interventions : Conf\u00e9rences Ad\u00e8le au Salon Solution Linux 2007 31 janvier 2007 - 9h30 \u00e0 12h30 - CNIT \u2013 S5 \u2013 Doppler\u2026","rel":"","context":"In &quot;International&quot;","block_context":{"text":"International","link":"https:\/\/blog-alexis.monville.com\/en\/category\/international\/"},"img":{"alt_text":"","src":"","width":0,"height":0},"classes":[]},{"id":643,"url":"https:\/\/blog-alexis.monville.com\/en\/2009\/09\/02\/le-facteur-humain-coeur-de-lindustrie-du-logiciel-libre\/","url_meta":{"origin":68,"position":4},"title":"Le facteur humain&#8230; coeur de l&#8217;Industrie du logiciel libre","author":"Alexis","date":"September 2, 2009","format":false,"excerpt":"Paris, le 2 octobre 2009, dans le cadre du forum mondial du libre (Open World Forum) se tiendra la conf\u00e9rence : \"Le facteur humain... coeur de l'Industrie du logiciel libre.\" Comment la dimension humaine collaborative et le mode de croissance organique du Logiciel Libre peuvent transformer en profondeur le monde\u2026","rel":"","context":"In &quot;ayeba&quot;","block_context":{"text":"ayeba","link":"https:\/\/blog-alexis.monville.com\/en\/category\/ayeba\/"},"img":{"alt_text":"OWF 2009","src":"http:\/\/openworldforum.org\/owf\/portal\/contact\/OWF_200x216.jpg\/image_preview","width":350,"height":200},"classes":[]},{"id":47,"url":"https:\/\/blog-alexis.monville.com\/en\/2006\/12\/25\/adieu-2006-bonjour-2007\/","url_meta":{"origin":68,"position":5},"title":"Adieu 2006\u2026 Bonjour 2007 !","author":"Alexis","date":"December 25, 2006","format":false,"excerpt":"2006 va se terminer, c'est \u00e9videment l'heure r\u00eav\u00e9e pour un bilan qui servira \u00e0 pr\u00e9parer au mieux 2007 ! L'ann\u00e9e a commenc\u00e9 avec une nouvelle direction g\u00e9n\u00e9rale de la modernisation de l'\u00e9tat du minist\u00e8re de l'\u00e9conomie, des finances et de l'industrie pour prendre en charge le d\u00e9veloppement de l'administration \u00e9lectronique\u2026","rel":"","context":"In &quot;General&quot;","block_context":{"text":"General","link":"https:\/\/blog-alexis.monville.com\/en\/category\/all\/"},"img":{"alt_text":"","src":"","width":0,"height":0},"classes":[]}],"jetpack_sharing_enabled":true,"_links":{"self":[{"href":"https:\/\/blog-alexis.monville.com\/en\/wp-json\/wp\/v2\/posts\/68","targetHints":{"allow":["GET"]}}],"collection":[{"href":"https:\/\/blog-alexis.monville.com\/en\/wp-json\/wp\/v2\/posts"}],"about":[{"href":"https:\/\/blog-alexis.monville.com\/en\/wp-json\/wp\/v2\/types\/post"}],"author":[{"embeddable":true,"href":"https:\/\/blog-alexis.monville.com\/en\/wp-json\/wp\/v2\/users\/1"}],"replies":[{"embeddable":true,"href":"https:\/\/blog-alexis.monville.com\/en\/wp-json\/wp\/v2\/comments?post=68"}],"version-history":[{"count":0,"href":"https:\/\/blog-alexis.monville.com\/en\/wp-json\/wp\/v2\/posts\/68\/revisions"}],"wp:attachment":[{"href":"https:\/\/blog-alexis.monville.com\/en\/wp-json\/wp\/v2\/media?parent=68"}],"wp:term":[{"taxonomy":"category","embeddable":true,"href":"https:\/\/blog-alexis.monville.com\/en\/wp-json\/wp\/v2\/categories?post=68"},{"taxonomy":"post_tag","embeddable":true,"href":"https:\/\/blog-alexis.monville.com\/en\/wp-json\/wp\/v2\/tags?post=68"}],"curies":[{"name":"wp","href":"https:\/\/api.w.org\/{rel}","templated":true}]}}