{"id":675,"date":"2009-11-04T00:18:11","date_gmt":"2009-11-03T22:18:11","guid":{"rendered":"https:\/\/blog-alexis.monville.com\/?p=675"},"modified":"2009-11-04T00:18:11","modified_gmt":"2009-11-03T22:18:11","slug":"aider-agoravox","status":"publish","type":"post","link":"https:\/\/blog-alexis.monville.com\/en\/2009\/11\/04\/aider-agoravox\/","title":{"rendered":"Aider AgoraVox ?"},"content":{"rendered":"<p><a href=\"http:\/\/www.agoravox.fr\/actualites\/medias\/article\/pourquoi-il-faut-aider-la-64215\"><img data-recalc-dims=\"1\" loading=\"lazy\" decoding=\"async\" class=\"alignleft\" src=\"https:\/\/i0.wp.com\/www.agoravox.fr\/local\/cache-vignettes\/L300xH292\/Presse-15c0c.jpg?resize=300%2C292\" alt=\"\" width=\"300\" height=\"292\" \/><\/a><em> <\/em><em>\u00ab\u00a0En faisant passer les sources de nos informations les plus pr\u00e9cieuses sous le statut de Fondations, nous les lib\u00e8rerons des structures obsol\u00e8tes de mod\u00e8les d\u2019affaires que ne fonctionnent plus, et nous leur donnerons une place permanente au sein de notre soci\u00e9t\u00e9, au m\u00eame titre que nos universit\u00e9s\u00a0(&#8230;) leur permettant aussi de servir le bien public plus efficacement.<\/em><em> Finies les pressions des actionnaires ou des annonceurs\u00a0\u00bb ainsi se terminait la tribune de David Swensen et Michael Schmidt de Yale publi\u00e9e dans le New-York Times.<\/em><\/p>\n<p><a href=\"http:\/\/www.agoravox.fr\/actualites\/medias\/article\/pourquoi-il-faut-aider-la-64215\" target=\"_blank\">AgoraVox est un media citoyen<\/a> qui s&#8217;est organis\u00e9 en fondation afin de subvenir \u00e0 ses besoins.<\/p>\n<p>A d\u00e9couvrir bien sur ! et \u00e0 aider !<\/p>\n","protected":false},"excerpt":{"rendered":"<p>\u00ab\u00a0En faisant passer les sources de nos informations les plus pr\u00e9cieuses sous le statut de Fondations, nous les lib\u00e8rerons des structures obsol\u00e8tes de mod\u00e8les d\u2019affaires que ne fonctionnent plus, et nous leur donnerons une place permanente au sein de notre soci\u00e9t\u00e9, au m\u00eame titre que nos universit\u00e9s\u00a0(&#8230;) leur permettant aussi de servir le bien public [&hellip;]<\/p>\n","protected":false},"author":1,"featured_media":0,"comment_status":"open","ping_status":"open","sticky":false,"template":"","format":"standard","meta":{"advanced_seo_description":"","jetpack_seo_html_title":"","jetpack_seo_noindex":false,"jetpack_post_was_ever_published":false,"_jetpack_newsletter_access":"","_jetpack_dont_email_post_to_subs":false,"_jetpack_newsletter_tier_id":0,"_jetpack_memberships_contains_paywalled_content":false,"_jetpack_memberships_contains_paid_content":false,"footnotes":""},"categories":[5],"tags":[],"class_list":["post-675","post","type-post","status-publish","format-standard","hentry","category-explorateurs"],"jetpack_featured_media_url":"","jetpack_shortlink":"https:\/\/wp.me\/paNjQG-aT","jetpack-related-posts":[{"id":662,"url":"https:\/\/blog-alexis.monville.com\/en\/2009\/10\/04\/conference-sur-le-facteur-humain\/","url_meta":{"origin":675,"position":0},"title":"Conf\u00e9rence sur le facteur humain","author":"Alexis","date":"October 4, 2009","format":false,"excerpt":"Je reprend ici un billet publi\u00e9 sur ayeba.fr. Ce vendredi 2 octobre 2009, de 14h \u00e0 16h, se d\u00e9roulait lors de l'OpenWorldForum, la conf\u00e9rence : \"le facteur humain... au coeur de l'industrie du logiciel libre\". Une conf\u00e9rence pour aborder le facteur humain au coeur du succ\u00e8s du logiciel libre !\u2026","rel":"","context":"In &quot;ayeba&quot;","block_context":{"text":"ayeba","link":"https:\/\/blog-alexis.monville.com\/en\/category\/ayeba\/"},"img":{"alt_text":"","src":"https:\/\/i0.wp.com\/farm3.static.flickr.com\/2440\/3979097399_d3d66d6cdb_m.jpg?resize=350%2C200","width":350,"height":200},"classes":[]},{"id":1122,"url":"https:\/\/blog-alexis.monville.com\/en\/2011\/06\/13\/les-indignes\/","url_meta":{"origin":675,"position":1},"title":"Les indign\u00e9s","author":"Alexis","date":"June 13, 2011","format":false,"excerpt":"A l'heure ou les indign\u00e9s quittent la place qu'ils avaient investis depuis le 15 mai \u00e0 Madrid, je reviens sur la revendication qui m'a le plus surpris : Nous voulons la d\u00e9mocratie Surpris, car ce que nous avions commun\u00e9ment admis comme des revendications de d\u00e9mocratie pour la Tunisie, l'Egypte, la\u2026","rel":"","context":"In &quot;General&quot;","block_context":{"text":"General","link":"https:\/\/blog-alexis.monville.com\/en\/category\/all\/"},"img":{"alt_text":"","src":"","width":0,"height":0},"classes":[]},{"id":845,"url":"https:\/\/blog-alexis.monville.com\/en\/2010\/06\/24\/afriqueauquinze\/","url_meta":{"origin":675,"position":2},"title":"AfriqueAuQuinze","author":"Alexis","date":"June 24, 2010","format":false,"excerpt":"La passion partag\u00e9e pendant cette ann\u00e9e avec l'\u00e9quipe de StarAfrica.com, m'a fait prendre conscience que je connaissais plusieurs personnes qui avaient des projets en Afrique. Leur int\u00e9r\u00eat pour l'Afrique, des m\u00e9tiers proches du num\u00e9rique, ne sont pas les seuls points communs qui m'ont attir\u00e9s. La passion qui les anime, les\u2026","rel":"","context":"In &quot;General&quot;","block_context":{"text":"General","link":"https:\/\/blog-alexis.monville.com\/en\/category\/all\/"},"img":{"alt_text":"AfriqueAuQuinze","src":"https:\/\/i0.wp.com\/blog-alexis.monville.com\/wp-content\/uploads\/sites\/2\/2010\/06\/afriqueauquinze.png?resize=350%2C200&ssl=1","width":350,"height":200},"classes":[]},{"id":1828,"url":"https:\/\/blog-alexis.monville.com\/en\/2014\/04\/22\/developper-des-produits-avec-des-equipes-distribuees\/","url_meta":{"origin":675,"position":3},"title":"D\u00e9velopper des produits avec des \u00e9quipes distribu\u00e9es","author":"Alexis","date":"April 22, 2014","format":false,"excerpt":"Apr\u00e8s la conf\u00e9rence que j'ai donn\u00e9 le 10 avril pour le ScrumDay, je suis en train de pr\u00e9parer celle que je donnerais lors de Mix-IT le 30 avril 2014. Le r\u00e9sum\u00e9 de la session est assez similaire entre les deux, voici celui du ScrumDay : De nos jours, presque tout\u2026","rel":"","context":"In &quot;Interventions&quot;","block_context":{"text":"Interventions","link":"https:\/\/blog-alexis.monville.com\/en\/category\/interventions\/"},"img":{"alt_text":"","src":"https:\/\/i0.wp.com\/blog-alexis.monville.com\/en\/wp-content\/uploads\/sites\/2\/2014\/04\/mixit-banner.png?fit=800%2C270&ssl=1&resize=350%2C200","width":350,"height":200,"srcset":"https:\/\/i0.wp.com\/blog-alexis.monville.com\/en\/wp-content\/uploads\/sites\/2\/2014\/04\/mixit-banner.png?fit=800%2C270&ssl=1&resize=350%2C200 1x, https:\/\/i0.wp.com\/blog-alexis.monville.com\/en\/wp-content\/uploads\/sites\/2\/2014\/04\/mixit-banner.png?fit=800%2C270&ssl=1&resize=525%2C300 1.5x, https:\/\/i0.wp.com\/blog-alexis.monville.com\/en\/wp-content\/uploads\/sites\/2\/2014\/04\/mixit-banner.png?fit=800%2C270&ssl=1&resize=700%2C400 2x"},"classes":[]},{"id":1227,"url":"https:\/\/blog-alexis.monville.com\/en\/2011\/10\/04\/strategie-vs-mise-en-oeuvre\/","url_meta":{"origin":675,"position":4},"title":"Strat\u00e9gie vs Mise en oeuvre","author":"Alexis","date":"October 4, 2011","format":false,"excerpt":"Je re\u00e7ois p\u00e9riodiquement la lettre d'information de McKinsey.\u00a0Le titre de l'\u00e9dition du mois d'octobre m'a permis de comprendre l'\u00e9cart de vision qu'il pouvait exister avec ce que je propose. Cette lettre est titr\u00e9e : Strat\u00e9gie pour une \u00e9poque incertaine ou Strategy for uncertain times en version originale. Pourquoi un \u00e9cart\u2026","rel":"","context":"In &quot;ayeba&quot;","block_context":{"text":"ayeba","link":"https:\/\/blog-alexis.monville.com\/en\/category\/ayeba\/"},"img":{"alt_text":"","src":"https:\/\/i0.wp.com\/blog-alexis.monville.com\/wp-content\/uploads\/sites\/2\/2011\/10\/strategy-chess-1024x682.jpg?resize=350%2C200&ssl=1","width":350,"height":200},"classes":[]},{"id":912,"url":"https:\/\/blog-alexis.monville.com\/en\/2010\/10\/03\/turn-freedom-on\/","url_meta":{"origin":675,"position":5},"title":"Turn freedom on","author":"Alexis","date":"October 3, 2010","format":false,"excerpt":"Eben Moglen a donn\u00e9e la keynote de cloture de la premi\u00e8re journ\u00e9e de l'OpenWorldForum le 30 septembre 2010. La libert\u00e9 \u00e9tait le th\u00e8me principal de l'adresse d'Eben Moglen. La libert\u00e9 apport\u00e9e par les travaux du mouvement pour le logiciel libre qui a r\u00e9ussi \u00e0 mettre de la libert\u00e9 dans de\u2026","rel":"","context":"In &quot;International&quot;","block_context":{"text":"International","link":"https:\/\/blog-alexis.monville.com\/en\/category\/international\/"},"img":{"alt_text":"","src":"https:\/\/i0.wp.com\/blog-alexis.monville.com\/wp-content\/uploads\/sites\/2\/2010\/10\/gnu-social-logo.png?resize=350%2C200&ssl=1","width":350,"height":200},"classes":[]}],"jetpack_sharing_enabled":true,"_links":{"self":[{"href":"https:\/\/blog-alexis.monville.com\/en\/wp-json\/wp\/v2\/posts\/675","targetHints":{"allow":["GET"]}}],"collection":[{"href":"https:\/\/blog-alexis.monville.com\/en\/wp-json\/wp\/v2\/posts"}],"about":[{"href":"https:\/\/blog-alexis.monville.com\/en\/wp-json\/wp\/v2\/types\/post"}],"author":[{"embeddable":true,"href":"https:\/\/blog-alexis.monville.com\/en\/wp-json\/wp\/v2\/users\/1"}],"replies":[{"embeddable":true,"href":"https:\/\/blog-alexis.monville.com\/en\/wp-json\/wp\/v2\/comments?post=675"}],"version-history":[{"count":0,"href":"https:\/\/blog-alexis.monville.com\/en\/wp-json\/wp\/v2\/posts\/675\/revisions"}],"wp:attachment":[{"href":"https:\/\/blog-alexis.monville.com\/en\/wp-json\/wp\/v2\/media?parent=675"}],"wp:term":[{"taxonomy":"category","embeddable":true,"href":"https:\/\/blog-alexis.monville.com\/en\/wp-json\/wp\/v2\/categories?post=675"},{"taxonomy":"post_tag","embeddable":true,"href":"https:\/\/blog-alexis.monville.com\/en\/wp-json\/wp\/v2\/tags?post=675"}],"curies":[{"name":"wp","href":"https:\/\/api.w.org\/{rel}","templated":true}]}}