{"id":671,"date":"2009-10-22T00:06:08","date_gmt":"2009-10-21T22:06:08","guid":{"rendered":"https:\/\/blog-alexis.monville.com\/?p=671"},"modified":"2009-10-22T00:06:08","modified_gmt":"2009-10-21T22:06:08","slug":"colibri-ou-collibri","status":"publish","type":"post","link":"https:\/\/blog-alexis.monville.com\/en\/2009\/10\/22\/colibri-ou-collibri\/","title":{"rendered":"Colibri ou CoLLibri ?"},"content":{"rendered":"<p><img data-recalc-dims=\"1\" loading=\"lazy\" decoding=\"async\" class=\"alignleft\" style=\"margin: 10px\" src=\"https:\/\/i0.wp.com\/collibri.org\/media\/collibri\/images\/head\/logo-collibri.png?resize=171%2C51\" alt=\"\" width=\"171\" height=\"51\" \/><\/p>\n<p>Le lancement de <a href=\"http:\/\/collibri.org\/\" target=\"_blank\">coLLibri<\/a> se d\u00e9roulait le 20 octobre 2009 \u00e0 <a href=\"http:\/\/lacantine.org\/events\/rencontre-collibri-le-20-octobre-a-la-cantine-2\" target=\"_blank\">La Cantine Num\u00e9rique<\/a>. L&#8217;objectif de la communaut\u00e9 coLLibri est de faire se rencontrer les acteurs du logiciel libre et ceux du web 2.0 afin de favoriser l&#8217;\u00e9mergence de projets communs.<\/p>\n<p>Open Innovation, coop\u00e9ration, intelligence collective, r\u00e9seaux sociaux, nouveaux mod\u00e8les \u00e9conomiques&#8230; et bien sur financement des projets seront autant de th\u00e8mes d&#8217;int\u00e9r\u00eats \u00e0 partager entre les membres de cette communaut\u00e9 issue du pole de comp\u00e9titivit\u00e9 <a href=\"http:\/\/www.capdigital.com\/cap-digital\/adherer\/\" target=\"_blank\">Cap Digital<\/a>.<\/p>\n<p>Rejoignez coLLibri sur : <a href=\"http:\/\/collibri.org\" target=\"_blank\">http:\/\/collibri.org<\/a><\/p>\n","protected":false},"excerpt":{"rendered":"<p>Le lancement de coLLibri se d\u00e9roulait le 20 octobre 2009 \u00e0 La Cantine Num\u00e9rique. L&#8217;objectif de la communaut\u00e9 coLLibri est de faire se rencontrer les acteurs du logiciel libre et ceux du web 2.0 afin de favoriser l&#8217;\u00e9mergence de projets communs. Open Innovation, coop\u00e9ration, intelligence collective, r\u00e9seaux sociaux, nouveaux mod\u00e8les \u00e9conomiques&#8230; et bien sur financement [&hellip;]<\/p>\n","protected":false},"author":1,"featured_media":0,"comment_status":"open","ping_status":"open","sticky":false,"template":"","format":"standard","meta":{"advanced_seo_description":"","jetpack_seo_html_title":"","jetpack_seo_noindex":false,"jetpack_post_was_ever_published":false,"_jetpack_newsletter_access":"","_jetpack_dont_email_post_to_subs":false,"_jetpack_newsletter_tier_id":0,"_jetpack_memberships_contains_paywalled_content":false,"_jetpack_memberships_contains_paid_content":false,"footnotes":""},"categories":[1],"tags":[276,321],"class_list":["post-671","post","type-post","status-publish","format-standard","hentry","category-all","tag-logiciel-libre","tag-open-source"],"jetpack_featured_media_url":"","jetpack_shortlink":"https:\/\/wp.me\/paNjQG-aP","jetpack-related-posts":[{"id":783,"url":"https:\/\/blog-alexis.monville.com\/en\/2010\/03\/05\/la-croissance-par-le-partage\/","url_meta":{"origin":671,"position":0},"title":"La croissance par le partage","author":"Alexis","date":"March 5, 2010","format":false,"excerpt":"Charles-H. Schulz d'Ars Aperta, a anim\u00e9 \u00a0\u00e0 La Cantine une table-ronde sur les mod\u00e8les de d\u00e9veloppement et de collaboration au sein des projets du logiciel libre : - Tristan Nitot, Mozilla Europe - Nicolas Barcet, Ubuntu (Canonical) - Louis Montagne, Bearstech - John Lejeune, Hackable Devices - Luis Belmar, Itaapy\u2026","rel":"","context":"In &quot;International&quot;","block_context":{"text":"International","link":"https:\/\/blog-alexis.monville.com\/en\/category\/international\/"},"img":{"alt_text":"","src":"","width":0,"height":0},"classes":[]},{"id":634,"url":"https:\/\/blog-alexis.monville.com\/en\/2009\/08\/01\/owf-owf2009le-facteur-humain-au-coeur-de-lindustrie-du-logiciel-libre\/","url_meta":{"origin":671,"position":1},"title":"Le facteur humain&#8230; au coeur de l&#8217;industrie du logiciel libre","author":"Alexis","date":"August 1, 2009","format":false,"excerpt":"Le FLOSS, l'OpenSource, le logiciel libre... Un truc de geek, de techos, de chevelus... Cette image est bien sur erron\u00e9e et les Directeurs des Syst\u00e8mes d'Information qui ont adopt\u00e9s des solutions sous licences libres se sont \u00e9galement fait les farouches partisants d'un mod\u00e8le qui leur permet de reprendre la ma\u00eetrise\u2026","rel":"","context":"In &quot;Interventions&quot;","block_context":{"text":"Interventions","link":"https:\/\/blog-alexis.monville.com\/en\/category\/interventions\/"},"img":{"alt_text":"OWF 2009","src":"http:\/\/openworldforum.org\/owf\/portal\/contact\/OWF_200x216.jpg\/image_preview","width":350,"height":200},"classes":[]},{"id":483,"url":"https:\/\/blog-alexis.monville.com\/en\/2009\/04\/09\/solutionslinux-administration-electronique-libre\/","url_meta":{"origin":671,"position":2},"title":"Administration \u00e9lectronique libre","author":"Alexis","date":"April 9, 2009","format":false,"excerpt":"Cet article pour remercier chaleureusement les orateurs et les auditeurs des conf\u00e9rences \"administration \u00e9lectronique libre\" qui se sont tenus le 1er avril sur le Salon Solutions Linux. Je viens de publier les pr\u00e9sentations sur SlideShare, vous trouverez les liens ci-dessous : Pr@tic, plate-forme de t\u00e9l\u00e9services libre du Centre de Gestion\u2026","rel":"","context":"In &quot;Explorateurs&quot;","block_context":{"text":"Explorateurs","link":"https:\/\/blog-alexis.monville.com\/en\/category\/explorateurs\/"},"img":{"alt_text":"","src":"https:\/\/i0.wp.com\/www.solutionslinux.fr\/images\/index_07.jpg?resize=350%2C200","width":350,"height":200},"classes":[]},{"id":32,"url":"https:\/\/blog-alexis.monville.com\/en\/2006\/10\/17\/club-01-dsi\/","url_meta":{"origin":671,"position":3},"title":"Club 01 DSI","author":"Alexis","date":"October 17, 2006","format":false,"excerpt":"Je suis intervenu comme \"t\u00e9moin\" lors du Club 01 DSI co-organis\u00e9 avec Thales sur le th\u00e8me des logiciels libres dont voici le programme : Logiciels libre : Pourquoi y recourir ? A Quelles conditions ? Logiciels libres : zoom sur le double paradoxe fran\u00e7ais. (Matthieu Poujol, consultant senior chez Pierre\u2026","rel":"","context":"In &quot;Interventions&quot;","block_context":{"text":"Interventions","link":"https:\/\/blog-alexis.monville.com\/en\/category\/interventions\/"},"img":{"alt_text":"","src":"","width":0,"height":0},"classes":[]},{"id":66,"url":"https:\/\/blog-alexis.monville.com\/en\/2007\/05\/27\/pour-un-%c2%ab-summer-of-code-%c2%bb-a-la-francaise\/","url_meta":{"origin":671,"position":4},"title":"Pour un \u00ab Summer of Code \u00bb \u00e0 la fran\u00e7aise","author":"Alexis","date":"May 27, 2007","format":false,"excerpt":"Google organise pour la troisi\u00e8me ann\u00e9e cons\u00e9cutive, le Google Summer of Code. Le succ\u00e8s de l'\u00e9v\u00e8nement ne se d\u00e9ment pas : 600 participants pour cette ann\u00e9e 2007. Le principe est simple, des organisations proposant des \u00e9volutions de logiciels libres sont candidates pour devenir tuteurs, suite \u00e0 cela des \u00e9tudiants se\u2026","rel":"","context":"In &quot;General&quot;","block_context":{"text":"General","link":"https:\/\/blog-alexis.monville.com\/en\/category\/all\/"},"img":{"alt_text":"","src":"","width":0,"height":0},"classes":[]},{"id":71,"url":"https:\/\/blog-alexis.monville.com\/en\/2007\/07\/05\/idabc-oss-expert-group-meeting-2\/","url_meta":{"origin":671,"position":5},"title":"IDABC &#8211; OSS Expert Group meeting","author":"Alexis","date":"July 5, 2007","format":false,"excerpt":"R\u00e9union du groupe experts de la commission europ\u00e9enne IDABC logiciels libres \u00e0 Bruxelles le 27 juin 2007. Cette r\u00e9union avait pour th\u00e8me principal, la pr\u00e9sentation de l'\u00e9tude de faisabilit\u00e9 du projet OSOR (Open Source Observatory and Repository). L'\u00e9tude de faisabilit\u00e9 montre les enjeux, les besoins des diff\u00e9rents \u00e9tats membres, pour\u2026","rel":"","context":"In &quot;Europe&quot;","block_context":{"text":"Europe","link":"https:\/\/blog-alexis.monville.com\/en\/category\/international\/europe\/"},"img":{"alt_text":"","src":"","width":0,"height":0},"classes":[]}],"jetpack_sharing_enabled":true,"_links":{"self":[{"href":"https:\/\/blog-alexis.monville.com\/en\/wp-json\/wp\/v2\/posts\/671","targetHints":{"allow":["GET"]}}],"collection":[{"href":"https:\/\/blog-alexis.monville.com\/en\/wp-json\/wp\/v2\/posts"}],"about":[{"href":"https:\/\/blog-alexis.monville.com\/en\/wp-json\/wp\/v2\/types\/post"}],"author":[{"embeddable":true,"href":"https:\/\/blog-alexis.monville.com\/en\/wp-json\/wp\/v2\/users\/1"}],"replies":[{"embeddable":true,"href":"https:\/\/blog-alexis.monville.com\/en\/wp-json\/wp\/v2\/comments?post=671"}],"version-history":[{"count":0,"href":"https:\/\/blog-alexis.monville.com\/en\/wp-json\/wp\/v2\/posts\/671\/revisions"}],"wp:attachment":[{"href":"https:\/\/blog-alexis.monville.com\/en\/wp-json\/wp\/v2\/media?parent=671"}],"wp:term":[{"taxonomy":"category","embeddable":true,"href":"https:\/\/blog-alexis.monville.com\/en\/wp-json\/wp\/v2\/categories?post=671"},{"taxonomy":"post_tag","embeddable":true,"href":"https:\/\/blog-alexis.monville.com\/en\/wp-json\/wp\/v2\/tags?post=671"}],"curies":[{"name":"wp","href":"https:\/\/api.w.org\/{rel}","templated":true}]}}