{"id":666,"date":"2009-10-17T23:50:19","date_gmt":"2009-10-17T21:50:19","guid":{"rendered":"https:\/\/blog-alexis.monville.com\/?p=666"},"modified":"2009-10-17T23:50:19","modified_gmt":"2009-10-17T21:50:19","slug":"appel-a-communication-pour-solutions-linux-2010","status":"publish","type":"post","link":"https:\/\/blog-alexis.monville.com\/en\/2009\/10\/17\/appel-a-communication-pour-solutions-linux-2010\/","title":{"rendered":"Appel \u00e0 communication pour Solutions Linux 2010"},"content":{"rendered":"<p><a href=\"http:\/\/www.confsolutionslinuxparis.com\/\"><img data-recalc-dims=\"1\" loading=\"lazy\" decoding=\"async\" data-attachment-id=\"667\" data-permalink=\"https:\/\/blog-alexis.monville.com\/en\/2009\/10\/17\/appel-a-communication-pour-solutions-linux-2010\/image001\/\" data-orig-file=\"https:\/\/i0.wp.com\/blog-alexis.monville.com\/en\/wp-content\/uploads\/sites\/2\/2009\/10\/image001.jpg?fit=118%2C71&amp;ssl=1\" data-orig-size=\"118,71\" data-comments-opened=\"1\" data-image-meta=\"{&quot;aperture&quot;:&quot;0&quot;,&quot;credit&quot;:&quot;&quot;,&quot;camera&quot;:&quot;&quot;,&quot;caption&quot;:&quot;&quot;,&quot;created_timestamp&quot;:&quot;0&quot;,&quot;copyright&quot;:&quot;&quot;,&quot;focal_length&quot;:&quot;0&quot;,&quot;iso&quot;:&quot;0&quot;,&quot;shutter_speed&quot;:&quot;0&quot;,&quot;title&quot;:&quot;&quot;}\" data-image-title=\"image001\" data-image-description=\"\" data-image-caption=\"\" data-large-file=\"https:\/\/i0.wp.com\/blog-alexis.monville.com\/en\/wp-content\/uploads\/sites\/2\/2009\/10\/image001.jpg?fit=118%2C71&amp;ssl=1\" class=\"alignleft size-full wp-image-667\" style=\"margin: 10px\" src=\"https:\/\/i0.wp.com\/blog-alexis.monville.com\/wp-content\/uploads\/sites\/2\/2009\/10\/image001.jpg?resize=118%2C71&#038;ssl=1\" alt=\"image001\" width=\"118\" height=\"71\" \/><\/a>Une conf\u00e9rence gratuite &#8220;L&#8217;administration et le libre&#8221; est propos\u00e9e lors de la prochaine \u00e9dition du salon Solutions Linux qui se d\u00e9roulera du 16 au 18 mars 2010.<\/p>\n<p><a href=\"http:\/\/www.grapheos.com\/confmanager\/2010\/appelacom_solutionslinux2010.pdf\" target=\"_blank\">L&#8217;appel \u00e0 communication<\/a> est publi\u00e9 et vous avez jusqu&#8217;au <strong>6 novembre<\/strong> pour proposer <a href=\"http:\/\/www.confsolutionslinuxparis.com\/\" target=\"_blank\">vos interventions <\/a><\/p>\n<p>Pour en savoir plus vous pouvez consulter les billets relatants les \u00e9ditions pr\u00e9c\u00e9dentes : <a href=\"https:\/\/blog-alexis.monville.com\/2009\/04\/09\/solutionslinux-administration-electronique-libre\/\" target=\"_blank\">2009<\/a>, <a href=\"https:\/\/blog-alexis.monville.com\/2007\/06\/19\/solutions-linux-2008-appel-a-communications\/\" target=\"_blank\">2008<\/a>, <a href=\"https:\/\/blog-alexis.monville.com\/2007\/01\/31\/conferences-adele\/\" target=\"_blank\">2007<\/a>&#8230;<\/p>\n<blockquote>\n<p style=\"margin: 0.0px 0.0px 0.0px 0.0px;font: 14.0px Arial\">La France est parmi les pays europ\u00e9ens celui qui utilise et d\u00e9veloppe le plus les logiciels libres pour les besoins de service public. En continuit\u00e9 des conf\u00e9rences administration \u00e9lectronique libre \u00e0 Solutions Linux, cette session veut pr\u00e9senter les chantiers et les enjeux de l\u2019utilisation des logiciels libres et des formats ouverts dans le service public. Vous avez d\u00e9ploy\u00e9 des logiciels libres dans un service public, vous d\u00e9veloppez un logiciel libre qui pourrait y \u00eatre utile, vous mutualisez etc&#8230; apportez votre contribution !<\/p>\n<\/blockquote>\n","protected":false},"excerpt":{"rendered":"<p>Une conf\u00e9rence gratuite &#8220;L&#8217;administration et le libre&#8221; est propos\u00e9e lors de la prochaine \u00e9dition du salon Solutions Linux qui se d\u00e9roulera du 16 au 18 mars 2010. L&#8217;appel \u00e0 communication est publi\u00e9 et vous avez jusqu&#8217;au 6 novembre pour proposer vos interventions Pour en savoir plus vous pouvez consulter les billets relatants les \u00e9ditions pr\u00e9c\u00e9dentes [&hellip;]<\/p>\n","protected":false},"author":1,"featured_media":0,"comment_status":"open","ping_status":"open","sticky":false,"template":"","format":"standard","meta":{"advanced_seo_description":"","jetpack_seo_html_title":"","jetpack_seo_noindex":false,"jetpack_post_was_ever_published":false,"_jetpack_newsletter_access":"","_jetpack_dont_email_post_to_subs":false,"_jetpack_newsletter_tier_id":0,"_jetpack_memberships_contains_paywalled_content":false,"_jetpack_memberships_contains_paid_content":false,"footnotes":""},"categories":[7],"tags":[276,321],"class_list":["post-666","post","type-post","status-publish","format-standard","hentry","category-international","tag-logiciel-libre","tag-open-source"],"jetpack_featured_media_url":"","jetpack_shortlink":"https:\/\/wp.me\/paNjQG-aK","jetpack-related-posts":[{"id":796,"url":"https:\/\/blog-alexis.monville.com\/en\/2010\/03\/11\/logiciel-libre\/","url_meta":{"origin":666,"position":0},"title":"Logiciel libre","author":"Alexis","date":"March 11, 2010","format":false,"excerpt":"En quelques mots aujourd'hui pour : vous inviter \u00e0 noter dans vos agendas que le Salon Solutions Linux se tiendra \u00e0 la porte de Versailles du 16 au 18 mars, je vous souhaite nombreux pour la conf\u00e9rence Administration et Libre le 17 mars \u00e0 9h00, vous encourager \u00e0 r\u00e9agir \u00e0\u2026","rel":"","context":"In &quot;Interventions&quot;","block_context":{"text":"Interventions","link":"https:\/\/blog-alexis.monville.com\/en\/category\/interventions\/"},"img":{"alt_text":"","src":"","width":0,"height":0},"classes":[]},{"id":742,"url":"https:\/\/blog-alexis.monville.com\/en\/2010\/02\/02\/ladministration-et-le-libre\/","url_meta":{"origin":666,"position":1},"title":"L&#8217;administration et le libre","author":"Alexis","date":"February 2, 2010","format":false,"excerpt":"La conf\u00e9rence sur l'administration et le libre se tiendra le mercredi 17 mars de 9h00-12h30 (Salle Rubis) dans le cadre du salon solutions linux. La France est parmi les pays europ\u00e9ens celui qui utilise et d\u00e9veloppe le plus les logiciels libres pour les besoins de service public. En continuit\u00e9 des\u2026","rel":"","context":"In &quot;Interventions&quot;","block_context":{"text":"Interventions","link":"https:\/\/blog-alexis.monville.com\/en\/category\/interventions\/"},"img":{"alt_text":"","src":"https:\/\/i0.wp.com\/www.solutionslinux.fr\/linux\/images\/logo.gif?resize=350%2C200","width":350,"height":200},"classes":[]},{"id":69,"url":"https:\/\/blog-alexis.monville.com\/en\/2007\/06\/19\/solutions-linux-2008-appel-a-communications\/","url_meta":{"origin":666,"position":2},"title":"Solutions Linux 2008 &#8211; Appel \u00e0 communications","author":"Alexis","date":"June 19, 2007","format":false,"excerpt":"Le Salon des Solutions GNU\/LINUX,OPEN SOURCE & LOGICIELS LIBRES pour les entreprises, les administrations et les Collectivit\u00e9s se tiendra les 29, 30 et 31 janvier 2008 au CNIT \u2013 Paris \u2013 La D\u00e9fense Vous pouvez proposer une communication dans le cadre d'un des 19 th\u00e8mes du salon jusqu'au 3 septembre.\u2026","rel":"","context":"In &quot;General&quot;","block_context":{"text":"General","link":"https:\/\/blog-alexis.monville.com\/en\/category\/all\/"},"img":{"alt_text":"","src":"","width":0,"height":0},"classes":[]},{"id":807,"url":"https:\/\/blog-alexis.monville.com\/en\/2010\/05\/02\/logiciel-libre-et-amelioration-des-methodes-de-travail\/","url_meta":{"origin":666,"position":3},"title":"Logiciel libre et am\u00e9lioration des m\u00e9thodes de travail","author":"Alexis","date":"May 2, 2010","format":false,"excerpt":"Qu'apporte le logiciel libre ou l'open source au sein de l'entreprise ?\u00a0Quelles influences ces technologies ont-elles sur l'efficacit\u00e9 du syst\u00e8me d'information ? Peut-on parler dans le logiciel libre uniquement de l'aspect fonctionnel et des co\u00fbts ? Existe-t-il une diff\u00e9rence entre le mod\u00e8le de d\u00e9veloppement et le mod\u00e8le de diffusion ?\u2026","rel":"","context":"In &quot;General&quot;","block_context":{"text":"General","link":"https:\/\/blog-alexis.monville.com\/en\/category\/all\/"},"img":{"alt_text":"","src":"https:\/\/i0.wp.com\/blog-alexis.monville.com\/files\/2010\/05\/solutions-linux-2-300x188.png?resize=350%2C200&ssl=1","width":350,"height":200},"classes":[]},{"id":1801,"url":"https:\/\/blog-alexis.monville.com\/en\/2014\/03\/07\/soutenez-le-developpement-du-logiciel-libre\/","url_meta":{"origin":666,"position":4},"title":"Soutenez le d\u00e9veloppement du logiciel libre","author":"Alexis","date":"March 7, 2014","format":false,"excerpt":"En lisant ce billet, vous pouvez \u00eatre dans plusieurs situations : Vous connaissez le logiciel libre, vous en utilisez, et vous ne voyez pas pourquoi il est n\u00e9cessaire de le soutenir, Vous connaissez le logiciel libre, mais ne voyez pas pourquoi il est n\u00e9cessaire d'agir pour le promouvoir et parfois\u2026","rel":"","context":"In &quot;General&quot;","block_context":{"text":"General","link":"https:\/\/blog-alexis.monville.com\/en\/category\/all\/"},"img":{"alt_text":"Priorit\u00e9 au Logiciel Libre! Je soutiens l'April.","src":"https:\/\/i0.wp.com\/april.org\/campagne\/images\/priorite-logiciel-libre-je-soutiens-april_p.png?resize=350%2C200","width":350,"height":200},"classes":[]},{"id":685,"url":"https:\/\/blog-alexis.monville.com\/en\/2009\/11\/19\/solutions-linux-2010\/","url_meta":{"origin":666,"position":5},"title":"Solutions Linux 2010","author":"Alexis","date":"November 19, 2009","format":false,"excerpt":"Aujourd'hui se r\u00e9unissait le comit\u00e9 de programme en vue de la pr\u00e9paration du salon Solutions Linux les 16, 17 et 18 mars 2010. 128 propositions d'interventions pour venir nourrir le programme de formations et de conf\u00e9rences se d\u00e9roulant sur le salon. D'excellentes propositions pour la conf\u00e9rence Administration et Libre que\u2026","rel":"","context":"In &quot;ayeba&quot;","block_context":{"text":"ayeba","link":"https:\/\/blog-alexis.monville.com\/en\/category\/ayeba\/"},"img":{"alt_text":"image001","src":"https:\/\/i0.wp.com\/blog-alexis.monville.com\/wp-content\/uploads\/sites\/2\/2009\/10\/image001.jpg?resize=350%2C200&ssl=1","width":350,"height":200},"classes":[]}],"jetpack_sharing_enabled":true,"_links":{"self":[{"href":"https:\/\/blog-alexis.monville.com\/en\/wp-json\/wp\/v2\/posts\/666","targetHints":{"allow":["GET"]}}],"collection":[{"href":"https:\/\/blog-alexis.monville.com\/en\/wp-json\/wp\/v2\/posts"}],"about":[{"href":"https:\/\/blog-alexis.monville.com\/en\/wp-json\/wp\/v2\/types\/post"}],"author":[{"embeddable":true,"href":"https:\/\/blog-alexis.monville.com\/en\/wp-json\/wp\/v2\/users\/1"}],"replies":[{"embeddable":true,"href":"https:\/\/blog-alexis.monville.com\/en\/wp-json\/wp\/v2\/comments?post=666"}],"version-history":[{"count":0,"href":"https:\/\/blog-alexis.monville.com\/en\/wp-json\/wp\/v2\/posts\/666\/revisions"}],"wp:attachment":[{"href":"https:\/\/blog-alexis.monville.com\/en\/wp-json\/wp\/v2\/media?parent=666"}],"wp:term":[{"taxonomy":"category","embeddable":true,"href":"https:\/\/blog-alexis.monville.com\/en\/wp-json\/wp\/v2\/categories?post=666"},{"taxonomy":"post_tag","embeddable":true,"href":"https:\/\/blog-alexis.monville.com\/en\/wp-json\/wp\/v2\/tags?post=666"}],"curies":[{"name":"wp","href":"https:\/\/api.w.org\/{rel}","templated":true}]}}