{"id":662,"date":"2009-10-04T22:21:29","date_gmt":"2009-10-04T20:21:29","guid":{"rendered":"https:\/\/blog-alexis.monville.com\/?p=662"},"modified":"2009-10-04T22:21:29","modified_gmt":"2009-10-04T20:21:29","slug":"conference-sur-le-facteur-humain","status":"publish","type":"post","link":"https:\/\/blog-alexis.monville.com\/en\/2009\/10\/04\/conference-sur-le-facteur-humain\/","title":{"rendered":"Conf\u00e9rence sur le facteur humain"},"content":{"rendered":"<p><a href=\"http:\/\/www.flickr.com\/photos\/monville\/3979097399\/sizes\/l\/in\/set-72157622502999988\/\"><img data-recalc-dims=\"1\" loading=\"lazy\" decoding=\"async\" class=\"alignleft\" style=\"margin: 10px;\" src=\"https:\/\/i0.wp.com\/farm3.static.flickr.com\/2440\/3979097399_d3d66d6cdb_m.jpg?resize=240%2C160\" alt=\"\" width=\"240\" height=\"160\" \/><\/a><\/p>\n<p><em>Je reprend ici un billet publi\u00e9 sur <a href=\"http:\/\/ayeba.fr\/2009\/10\/04\/le-facteur-humain-au-coeur-de-lindustrie-du-logiciel-libreles\/\" target=\"_blank\">ayeba.fr<\/a>.<\/em><\/p>\n<p>Ce vendredi 2 octobre 2009, de 14h \u00e0 16h, se d\u00e9roulait lors de l&#8217;<a href=\"http:\/\/openworldforum.org\" target=\"_blank\">OpenWorldForum<\/a>, la conf\u00e9rence : &#8220;le facteur humain&#8230; au coeur de l&#8217;industrie du logiciel libre&#8221;.<\/p>\n<p>Une conf\u00e9rence pour aborder le facteur humain au coeur du succ\u00e8s du logiciel libre !<\/p>\n<p>Les onze intervenants ont partag\u00e9s leurs exp\u00e9riences et leurs analyses au cours d&#8217;un programme dense :<\/p>\n<ul>\n<li><span style=\"font-family: 'Helvetica Neue', 'Times New Roman', 'Bitstream Charter', Times, serif; line-height: normal; font-size: 12px;\">Jean-Fran\u00e7ois Noubel, fondateur et Pr\u00e9sident de The Transitioner.org, nous \u00e9clairera sur ce qu\u2019est l\u2019Intelligence Collective.<\/span><\/li>\n<li><span style=\"font-family: 'Helvetica Neue', 'Times New Roman', 'Bitstream Charter', Times, serif; line-height: normal; font-size: 12px;\">Louis Suarez Potts de Sun Microsystems, Community Manager de OpenOffice.org. <\/span><\/li>\n<li><span style=\"font-family: 'Helvetica Neue', 'Times New Roman', 'Bitstream Charter', Times, serif; line-height: normal; font-size: 12px;\">Florence Devouard, Consultante, \u00e9tait la pr\u00e9sidente du conseil d\u2019administration de la fondation Wikimedia de 2006 \u00e0 2008, nous parlera de l\u2019aventure wikipedia.<\/span><\/li>\n<li><span style=\"font-family: 'Helvetica Neue', 'Times New Roman', 'Bitstream Charter', Times, serif; line-height: normal; font-size: 12px;\">Marie Vorgan le Barzic du Silicon Sentier pr\u00e9sentera l\u2019exp\u00e9rience de l\u2019espace de co-working, La Cantine Num\u00e9rique.<\/span><\/li>\n<li><span style=\"font-family: 'Helvetica Neue', 'Times New Roman', 'Bitstream Charter', Times, serif; line-height: normal; font-size: 12px;\">La table ronde sur le th\u00e8me de la rencontre entre les entreprises et les communaut\u00e9s a r\u00e9unie :<\/span><\/li>\n<\/ul>\n<ul>\n<li>\n<ul>\n<li>Jean-Michel Huten, Directeur M\u00e9thodes de la DSI de Generali,<\/li>\n<li>Olivier Maurel, responsable de la communication et de l\u2019animation des communaut\u00e9s de l\u2019incubateur de social businesses Danone Communities, au sein du Groupe Danone,<\/li>\n<li>Olivier R\u00e9aud, fondateur de l\u2019entreprise de conseil en management In Principo,<\/li>\n<li>Alain Raynaud du Founder Institute.<\/li>\n<\/ul>\n<\/li>\n<li>la session se concluait en laissant la place \u00e0 l\u2019appel \u00e0 contribution de la fondation umana ae, lanc\u00e9 par ses co-fondateurs : Juliette Compagnion &amp; Laurent Bouffi\u00e8s.<\/li>\n<\/ul>\n<p>Quelques retours sont d\u00e9j\u00e0 pr\u00e9sents sur le web, avec :<\/p>\n<ul>\n<li>Les <a href=\"http:\/\/www.flickr.com\/photos\/monville\/3979097399\/sizes\/l\/in\/set-72157622502999988\/\" target=\"_blank\">dessins<\/a> d&#8217;Ivan Sigg qui illustrent ce billet,<\/li>\n<li>Les photos de <a href=\"http:\/\/www.flickr.com\/photos\/sylvielebars\/3975700573\/\" target=\"_blank\">Sylvie Le Bars<\/a> et <a href=\"http:\/\/www.flickr.com\/photos\/christopheducamp\/3974243921\/\" target=\"_blank\">Christophe Ducamp<\/a> \u00e0 voir sur <a href=\"http:\/\/www.flickr.com\/search\/?q=owf&amp;m=tags\" target=\"_blank\">flickr.com<\/a>,<\/li>\n<li>Le <a href=\"http:\/\/www.speigallery.com\/post\/2009\/10\/04\/Le-facteur-humain-a-lOpen-World-Forum\" target=\"_blank\">compte-rendu de Spei<\/a>,<\/li>\n<li>et d&#8217;autres retours que vous allez je l&#8217;esp\u00e8re nous faire d\u00e9couvrir, \u00e0 vos claviers !<\/li>\n<\/ul>\n","protected":false},"excerpt":{"rendered":"<p>Je reprend ici un billet publi\u00e9 sur ayeba.fr. Ce vendredi 2 octobre 2009, de 14h \u00e0 16h, se d\u00e9roulait lors de l&#8217;OpenWorldForum, la conf\u00e9rence : &#8220;le facteur humain&#8230; au coeur de l&#8217;industrie du logiciel libre&#8221;. Une conf\u00e9rence pour aborder le facteur humain au coeur du succ\u00e8s du logiciel libre ! Les onze intervenants ont partag\u00e9s [&hellip;]<\/p>\n","protected":false},"author":1,"featured_media":0,"comment_status":"open","ping_status":"open","sticky":false,"template":"","format":"standard","meta":{"advanced_seo_description":"","jetpack_seo_html_title":"","jetpack_seo_noindex":false,"jetpack_post_was_ever_published":false,"_jetpack_newsletter_access":"","_jetpack_dont_email_post_to_subs":false,"_jetpack_newsletter_tier_id":0,"_jetpack_memberships_contains_paywalled_content":false,"_jetpack_memberships_contains_paid_content":false,"footnotes":""},"categories":[3,8],"tags":[276],"class_list":["post-662","post","type-post","status-publish","format-standard","hentry","category-ayeba","category-interventions","tag-logiciel-libre"],"jetpack_featured_media_url":"","jetpack_shortlink":"https:\/\/wp.me\/paNjQG-aG","jetpack-related-posts":[{"id":711,"url":"https:\/\/blog-alexis.monville.com\/en\/2009\/12\/31\/le-facteur-humain\/","url_meta":{"origin":662,"position":0},"title":"Le facteur humain","author":"Alexis","date":"December 31, 2009","format":false,"excerpt":"La lecture d'un billet r\u00e9cent du FramaBlog me donne l'envie de terminer 2009 en parlant \u00e0 nouveau du th\u00e8me qui m'int\u00e9resse probablement le plus : l'\u00e9volution des modes d'organisation. Ce th\u00e8me avait \u00e9t\u00e9 abord\u00e9 lors de la conf\u00e9rence Le facteur humain... au coeur de l'industrie du logiciel libre organis\u00e9e lors\u2026","rel":"","context":"In &quot;General&quot;","block_context":{"text":"General","link":"https:\/\/blog-alexis.monville.com\/en\/category\/all\/"},"img":{"alt_text":"","src":"","width":0,"height":0},"classes":[]},{"id":643,"url":"https:\/\/blog-alexis.monville.com\/en\/2009\/09\/02\/le-facteur-humain-coeur-de-lindustrie-du-logiciel-libre\/","url_meta":{"origin":662,"position":1},"title":"Le facteur humain&#8230; coeur de l&#8217;Industrie du logiciel libre","author":"Alexis","date":"September 2, 2009","format":false,"excerpt":"Paris, le 2 octobre 2009, dans le cadre du forum mondial du libre (Open World Forum) se tiendra la conf\u00e9rence : \"Le facteur humain... coeur de l'Industrie du logiciel libre.\" Comment la dimension humaine collaborative et le mode de croissance organique du Logiciel Libre peuvent transformer en profondeur le monde\u2026","rel":"","context":"In &quot;ayeba&quot;","block_context":{"text":"ayeba","link":"https:\/\/blog-alexis.monville.com\/en\/category\/ayeba\/"},"img":{"alt_text":"OWF 2009","src":"http:\/\/openworldforum.org\/owf\/portal\/contact\/OWF_200x216.jpg\/image_preview","width":350,"height":200},"classes":[]},{"id":634,"url":"https:\/\/blog-alexis.monville.com\/en\/2009\/08\/01\/owf-owf2009le-facteur-humain-au-coeur-de-lindustrie-du-logiciel-libre\/","url_meta":{"origin":662,"position":2},"title":"Le facteur humain&#8230; au coeur de l&#8217;industrie du logiciel libre","author":"Alexis","date":"August 1, 2009","format":false,"excerpt":"Le FLOSS, l'OpenSource, le logiciel libre... Un truc de geek, de techos, de chevelus... Cette image est bien sur erron\u00e9e et les Directeurs des Syst\u00e8mes d'Information qui ont adopt\u00e9s des solutions sous licences libres se sont \u00e9galement fait les farouches partisants d'un mod\u00e8le qui leur permet de reprendre la ma\u00eetrise\u2026","rel":"","context":"In &quot;Interventions&quot;","block_context":{"text":"Interventions","link":"https:\/\/blog-alexis.monville.com\/en\/category\/interventions\/"},"img":{"alt_text":"OWF 2009","src":"http:\/\/openworldforum.org\/owf\/portal\/contact\/OWF_200x216.jpg\/image_preview","width":350,"height":200},"classes":[]},{"id":1192,"url":"https:\/\/blog-alexis.monville.com\/en\/2006\/02\/01\/conferences-adele-au-salon-solution-linux-2006\/","url_meta":{"origin":662,"position":3},"title":"Conf\u00e9rences Ad\u00e8le au Salon Solution Linux 2006","author":"Alexis","date":"February 1, 2006","format":false,"excerpt":"J'ai eu le plaisir de co-organiser avec Jean-Paul Degorce-Dumas les conf\u00e9rences Ad\u00e8le qui se sont d\u00e9roul\u00e9es, dans le cadre du Salon Solution Linux, le 1er f\u00e9vrier 2006. Ces conf\u00e9rences pr\u00e9sentaient les avanc\u00e9es de certaines administration dans l'am\u00e9lioration de leurs syst\u00e8mes d'informations par l'usage de solution sous licences libres. Avec les\u2026","rel":"","context":"In &quot;General&quot;","block_context":{"text":"General","link":"https:\/\/blog-alexis.monville.com\/en\/category\/all\/"},"img":{"alt_text":"","src":"","width":0,"height":0},"classes":[]},{"id":20,"url":"https:\/\/blog-alexis.monville.com\/en\/2006\/06\/25\/dele\/","url_meta":{"origin":662,"position":4},"title":"Groupe de Travail Franco-Chinois sur les logiciels libres","author":"Alexis","date":"June 25, 2006","format":false,"excerpt":"Membre de la d\u00e9l\u00e9gation fran\u00e7aise lors du d\u00e9placement en Chine du 17 au 25 juin 2006. L'objet principal du d\u00e9placement \u00e9tait la r\u00e9union du Groupe de travail franco-chinois sur les logiciels libres initi\u00e9 suite \u00e0 la signature de l'accord de coop\u00e9ration pour promouvoir l'usage et le d\u00e9veloppement des logiciels libres\u2026","rel":"","context":"In &quot;International&quot;","block_context":{"text":"International","link":"https:\/\/blog-alexis.monville.com\/en\/category\/international\/"},"img":{"alt_text":"","src":"","width":0,"height":0},"classes":[]},{"id":742,"url":"https:\/\/blog-alexis.monville.com\/en\/2010\/02\/02\/ladministration-et-le-libre\/","url_meta":{"origin":662,"position":5},"title":"L&#8217;administration et le libre","author":"Alexis","date":"February 2, 2010","format":false,"excerpt":"La conf\u00e9rence sur l'administration et le libre se tiendra le mercredi 17 mars de 9h00-12h30 (Salle Rubis) dans le cadre du salon solutions linux. La France est parmi les pays europ\u00e9ens celui qui utilise et d\u00e9veloppe le plus les logiciels libres pour les besoins de service public. En continuit\u00e9 des\u2026","rel":"","context":"In &quot;Interventions&quot;","block_context":{"text":"Interventions","link":"https:\/\/blog-alexis.monville.com\/en\/category\/interventions\/"},"img":{"alt_text":"","src":"https:\/\/i0.wp.com\/www.solutionslinux.fr\/linux\/images\/logo.gif?resize=350%2C200","width":350,"height":200},"classes":[]}],"jetpack_sharing_enabled":true,"_links":{"self":[{"href":"https:\/\/blog-alexis.monville.com\/en\/wp-json\/wp\/v2\/posts\/662","targetHints":{"allow":["GET"]}}],"collection":[{"href":"https:\/\/blog-alexis.monville.com\/en\/wp-json\/wp\/v2\/posts"}],"about":[{"href":"https:\/\/blog-alexis.monville.com\/en\/wp-json\/wp\/v2\/types\/post"}],"author":[{"embeddable":true,"href":"https:\/\/blog-alexis.monville.com\/en\/wp-json\/wp\/v2\/users\/1"}],"replies":[{"embeddable":true,"href":"https:\/\/blog-alexis.monville.com\/en\/wp-json\/wp\/v2\/comments?post=662"}],"version-history":[{"count":0,"href":"https:\/\/blog-alexis.monville.com\/en\/wp-json\/wp\/v2\/posts\/662\/revisions"}],"wp:attachment":[{"href":"https:\/\/blog-alexis.monville.com\/en\/wp-json\/wp\/v2\/media?parent=662"}],"wp:term":[{"taxonomy":"category","embeddable":true,"href":"https:\/\/blog-alexis.monville.com\/en\/wp-json\/wp\/v2\/categories?post=662"},{"taxonomy":"post_tag","embeddable":true,"href":"https:\/\/blog-alexis.monville.com\/en\/wp-json\/wp\/v2\/tags?post=662"}],"curies":[{"name":"wp","href":"https:\/\/api.w.org\/{rel}","templated":true}]}}