{"id":652,"date":"2009-09-14T23:09:46","date_gmt":"2009-09-14T21:09:46","guid":{"rendered":"https:\/\/blog-alexis.monville.com\/?p=652"},"modified":"2009-09-14T23:09:46","modified_gmt":"2009-09-14T21:09:46","slug":"art-postal-ivan-sigg","status":"publish","type":"post","link":"https:\/\/blog-alexis.monville.com\/en\/2009\/09\/14\/art-postal-ivan-sigg\/","title":{"rendered":"Art Postal"},"content":{"rendered":"<p><a href=\"https:\/\/i0.wp.com\/blog-alexis.monville.com\/wp-content\/uploads\/sites\/2\/2009\/09\/art-postal-ivan-sigg-2009-800.jpg?ssl=1\"><img data-recalc-dims=\"1\" loading=\"lazy\" decoding=\"async\" data-attachment-id=\"653\" data-permalink=\"https:\/\/blog-alexis.monville.com\/en\/2009\/09\/14\/art-postal-ivan-sigg\/art-postal-ivan-sigg-2009-800\/\" data-orig-file=\"https:\/\/i0.wp.com\/blog-alexis.monville.com\/en\/wp-content\/uploads\/sites\/2\/2009\/09\/art-postal-ivan-sigg-2009-800.jpg?fit=800%2C579&amp;ssl=1\" data-orig-size=\"800,579\" data-comments-opened=\"1\" data-image-meta=\"{&quot;aperture&quot;:&quot;0&quot;,&quot;credit&quot;:&quot;&quot;,&quot;camera&quot;:&quot;&quot;,&quot;caption&quot;:&quot;&quot;,&quot;created_timestamp&quot;:&quot;0&quot;,&quot;copyright&quot;:&quot;&quot;,&quot;focal_length&quot;:&quot;0&quot;,&quot;iso&quot;:&quot;0&quot;,&quot;shutter_speed&quot;:&quot;0&quot;,&quot;title&quot;:&quot;&quot;}\" data-image-title=\"art-postal-ivan-sigg-2009-800\" data-image-description=\"\" data-image-caption=\"\" data-large-file=\"https:\/\/i0.wp.com\/blog-alexis.monville.com\/en\/wp-content\/uploads\/sites\/2\/2009\/09\/art-postal-ivan-sigg-2009-800.jpg?fit=800%2C579&amp;ssl=1\" class=\"alignleft size-medium wp-image-653\" style=\"margin: 10px;\" src=\"https:\/\/i0.wp.com\/blog-alexis.monville.com\/files\/2009\/09\/art-postal-ivan-sigg-2009-800-300x217.jpg?resize=300%2C217&#038;ssl=1\" alt=\"art-postal-ivan-sigg-2009-800\" width=\"300\" height=\"217\" srcset=\"https:\/\/i0.wp.com\/blog-alexis.monville.com\/en\/wp-content\/uploads\/sites\/2\/2009\/09\/art-postal-ivan-sigg-2009-800.jpg?resize=300%2C217&amp;ssl=1 300w, https:\/\/i0.wp.com\/blog-alexis.monville.com\/en\/wp-content\/uploads\/sites\/2\/2009\/09\/art-postal-ivan-sigg-2009-800.jpg?w=800&amp;ssl=1 800w\" sizes=\"auto, (max-width: 300px) 100vw, 300px\" \/><\/a><\/p>\n<p>C&#8217;est arriv\u00e9 par la poste, emball\u00e9 d\u00e9licatement dans un plastique transparent par la poste des Etats-Unis qui en a oubli\u00e9 d&#8217;oblit\u00e9rer le timbre.<\/p>\n<p>Une carte postale d&#8217;un autre genre exp\u00e9di\u00e9e par mon ami Ivan.<\/p>\n<p>Merci !<\/p>\n","protected":false},"excerpt":{"rendered":"<p>C&#8217;est arriv\u00e9 par la poste, emball\u00e9 d\u00e9licatement dans un plastique transparent par la poste des Etats-Unis qui en a oubli\u00e9 d&#8217;oblit\u00e9rer le timbre. Une carte postale d&#8217;un autre genre exp\u00e9di\u00e9e par mon ami Ivan. Merci !<\/p>\n","protected":false},"author":1,"featured_media":0,"comment_status":"open","ping_status":"open","sticky":false,"template":"","format":"standard","meta":{"advanced_seo_description":"","jetpack_seo_html_title":"","jetpack_seo_noindex":false,"jetpack_post_was_ever_published":false,"_jetpack_newsletter_access":"","_jetpack_dont_email_post_to_subs":false,"_jetpack_newsletter_tier_id":0,"_jetpack_memberships_contains_paywalled_content":false,"_jetpack_memberships_contains_paid_content":false,"footnotes":""},"categories":[1],"tags":[],"class_list":["post-652","post","type-post","status-publish","format-standard","hentry","category-all"],"jetpack_featured_media_url":"","jetpack_shortlink":"https:\/\/wp.me\/paNjQG-aw","jetpack-related-posts":[{"id":499,"url":"https:\/\/blog-alexis.monville.com\/en\/2009\/04\/27\/ivan-sigg-art-postal\/","url_meta":{"origin":652,"position":0},"title":"Art Postal","author":"Alexis","date":"April 27, 2009","format":false,"excerpt":"J'ai eu la surprise et le grand plaisir de recevoir une lettre de mon ami Ivan Sigg. Voici la reproduction de l'enveloppe grand format que j'ai re\u00e7u !","rel":"","context":"In &quot;General&quot;","block_context":{"text":"General","link":"https:\/\/blog-alexis.monville.com\/en\/category\/all\/"},"img":{"alt_text":"art-postal-ivan-sigg-p","src":"https:\/\/i0.wp.com\/blog-alexis.monville.com\/wp-content\/uploads\/sites\/2\/2009\/04\/art-postal-ivan-sigg-p.jpg?resize=350%2C200&ssl=1","width":350,"height":200},"classes":[]},{"id":469,"url":"https:\/\/blog-alexis.monville.com\/en\/2009\/04\/02\/un-jour-une-oeuvre-en-direct-3\/","url_meta":{"origin":652,"position":1},"title":"Un Jour Une Oeuvre en direct","author":"Alexis","date":"April 2, 2009","format":false,"excerpt":"La quatri\u00e8me \u00e9dition d'Un Jour Une Oeuvre en direct s'est d\u00e9roul\u00e9e le 18 mars 2009 au Mus\u00e9e Dapper : Face au 35 de la rue Paul Val\u00e9ry (75016 Paris), une femme et deux hommes se sourient. Connivences. Ils p\u00e9n\u00e8trent dans le Mus\u00e9e Dapper. Il y a dix ans, ils auraient\u2026","rel":"","context":"In &quot;General&quot;","block_context":{"text":"General","link":"https:\/\/blog-alexis.monville.com\/en\/category\/all\/"},"img":{"alt_text":"","src":"https:\/\/i0.wp.com\/www.dapper.com.fr\/pics\/Femmes%20Affiche.gif?resize=350%2C200","width":350,"height":200},"classes":[]},{"id":1183,"url":"https:\/\/blog-alexis.monville.com\/en\/2011\/09\/20\/un-toit-pour-les-abeilles\/","url_meta":{"origin":652,"position":2},"title":"Un toit pour les abeilles","author":"Alexis","date":"September 20, 2011","format":false,"excerpt":"Surprise ! Un Petit colis dans la boite aux lettres ce matin ! J'ouvre un peu f\u00e9brile... Cela doit \u00eatre un effet d'\u00e9lastique avec les cadeaux de mon enfance... Et je d\u00e9couvre, emball\u00e9 par un petit mot sympathique de l'ami Eloi de Triple C, un petit pot de miel !\u2026","rel":"","context":"In &quot;ayeba&quot;","block_context":{"text":"ayeba","link":"https:\/\/blog-alexis.monville.com\/en\/category\/ayeba\/"},"img":{"alt_text":"","src":"https:\/\/i0.wp.com\/www.untoitpourlesabeilles.fr\/images\/logo_utpla.png?resize=350%2C200","width":350,"height":200},"classes":[]},{"id":647,"url":"https:\/\/blog-alexis.monville.com\/en\/2009\/09\/12\/un-jour-une-oeuvre-en-direct-4\/","url_meta":{"origin":652,"position":3},"title":"Un Jour Une Oeuvre en direct","author":"Alexis","date":"September 12, 2009","format":false,"excerpt":"Ce jeudi 10 septembre 2009, l'\u00e9quipe d'Un Jour Une Oeuvre accueillait une nouvelle recrue au Palais de Tokyo ! Ne manquez pas les retours d'Ivan et Spei sur la visite, ils sont ici. Et ne manquez surtout pas la prochaine \u00e9dition qui se d\u00e9roulera au mois d'octobre en indiquant votre\u2026","rel":"","context":"In &quot;Explorateurs&quot;","block_context":{"text":"Explorateurs","link":"https:\/\/blog-alexis.monville.com\/en\/category\/explorateurs\/"},"img":{"alt_text":"alexis-ujuo-palais-tokyo","src":"https:\/\/i0.wp.com\/blog-alexis.monville.com\/files\/2009\/09\/alexis-ujuo-palais-tokyo-225x300.jpg?resize=350%2C200&ssl=1","width":350,"height":200},"classes":[]},{"id":101,"url":"https:\/\/blog-alexis.monville.com\/en\/2008\/06\/10\/un-jour-une-oeuvre\/","url_meta":{"origin":652,"position":4},"title":"Un jour, une \u0153uvre","author":"Alexis","date":"June 10, 2008","format":false,"excerpt":"Un jour, une \u0153uvre est le nom du site Internet que je lance aujourd'hui, 10 juin 2008. L'objectif est de pr\u00e9senter une simple photo d'une \u0153uvre d'art assortie de quelques liens \u00e0 suivre... Premier jalon d'un jeu de piste \u00e0 suivre seul, \u00e0 l'\u00e9cole, en famille, entre amis... Un jour\u2026","rel":"","context":"In &quot;General&quot;","block_context":{"text":"General","link":"https:\/\/blog-alexis.monville.com\/en\/category\/all\/"},"img":{"alt_text":"","src":"https:\/\/unjouruneoeuvre.files.wordpress.com\/2008\/06\/unjouruneoeuvre_titre_200.gif?w=350&h=200&crop=1","width":350,"height":200},"classes":[]},{"id":302,"url":"https:\/\/blog-alexis.monville.com\/en\/2008\/12\/28\/ted-kevin-kelly-5000-prochains-jours-internet\/","url_meta":{"origin":652,"position":5},"title":"Les 5000 prochains jours de l&#8217;Internet","author":"Alexis","date":"December 28, 2008","format":false,"excerpt":"A la recherche d'une photographie pour Un Jour Une \u0152uvre, je suis tomb\u00e9 sur les photographies de Trey Ratcliff. Une illustre cet article, une autre est sur Un Jour Une \u0152uvre ce 28 d\u00e9cembre. Trey avait mis en sous-titre de sa photo sur flickr.com, une r\u00e9f\u00e9rence a une conf\u00e9rence qu'a\u2026","rel":"","context":"In &quot;Explorateurs&quot;","block_context":{"text":"Explorateurs","link":"https:\/\/blog-alexis.monville.com\/en\/category\/explorateurs\/"},"img":{"alt_text":"","src":"https:\/\/i0.wp.com\/farm4.static.flickr.com\/3294\/3078802485_b665eb38f4_m.jpg?resize=350%2C200","width":350,"height":200},"classes":[]}],"jetpack_sharing_enabled":true,"_links":{"self":[{"href":"https:\/\/blog-alexis.monville.com\/en\/wp-json\/wp\/v2\/posts\/652","targetHints":{"allow":["GET"]}}],"collection":[{"href":"https:\/\/blog-alexis.monville.com\/en\/wp-json\/wp\/v2\/posts"}],"about":[{"href":"https:\/\/blog-alexis.monville.com\/en\/wp-json\/wp\/v2\/types\/post"}],"author":[{"embeddable":true,"href":"https:\/\/blog-alexis.monville.com\/en\/wp-json\/wp\/v2\/users\/1"}],"replies":[{"embeddable":true,"href":"https:\/\/blog-alexis.monville.com\/en\/wp-json\/wp\/v2\/comments?post=652"}],"version-history":[{"count":0,"href":"https:\/\/blog-alexis.monville.com\/en\/wp-json\/wp\/v2\/posts\/652\/revisions"}],"wp:attachment":[{"href":"https:\/\/blog-alexis.monville.com\/en\/wp-json\/wp\/v2\/media?parent=652"}],"wp:term":[{"taxonomy":"category","embeddable":true,"href":"https:\/\/blog-alexis.monville.com\/en\/wp-json\/wp\/v2\/categories?post=652"},{"taxonomy":"post_tag","embeddable":true,"href":"https:\/\/blog-alexis.monville.com\/en\/wp-json\/wp\/v2\/tags?post=652"}],"curies":[{"name":"wp","href":"https:\/\/api.w.org\/{rel}","templated":true}]}}