{"id":647,"date":"2009-09-12T18:46:39","date_gmt":"2009-09-12T16:46:39","guid":{"rendered":"https:\/\/blog-alexis.monville.com\/?p=647"},"modified":"2009-09-12T18:46:39","modified_gmt":"2009-09-12T16:46:39","slug":"un-jour-une-oeuvre-en-direct-4","status":"publish","type":"post","link":"https:\/\/blog-alexis.monville.com\/en\/2009\/09\/12\/un-jour-une-oeuvre-en-direct-4\/","title":{"rendered":"Un Jour Une Oeuvre en direct"},"content":{"rendered":"<p><a href=\"https:\/\/i0.wp.com\/blog-alexis.monville.com\/wp-content\/uploads\/sites\/2\/2009\/09\/alexis-ujuo-palais-tokyo.jpg?ssl=1\"><img data-recalc-dims=\"1\" loading=\"lazy\" decoding=\"async\" data-attachment-id=\"649\" data-permalink=\"https:\/\/blog-alexis.monville.com\/en\/alexis-ujuo-palais-tokyo\/\" data-orig-file=\"https:\/\/i0.wp.com\/blog-alexis.monville.com\/en\/wp-content\/uploads\/sites\/2\/2009\/09\/alexis-ujuo-palais-tokyo.jpg?fit=480%2C640&amp;ssl=1\" data-orig-size=\"480,640\" data-comments-opened=\"1\" data-image-meta=\"{&quot;aperture&quot;:&quot;2.8&quot;,&quot;credit&quot;:&quot;&quot;,&quot;camera&quot;:&quot;C902&quot;,&quot;caption&quot;:&quot;&quot;,&quot;created_timestamp&quot;:&quot;1252609558&quot;,&quot;copyright&quot;:&quot;&quot;,&quot;focal_length&quot;:&quot;5.18&quot;,&quot;iso&quot;:&quot;250&quot;,&quot;shutter_speed&quot;:&quot;0.125&quot;,&quot;title&quot;:&quot;&quot;}\" data-image-title=\"alexis-ujuo-palais-tokyo\" data-image-description=\"\" data-image-caption=\"\" data-large-file=\"https:\/\/i0.wp.com\/blog-alexis.monville.com\/en\/wp-content\/uploads\/sites\/2\/2009\/09\/alexis-ujuo-palais-tokyo.jpg?fit=480%2C640&amp;ssl=1\" class=\"alignleft size-medium wp-image-649\" style=\"margin: 10px\" src=\"https:\/\/i0.wp.com\/blog-alexis.monville.com\/files\/2009\/09\/alexis-ujuo-palais-tokyo-225x300.jpg?resize=225%2C300&#038;ssl=1\" alt=\"alexis-ujuo-palais-tokyo\" width=\"225\" height=\"300\" srcset=\"https:\/\/i0.wp.com\/blog-alexis.monville.com\/en\/wp-content\/uploads\/sites\/2\/2009\/09\/alexis-ujuo-palais-tokyo.jpg?resize=225%2C300&amp;ssl=1 225w, https:\/\/i0.wp.com\/blog-alexis.monville.com\/en\/wp-content\/uploads\/sites\/2\/2009\/09\/alexis-ujuo-palais-tokyo.jpg?w=480&amp;ssl=1 480w\" sizes=\"auto, (max-width: 225px) 100vw, 225px\" \/><\/a><\/p>\n<p>Ce jeudi 10 septembre 2009, l&#8217;\u00e9quipe d&#8217;Un Jour Une Oeuvre accueillait une nouvelle recrue au Palais de Tokyo !<\/p>\n<p>Ne manquez pas les retours d&#8217;<a href=\"http:\/\/unjouruneoeuvre.eu\/2009\/09\/12\/un-jour-une-oeuvre-au-palais-de-tokyo\/\" target=\"_blank\">Ivan et Spei sur la visite, ils sont ici<\/a>.<\/p>\n<p>Et ne manquez surtout pas la prochaine \u00e9dition qui se d\u00e9roulera au mois d&#8217;octobre en indiquant votre pr\u00e9f\u00e9rence sur <a href=\"https:\/\/www.doodle.com\/vavmq2r4wqaayqhh\" target=\"_blank\">le doodle qui est ouvert ici<\/a>.<\/p>\n<p>Au plaisir de vous rencontrez, et en attendant de lire votre regard sur <a href=\"http:\/\/unjouruneoeuvre.eu\" target=\"_blank\">Un Jour Une Oeuvre<\/a> !<\/p>\n","protected":false},"excerpt":{"rendered":"<p>Ce jeudi 10 septembre 2009, l&#8217;\u00e9quipe d&#8217;Un Jour Une Oeuvre accueillait une nouvelle recrue au Palais de Tokyo ! Ne manquez pas les retours d&#8217;Ivan et Spei sur la visite, ils sont ici. Et ne manquez surtout pas la prochaine \u00e9dition qui se d\u00e9roulera au mois d&#8217;octobre en indiquant votre pr\u00e9f\u00e9rence sur le doodle qui [&hellip;]<\/p>\n","protected":false},"author":1,"featured_media":0,"comment_status":"open","ping_status":"open","sticky":false,"template":"","format":"standard","meta":{"advanced_seo_description":"","jetpack_seo_html_title":"","jetpack_seo_noindex":false,"jetpack_post_was_ever_published":false,"_jetpack_newsletter_access":"","_jetpack_dont_email_post_to_subs":false,"_jetpack_newsletter_tier_id":0,"_jetpack_memberships_contains_paywalled_content":false,"_jetpack_memberships_contains_paid_content":false,"footnotes":""},"categories":[5],"tags":[],"class_list":["post-647","post","type-post","status-publish","format-standard","hentry","category-explorateurs"],"jetpack_featured_media_url":"","jetpack_shortlink":"https:\/\/wp.me\/paNjQG-ar","jetpack-related-posts":[{"id":602,"url":"https:\/\/blog-alexis.monville.com\/en\/2009\/06\/19\/un-jour-une-oeuvre-1-an\/","url_meta":{"origin":647,"position":0},"title":"Un Jour Une Oeuvre (1 an)","author":"Alexis","date":"June 19, 2009","format":false,"excerpt":"Les superbes photographies de Sylvie Le Bars m'ont donn\u00e9es envie de faire un petit article illustr\u00e9 sur le premier anniversaire du site Internet Un Jour Une Oeuvre. Pour f\u00eater cette premi\u00e8re ann\u00e9e, nous avions rendez-vous pour une cinqui\u00e8me session d'Un Jour Une Oeuvre en direct, au mus\u00e9e Eug\u00e8ne Delacroix. Spei\u2026","rel":"","context":"In &quot;General&quot;","block_context":{"text":"General","link":"https:\/\/blog-alexis.monville.com\/en\/category\/all\/"},"img":{"alt_text":"","src":"https:\/\/i0.wp.com\/farm3.static.flickr.com\/2471\/3629471432_c28076dc07_m_d.jpg?resize=350%2C200","width":350,"height":200},"classes":[]},{"id":469,"url":"https:\/\/blog-alexis.monville.com\/en\/2009\/04\/02\/un-jour-une-oeuvre-en-direct-3\/","url_meta":{"origin":647,"position":1},"title":"Un Jour Une Oeuvre en direct","author":"Alexis","date":"April 2, 2009","format":false,"excerpt":"La quatri\u00e8me \u00e9dition d'Un Jour Une Oeuvre en direct s'est d\u00e9roul\u00e9e le 18 mars 2009 au Mus\u00e9e Dapper : Face au 35 de la rue Paul Val\u00e9ry (75016 Paris), une femme et deux hommes se sourient. Connivences. Ils p\u00e9n\u00e8trent dans le Mus\u00e9e Dapper. Il y a dix ans, ils auraient\u2026","rel":"","context":"In &quot;General&quot;","block_context":{"text":"General","link":"https:\/\/blog-alexis.monville.com\/en\/category\/all\/"},"img":{"alt_text":"","src":"https:\/\/i0.wp.com\/www.dapper.com.fr\/pics\/Femmes%20Affiche.gif?resize=350%2C200","width":350,"height":200},"classes":[]},{"id":101,"url":"https:\/\/blog-alexis.monville.com\/en\/2008\/06\/10\/un-jour-une-oeuvre\/","url_meta":{"origin":647,"position":2},"title":"Un jour, une \u0153uvre","author":"Alexis","date":"June 10, 2008","format":false,"excerpt":"Un jour, une \u0153uvre est le nom du site Internet que je lance aujourd'hui, 10 juin 2008. L'objectif est de pr\u00e9senter une simple photo d'une \u0153uvre d'art assortie de quelques liens \u00e0 suivre... Premier jalon d'un jeu de piste \u00e0 suivre seul, \u00e0 l'\u00e9cole, en famille, entre amis... Un jour\u2026","rel":"","context":"In &quot;General&quot;","block_context":{"text":"General","link":"https:\/\/blog-alexis.monville.com\/en\/category\/all\/"},"img":{"alt_text":"","src":"https:\/\/unjouruneoeuvre.files.wordpress.com\/2008\/06\/unjouruneoeuvre_titre_200.gif?w=350&h=200&crop=1","width":350,"height":200},"classes":[]},{"id":291,"url":"https:\/\/blog-alexis.monville.com\/en\/2008\/12\/17\/mantegnaun-jour-une-oeuvre-au-louvre\/","url_meta":{"origin":647,"position":3},"title":"Un Jour Une \u0152uvre au Louvre","author":"Alexis","date":"December 17, 2008","format":false,"excerpt":"Ce mercredi 12 d\u00e9cembre, nous nous sommes retrouv\u00e9s au Louvre pour visiter l\u2019exposition consacr\u00e9e \u00e0 Mantegna. Nous\u00a0? Nous c\u2019est Ivan (qui raconte l\u2019exp\u00e9rience sur son blog), Jean-Fran\u00e7ois et moi, trois parmi ceux qui avaient envie de participer \u00e0 cette exp\u00e9rience de mutualisation des regards dans le monde r\u00e9el, exp\u00e9rience que\u2026","rel":"","context":"In &quot;General&quot;","block_context":{"text":"General","link":"https:\/\/blog-alexis.monville.com\/en\/category\/all\/"},"img":{"alt_text":"","src":"http:\/\/upload.wikimedia.org\/wikipedia\/commons\/thumb\/4\/4d\/Andrea_Mantegna_089.jpg\/257px-Andrea_Mantegna_089.jpg","width":350,"height":200},"classes":[]},{"id":204,"url":"https:\/\/blog-alexis.monville.com\/en\/2008\/10\/13\/un-jour-une-oeuvre-2\/","url_meta":{"origin":647,"position":4},"title":"Un jour une \u0153uvre","author":"Alexis","date":"October 13, 2008","format":false,"excerpt":"Un jour une \u0153uvre est n\u00e9 de la volont\u00e9 de r\u00e9pondre \u00e0 une question\u00a0: \u00ab\u00a0Comment faire b\u00e9n\u00e9ficier \u00e0 tous de notre h\u00e9ritage culturel ?\u00a0\u00bb. Pour d\u00e9passer cette formulation on pourrait enrichir cette question par quelques autres\u00a0: \u00ab\u00a0Comment permettre d'entrer dans une dynamique de construction\u00a0? Comment apprendre \u00e0 d\u00e9passer les apparences,\u2026","rel":"","context":"In &quot;General&quot;","block_context":{"text":"General","link":"https:\/\/blog-alexis.monville.com\/en\/category\/all\/"},"img":{"alt_text":"","src":"https:\/\/unjouruneoeuvre.files.wordpress.com\/2008\/06\/mazzuoli-death_of_adonis.jpg?w=350&h=200&crop=1","width":350,"height":200},"classes":[]},{"id":378,"url":"https:\/\/blog-alexis.monville.com\/en\/2009\/02\/03\/un-jour-une-oeuvre-3\/","url_meta":{"origin":647,"position":5},"title":"Un Jour Une Oeuvre","author":"Alexis","date":"February 3, 2009","format":false,"excerpt":"Un Jour Une Oeuvre s'int\u00e9resse \u00e0 la peinture, la sculpture, la photographie, une \u0153uvre d\u2019art est propos\u00e9e chaque jour pour partager nos regards sur l'art. Quelques nouvelles de ce site Internet : Une nouvelle pr\u00e9sentation voulant donner plus de place aux oeuvres est en ligne depuis quelques jours (voir l'aper\u00e7u\u2026","rel":"","context":"In &quot;General&quot;","block_context":{"text":"General","link":"https:\/\/blog-alexis.monville.com\/en\/category\/all\/"},"img":{"alt_text":"ujuo","src":"https:\/\/i0.wp.com\/blog-alexis.monville.com\/wp-content\/uploads\/sites\/2\/2009\/01\/ujuo.jpg?resize=350%2C200&ssl=1","width":350,"height":200},"classes":[]}],"jetpack_sharing_enabled":true,"_links":{"self":[{"href":"https:\/\/blog-alexis.monville.com\/en\/wp-json\/wp\/v2\/posts\/647","targetHints":{"allow":["GET"]}}],"collection":[{"href":"https:\/\/blog-alexis.monville.com\/en\/wp-json\/wp\/v2\/posts"}],"about":[{"href":"https:\/\/blog-alexis.monville.com\/en\/wp-json\/wp\/v2\/types\/post"}],"author":[{"embeddable":true,"href":"https:\/\/blog-alexis.monville.com\/en\/wp-json\/wp\/v2\/users\/1"}],"replies":[{"embeddable":true,"href":"https:\/\/blog-alexis.monville.com\/en\/wp-json\/wp\/v2\/comments?post=647"}],"version-history":[{"count":0,"href":"https:\/\/blog-alexis.monville.com\/en\/wp-json\/wp\/v2\/posts\/647\/revisions"}],"wp:attachment":[{"href":"https:\/\/blog-alexis.monville.com\/en\/wp-json\/wp\/v2\/media?parent=647"}],"wp:term":[{"taxonomy":"category","embeddable":true,"href":"https:\/\/blog-alexis.monville.com\/en\/wp-json\/wp\/v2\/categories?post=647"},{"taxonomy":"post_tag","embeddable":true,"href":"https:\/\/blog-alexis.monville.com\/en\/wp-json\/wp\/v2\/tags?post=647"}],"curies":[{"name":"wp","href":"https:\/\/api.w.org\/{rel}","templated":true}]}}