{"id":643,"date":"2009-09-02T22:30:55","date_gmt":"2009-09-02T20:30:55","guid":{"rendered":"https:\/\/blog-alexis.monville.com\/?p=643"},"modified":"2009-09-02T22:30:55","modified_gmt":"2009-09-02T20:30:55","slug":"le-facteur-humain-coeur-de-lindustrie-du-logiciel-libre","status":"publish","type":"post","link":"https:\/\/blog-alexis.monville.com\/en\/2009\/09\/02\/le-facteur-humain-coeur-de-lindustrie-du-logiciel-libre\/","title":{"rendered":"Le facteur humain&#8230; coeur de l&#8217;Industrie du logiciel libre"},"content":{"rendered":"<p><a href=\"http:\/\/www.openworldforum.org\"><\/a><\/p>\n<p><a href=\"http:\/\/www.openworldforum.org\"><img loading=\"lazy\" decoding=\"async\" class=\"alignleft\" style=\"border: 0pt none;margin: 10px\" src=\"http:\/\/openworldforum.org\/owf\/portal\/contact\/OWF_200x216.jpg\/image_preview\" border=\"0\" alt=\"OWF 2009\" width=\"200\" height=\"216\" \/><\/a><\/p>\n<p>Paris, le 2 octobre 2009, dans le cadre du forum mondial du libre (<a href=\"http:\/\/openworldforum.org\" target=\"_blank\">Open World Forum<\/a>) se tiendra la conf\u00e9rence : &#8220;Le facteur humain&#8230; coeur de l&#8217;Industrie du logiciel libre.&#8221;<\/p>\n<p><strong>Comment la dimension humaine collaborative et le mode de croissance organique du Logiciel Libre peuvent transformer en profondeur le monde \u00e9conomique et avoir un impact soci\u00e9tal tangible.<\/strong><\/p>\n<p>Dans une p\u00e9riode o\u00f9 l&#8217;importance des enjeux humains et le besoin d&#8217;\u00e9nergie collaborative, n&#8217;ont jamais \u00e9t\u00e9 si pr\u00e9sents dans le monde \u00e9conomique, cette conf\u00e9rence donnera la parole \u00e0 des repr\u00e9sentants de projets pionniers et embl\u00e9matiques, en lien avec la sph\u00e8re du Logiciel Libre, qui doivent leurs succ\u00e8s \u00e0 de nouveaux modes de collaboration. Ils partageront leurs exp\u00e9riences, leurs analyses et leurs initiatives pour : illustrer le r\u00f4le pr\u00e9pond\u00e9rant du facteur humain et de l&#8217;intelligence collective dans l&#8217;industrie du Logiciel Libre, et comment cette dynamique s&#8217;\u00e9tend \u00e0 d&#8217;autres approches de construction collaborative. Cette conf\u00e9rence propose de prendre la mesure de l&#8217;apport du mod\u00e8le organique open source pour faire \u00e9merger un nouveau mode cellulaire d&#8217;organisation des entreprises, diffuser et d\u00e9multiplier cet \u00e9tat d&#8217;esprit dans les autres secteurs de la soci\u00e9t\u00e9.<\/p>\n<p>14.00 \u2013 Alexis Monville (ayeba) \u2013 Introduction &#8211; C&#8217;est d\u00e9j\u00e0 Deming ?<br \/>\n14.15 \u2013 Jean-Fran\u00e7ois Noubel (The Transitioner.org) \u2013 Collective Intelligence<br \/>\n14.30 \u2013 Luis Suarez Potts (Sun Microsystems) \u2013 OpenOffice.org community<br \/>\n14.45 \u2013 Florence Devouard (Consultant) \u2013 Wikimedia Foundation<br \/>\n15.00 \u2013 Marie Vorgan le Barzic (Silicon Sentier) \u2013 La Cantine Num\u00e9rique<br \/>\n15.15 \u2013 Roundtable discussion \u2013 Enterprises and open communities:<\/p>\n<ul>\n<li> Xavier Boileau (Generali),<\/li>\n<li> Olivier Maurel (Danone),<\/li>\n<li> Alain Raynaud (Founder Institute),<\/li>\n<li> Olivier R\u00e9aud (In Principo),<\/li>\n<li> Jim Zemlin (The Linux foundation)<\/li>\n<\/ul>\n<p>15.45 \u2013 Juliette Compagnion, Laurent Bouffies &#8211; Appel \u00e0 contribution de la Fondation umana \u00e6<\/p>\n<p>Cette conf\u00e9rence s&#8217;adresse aux d\u00e9cideurs, aux managers, aux acteurs des entreprises, organisations, services publics qui souhaitent \u00e9voluer vers de nouveaux mod\u00e8les inspir\u00e9s de ceux qui ont fait le succ\u00e8s des logiciels libres.<\/p>\n","protected":false},"excerpt":{"rendered":"<p>Paris, le 2 octobre 2009, dans le cadre du forum mondial du libre (Open World Forum) se tiendra la conf\u00e9rence : &#8220;Le facteur humain&#8230; coeur de l&#8217;Industrie du logiciel libre.&#8221; Comment la dimension humaine collaborative et le mode de croissance organique du Logiciel Libre peuvent transformer en profondeur le monde \u00e9conomique et avoir un impact [&hellip;]<\/p>\n","protected":false},"author":1,"featured_media":0,"comment_status":"open","ping_status":"open","sticky":false,"template":"","format":"standard","meta":{"advanced_seo_description":"","jetpack_seo_html_title":"","jetpack_seo_noindex":false,"jetpack_post_was_ever_published":false,"_jetpack_newsletter_access":"","_jetpack_dont_email_post_to_subs":false,"_jetpack_newsletter_tier_id":0,"_jetpack_memberships_contains_paywalled_content":false,"_jetpack_memberships_contains_paid_content":false,"footnotes":""},"categories":[3],"tags":[236,276,321],"class_list":["post-643","post","type-post","status-publish","format-standard","hentry","category-ayeba","tag-innovation","tag-logiciel-libre","tag-open-source"],"jetpack_featured_media_url":"","jetpack_shortlink":"https:\/\/wp.me\/paNjQG-an","jetpack-related-posts":[{"id":711,"url":"https:\/\/blog-alexis.monville.com\/en\/2009\/12\/31\/le-facteur-humain\/","url_meta":{"origin":643,"position":0},"title":"Le facteur humain","author":"Alexis","date":"December 31, 2009","format":false,"excerpt":"La lecture d'un billet r\u00e9cent du FramaBlog me donne l'envie de terminer 2009 en parlant \u00e0 nouveau du th\u00e8me qui m'int\u00e9resse probablement le plus : l'\u00e9volution des modes d'organisation. Ce th\u00e8me avait \u00e9t\u00e9 abord\u00e9 lors de la conf\u00e9rence Le facteur humain... au coeur de l'industrie du logiciel libre organis\u00e9e lors\u2026","rel":"","context":"In &quot;General&quot;","block_context":{"text":"General","link":"https:\/\/blog-alexis.monville.com\/en\/category\/all\/"},"img":{"alt_text":"","src":"","width":0,"height":0},"classes":[]},{"id":634,"url":"https:\/\/blog-alexis.monville.com\/en\/2009\/08\/01\/owf-owf2009le-facteur-humain-au-coeur-de-lindustrie-du-logiciel-libre\/","url_meta":{"origin":643,"position":1},"title":"Le facteur humain&#8230; au coeur de l&#8217;industrie du logiciel libre","author":"Alexis","date":"August 1, 2009","format":false,"excerpt":"Le FLOSS, l'OpenSource, le logiciel libre... Un truc de geek, de techos, de chevelus... Cette image est bien sur erron\u00e9e et les Directeurs des Syst\u00e8mes d'Information qui ont adopt\u00e9s des solutions sous licences libres se sont \u00e9galement fait les farouches partisants d'un mod\u00e8le qui leur permet de reprendre la ma\u00eetrise\u2026","rel":"","context":"In &quot;Interventions&quot;","block_context":{"text":"Interventions","link":"https:\/\/blog-alexis.monville.com\/en\/category\/interventions\/"},"img":{"alt_text":"OWF 2009","src":"http:\/\/openworldforum.org\/owf\/portal\/contact\/OWF_200x216.jpg\/image_preview","width":350,"height":200},"classes":[]},{"id":662,"url":"https:\/\/blog-alexis.monville.com\/en\/2009\/10\/04\/conference-sur-le-facteur-humain\/","url_meta":{"origin":643,"position":2},"title":"Conf\u00e9rence sur le facteur humain","author":"Alexis","date":"October 4, 2009","format":false,"excerpt":"Je reprend ici un billet publi\u00e9 sur ayeba.fr. Ce vendredi 2 octobre 2009, de 14h \u00e0 16h, se d\u00e9roulait lors de l'OpenWorldForum, la conf\u00e9rence : \"le facteur humain... au coeur de l'industrie du logiciel libre\". Une conf\u00e9rence pour aborder le facteur humain au coeur du succ\u00e8s du logiciel libre !\u2026","rel":"","context":"In &quot;ayeba&quot;","block_context":{"text":"ayeba","link":"https:\/\/blog-alexis.monville.com\/en\/category\/ayeba\/"},"img":{"alt_text":"","src":"https:\/\/i0.wp.com\/farm3.static.flickr.com\/2440\/3979097399_d3d66d6cdb_m.jpg?resize=350%2C200","width":350,"height":200},"classes":[]},{"id":14,"url":"https:\/\/blog-alexis.monville.com\/en\/2006\/05\/15\/les-rendez-vous-du-cete-logiciel-libre-enjeux-et-perspectives\/","url_meta":{"origin":643,"position":3},"title":"Les Rendez-Vous du CETE \u201cLogiciel libre : enjeux et perspectives\u201d","author":"Alexis","date":"May 15, 2006","format":false,"excerpt":"Invit\u00e9 \u00e0 repr\u00e9senter la Direction G\u00e9n\u00e9rale de la Modernisation de l'Etat lors des Conf\u00e9rences organis\u00e9es par le CETENord-Picardie : \"pour comprendre le pr\u00e9sent et construire l\u2019avenir\" A compl\u00e8ter avec le lien vers les pr\u00e9sentations de l'Adullact et du minist\u00e8re de l'\u00e9quipement et la mienne... Programme : 14h00 - Propos introductif\u2026","rel":"","context":"In &quot;Interventions&quot;","block_context":{"text":"Interventions","link":"https:\/\/blog-alexis.monville.com\/en\/category\/interventions\/"},"img":{"alt_text":"","src":"","width":0,"height":0},"classes":[]},{"id":796,"url":"https:\/\/blog-alexis.monville.com\/en\/2010\/03\/11\/logiciel-libre\/","url_meta":{"origin":643,"position":4},"title":"Logiciel libre","author":"Alexis","date":"March 11, 2010","format":false,"excerpt":"En quelques mots aujourd'hui pour : vous inviter \u00e0 noter dans vos agendas que le Salon Solutions Linux se tiendra \u00e0 la porte de Versailles du 16 au 18 mars, je vous souhaite nombreux pour la conf\u00e9rence Administration et Libre le 17 mars \u00e0 9h00, vous encourager \u00e0 r\u00e9agir \u00e0\u2026","rel":"","context":"In &quot;Interventions&quot;","block_context":{"text":"Interventions","link":"https:\/\/blog-alexis.monville.com\/en\/category\/interventions\/"},"img":{"alt_text":"","src":"","width":0,"height":0},"classes":[]},{"id":20,"url":"https:\/\/blog-alexis.monville.com\/en\/2006\/06\/25\/dele\/","url_meta":{"origin":643,"position":5},"title":"Groupe de Travail Franco-Chinois sur les logiciels libres","author":"Alexis","date":"June 25, 2006","format":false,"excerpt":"Membre de la d\u00e9l\u00e9gation fran\u00e7aise lors du d\u00e9placement en Chine du 17 au 25 juin 2006. L'objet principal du d\u00e9placement \u00e9tait la r\u00e9union du Groupe de travail franco-chinois sur les logiciels libres initi\u00e9 suite \u00e0 la signature de l'accord de coop\u00e9ration pour promouvoir l'usage et le d\u00e9veloppement des logiciels libres\u2026","rel":"","context":"In &quot;International&quot;","block_context":{"text":"International","link":"https:\/\/blog-alexis.monville.com\/en\/category\/international\/"},"img":{"alt_text":"","src":"","width":0,"height":0},"classes":[]}],"jetpack_sharing_enabled":true,"_links":{"self":[{"href":"https:\/\/blog-alexis.monville.com\/en\/wp-json\/wp\/v2\/posts\/643","targetHints":{"allow":["GET"]}}],"collection":[{"href":"https:\/\/blog-alexis.monville.com\/en\/wp-json\/wp\/v2\/posts"}],"about":[{"href":"https:\/\/blog-alexis.monville.com\/en\/wp-json\/wp\/v2\/types\/post"}],"author":[{"embeddable":true,"href":"https:\/\/blog-alexis.monville.com\/en\/wp-json\/wp\/v2\/users\/1"}],"replies":[{"embeddable":true,"href":"https:\/\/blog-alexis.monville.com\/en\/wp-json\/wp\/v2\/comments?post=643"}],"version-history":[{"count":0,"href":"https:\/\/blog-alexis.monville.com\/en\/wp-json\/wp\/v2\/posts\/643\/revisions"}],"wp:attachment":[{"href":"https:\/\/blog-alexis.monville.com\/en\/wp-json\/wp\/v2\/media?parent=643"}],"wp:term":[{"taxonomy":"category","embeddable":true,"href":"https:\/\/blog-alexis.monville.com\/en\/wp-json\/wp\/v2\/categories?post=643"},{"taxonomy":"post_tag","embeddable":true,"href":"https:\/\/blog-alexis.monville.com\/en\/wp-json\/wp\/v2\/tags?post=643"}],"curies":[{"name":"wp","href":"https:\/\/api.w.org\/{rel}","templated":true}]}}