{"id":634,"date":"2009-08-01T17:37:53","date_gmt":"2009-08-01T15:37:53","guid":{"rendered":"https:\/\/blog-alexis.monville.com\/?p=634"},"modified":"2009-08-01T17:37:53","modified_gmt":"2009-08-01T15:37:53","slug":"owf-owf2009le-facteur-humain-au-coeur-de-lindustrie-du-logiciel-libre","status":"publish","type":"post","link":"https:\/\/blog-alexis.monville.com\/en\/2009\/08\/01\/owf-owf2009le-facteur-humain-au-coeur-de-lindustrie-du-logiciel-libre\/","title":{"rendered":"Le facteur humain&#8230; au coeur de l&#8217;industrie du logiciel libre"},"content":{"rendered":"<p><a href=\"http:\/\/www.openworldforum.org\"><\/a><\/p>\n<p><a href=\"http:\/\/www.openworldforum.org\"><img loading=\"lazy\" decoding=\"async\" class=\"alignleft\" style=\"border: 0px initial initial\" src=\"http:\/\/openworldforum.org\/owf\/portal\/contact\/OWF_200x216.jpg\/image_preview\" border=\"0\" alt=\"OWF 2009\" width=\"200\" height=\"216\" \/><\/a><\/p>\n<p><a href=\"http:\/\/www.openworldforum.org\"> <\/a><\/p>\n<p>Le FLOSS, l&#8217;OpenSource, le logiciel libre&#8230; Un truc de geek, de techos, de chevelus&#8230; Cette image est bien sur erron\u00e9e et les Directeurs des Syst\u00e8mes d&#8217;Information qui ont adopt\u00e9s des solutions sous licences libres se sont \u00e9galement fait les farouches partisants d&#8217;un mod\u00e8le qui leur permet de reprendre la ma\u00eetrise de leur syst\u00e8me d&#8217;information.<\/p>\n<p>Et d&#8217;ailleurs, lorsque l&#8217;on lit quel est le public attendu lors du forum mondial du libre qui se tiendra \u00e0 Paris, les 1er et 2 octobre 2009, il n&#8217;y a pas de doute possible : &#8221;<\/p>\n<p style=\"margin-top: 15px;margin-right: 0px;margin-bottom: 15px;margin-left: 0px;line-height: 1.5em;font-size: 1em;color: #666666;font-family: Georgia;text-align: justify;padding: 0px\">L&#8217;Open World Forum est au croisement des diverses communaut\u00e9s qui composent l&#8217;univers du Libre. Il est destin\u00e9 \u00e0 tous les acteurs et d\u00e9cideurs de l&#8217;Open Source : des membres des communaut\u00e9 aux responsables politiques, en passant par les dirigeants d&#8217;entreprises, les chercheurs et les universitaires. Lieu de rencontre, il permet \u00e0 toutes les parties prenantes de se rencontrer et favorise le lancement de nouvelles initiatives. Rendez-vous international, il donne de la visibilit\u00e9 aux acteurs, aux technologies et aux nouvelles tendances. Il offre ainsi un lieu id\u00e9al pour faire des annonces et d\u00e9voiler de nouveaux projets. Avec un large \u00e9ventail de conf\u00e9rences et d\u2019ateliers, qui couvrent tout le spectre, de la strat\u00e9gie aux technologies et aux tendances soci\u00e9tales, l&#8217;Open World Forum s\u2019adresse ainsi :<\/p>\n<ul style=\"line-height: 1.5em;padding: 0px;margin: 0px\">\n<li>Aux d\u00e9cideurs<\/li>\n<li>Aux investisseurs<\/li>\n<li>Aux responsables informatiques et architectes<\/li>\n<li>Aux chercheurs et universitaires<\/li>\n<li>Aux experts technologiques<\/li>\n<\/ul>\n<p> &nbsp;<\/p>\n<p>Mais alors, que sont-ils devenus ces hommes (au sens large, quoique lors de certains rassemblements&#8230; je me demande \ud83d\ude09 ) qui ont fait le succ\u00e8s de ce mode de diffusion et d&#8217;enrichissement des meilleures solutions logicielles ? Comment leurs m\u00e9thodes, leurs organisations se sont diffus\u00e9s ? De quelles approches se sont-elles inspir\u00e9es ?<\/p>\n<p>La conf\u00e9rence &#8220;Le facteur humain&#8230; au coeur de l&#8217;industrie du logiciel libre&#8221; abordera ces diff\u00e9rents sujets :<\/p>\n<ul>\n<li>Lean, agilit\u00e9 et organisation cellulaire &#8211; Alexis Monville &#8211; Confirm\u00e9<\/li>\n<li>Collective Intelligence &#8211; JF Noubel &#8211; Confirm\u00e9<\/li>\n<li>Andi Gutmans &#8211; CEO, Zend &#8211; \u00e0 confirmer<\/li>\n<li>Florence Devouard &#8211; former Chair of the Board of Trustees of the Wikimedia Foundation (2006-2008) &#8211; \u00e0 confirmer<\/li>\n<li>Marie Vorgan le Barzic &#8211; Silicon Sentier \/ la cantine<\/li>\n<li>Table-ronde : Entreprises et communaut\u00e9s : Xavier Boileau &#8211; Generali (Confirm\u00e9), Emmanuel Faber &#8211; Danone Communities (\u00e0 confirmer), Christophe Aguiton &#8211; Orange Labs (\u00e0 confirmer) &#8211; Olivier R\u00e9aud &#8211; In Principo (Confirm\u00e9)<\/li>\n<li>Laurent Bouffies &#8211; Blue Child Foundation &#8211; confirm\u00e9<\/li>\n<li>Echanges avec la salle<\/li>\n<\/ul>\n<p><strong>Rendez-vous le 2 octobre de 14h \u00e0 16h \u00e0 l&#8217;<a href=\"http:\/\/openworldforum.org\" target=\"_blank\">Open World Forum<\/a> !<\/strong><\/p>\n<p><strong><br \/>\n<\/strong><\/p>\n","protected":false},"excerpt":{"rendered":"<p>Le FLOSS, l&#8217;OpenSource, le logiciel libre&#8230; Un truc de geek, de techos, de chevelus&#8230; Cette image est bien sur erron\u00e9e et les Directeurs des Syst\u00e8mes d&#8217;Information qui ont adopt\u00e9s des solutions sous licences libres se sont \u00e9galement fait les farouches partisants d&#8217;un mod\u00e8le qui leur permet de reprendre la ma\u00eetrise de leur syst\u00e8me d&#8217;information. Et [&hellip;]<\/p>\n","protected":false},"author":1,"featured_media":0,"comment_status":"open","ping_status":"open","sticky":false,"template":"","format":"standard","meta":{"advanced_seo_description":"","jetpack_seo_html_title":"","jetpack_seo_noindex":false,"jetpack_post_was_ever_published":false,"_jetpack_newsletter_access":"","_jetpack_dont_email_post_to_subs":false,"_jetpack_newsletter_tier_id":0,"_jetpack_memberships_contains_paywalled_content":false,"_jetpack_memberships_contains_paid_content":false,"footnotes":""},"categories":[8],"tags":[276,284,321,444],"class_list":["post-634","post","type-post","status-publish","format-standard","hentry","category-interventions","tag-logiciel-libre","tag-management","tag-open-source","tag-technologies"],"jetpack_featured_media_url":"","jetpack_shortlink":"https:\/\/wp.me\/paNjQG-ae","jetpack-related-posts":[{"id":643,"url":"https:\/\/blog-alexis.monville.com\/en\/2009\/09\/02\/le-facteur-humain-coeur-de-lindustrie-du-logiciel-libre\/","url_meta":{"origin":634,"position":0},"title":"Le facteur humain&#8230; coeur de l&#8217;Industrie du logiciel libre","author":"Alexis","date":"September 2, 2009","format":false,"excerpt":"Paris, le 2 octobre 2009, dans le cadre du forum mondial du libre (Open World Forum) se tiendra la conf\u00e9rence : \"Le facteur humain... coeur de l'Industrie du logiciel libre.\" Comment la dimension humaine collaborative et le mode de croissance organique du Logiciel Libre peuvent transformer en profondeur le monde\u2026","rel":"","context":"In &quot;ayeba&quot;","block_context":{"text":"ayeba","link":"https:\/\/blog-alexis.monville.com\/en\/category\/ayeba\/"},"img":{"alt_text":"OWF 2009","src":"http:\/\/openworldforum.org\/owf\/portal\/contact\/OWF_200x216.jpg\/image_preview","width":350,"height":200},"classes":[]},{"id":270,"url":"https:\/\/blog-alexis.monville.com\/en\/2008\/12\/02\/promotion-du-logiciel-libre\/","url_meta":{"origin":634,"position":1},"title":"Promotion du logiciel libre","author":"Alexis","date":"December 2, 2008","format":false,"excerpt":"L'APRIL (Association pour la promotion du logiciel libre) m\u00e8ne actuellement une campagne d'adh\u00e9sion avec l'objectif d'atteindre 5000 adh\u00e9rents d'ici \u00e0 la fin de l'ann\u00e9e. Comme vous pouvez le constater avec cette barre de progression, l'objectif est atteignable ! Interop\u00e9rabilit\u00e9, libert\u00e9s informatiques, ma\u00eetrise des syst\u00e8mes d'information, garantie de leurs ind\u00e9pendances vis\u2026","rel":"","context":"In &quot;Explorateurs&quot;","block_context":{"text":"Explorateurs","link":"https:\/\/blog-alexis.monville.com\/en\/category\/explorateurs\/"},"img":{"alt_text":"","src":"http:\/\/www.april.org\/barre-progression\/progbar.php","width":350,"height":200},"classes":[]},{"id":796,"url":"https:\/\/blog-alexis.monville.com\/en\/2010\/03\/11\/logiciel-libre\/","url_meta":{"origin":634,"position":2},"title":"Logiciel libre","author":"Alexis","date":"March 11, 2010","format":false,"excerpt":"En quelques mots aujourd'hui pour : vous inviter \u00e0 noter dans vos agendas que le Salon Solutions Linux se tiendra \u00e0 la porte de Versailles du 16 au 18 mars, je vous souhaite nombreux pour la conf\u00e9rence Administration et Libre le 17 mars \u00e0 9h00, vous encourager \u00e0 r\u00e9agir \u00e0\u2026","rel":"","context":"In &quot;Interventions&quot;","block_context":{"text":"Interventions","link":"https:\/\/blog-alexis.monville.com\/en\/category\/interventions\/"},"img":{"alt_text":"","src":"","width":0,"height":0},"classes":[]},{"id":666,"url":"https:\/\/blog-alexis.monville.com\/en\/2009\/10\/17\/appel-a-communication-pour-solutions-linux-2010\/","url_meta":{"origin":634,"position":3},"title":"Appel \u00e0 communication pour Solutions Linux 2010","author":"Alexis","date":"October 17, 2009","format":false,"excerpt":"Une conf\u00e9rence gratuite \"L'administration et le libre\" est propos\u00e9e lors de la prochaine \u00e9dition du salon Solutions Linux qui se d\u00e9roulera du 16 au 18 mars 2010. L'appel \u00e0 communication est publi\u00e9 et vous avez jusqu'au 6 novembre pour proposer vos interventions Pour en savoir plus vous pouvez consulter les\u2026","rel":"","context":"In &quot;International&quot;","block_context":{"text":"International","link":"https:\/\/blog-alexis.monville.com\/en\/category\/international\/"},"img":{"alt_text":"image001","src":"https:\/\/i0.wp.com\/blog-alexis.monville.com\/wp-content\/uploads\/sites\/2\/2009\/10\/image001.jpg?resize=350%2C200&ssl=1","width":350,"height":200},"classes":[]},{"id":807,"url":"https:\/\/blog-alexis.monville.com\/en\/2010\/05\/02\/logiciel-libre-et-amelioration-des-methodes-de-travail\/","url_meta":{"origin":634,"position":4},"title":"Logiciel libre et am\u00e9lioration des m\u00e9thodes de travail","author":"Alexis","date":"May 2, 2010","format":false,"excerpt":"Qu'apporte le logiciel libre ou l'open source au sein de l'entreprise ?\u00a0Quelles influences ces technologies ont-elles sur l'efficacit\u00e9 du syst\u00e8me d'information ? Peut-on parler dans le logiciel libre uniquement de l'aspect fonctionnel et des co\u00fbts ? Existe-t-il une diff\u00e9rence entre le mod\u00e8le de d\u00e9veloppement et le mod\u00e8le de diffusion ?\u2026","rel":"","context":"In &quot;General&quot;","block_context":{"text":"General","link":"https:\/\/blog-alexis.monville.com\/en\/category\/all\/"},"img":{"alt_text":"","src":"https:\/\/i0.wp.com\/blog-alexis.monville.com\/files\/2010\/05\/solutions-linux-2-300x188.png?resize=350%2C200&ssl=1","width":350,"height":200},"classes":[]},{"id":371,"url":"https:\/\/blog-alexis.monville.com\/en\/2009\/01\/31\/francois-elie-economie-du-logiciel-libre\/","url_meta":{"origin":634,"position":5},"title":"Economie du logiciel libre","author":"Alexis","date":"January 31, 2009","format":false,"excerpt":"Fran\u00e7ois Elie publie ses r\u00e9flexions sur l'\u00e9conomie du logiciel libre dans cet ouvrage qui est arriv\u00e9 en format livre \u00e9lectronique en novembre 2008 et qui devrait \u00eatre publi\u00e9 en papier d\u00e9s le mois de f\u00e9vrier. Un blog a \u00e9t\u00e9 mis en place afin de poursuivre la discution autour des sujets\u2026","rel":"","context":"In &quot;General&quot;","block_context":{"text":"General","link":"https:\/\/blog-alexis.monville.com\/en\/category\/all\/"},"img":{"alt_text":"","src":"https:\/\/i0.wp.com\/izibook.eyrolles.com\/images\/thumbnails\/0000\/0837\/12463_Elie_medium.jpg?resize=350%2C200","width":350,"height":200},"classes":[]}],"jetpack_sharing_enabled":true,"_links":{"self":[{"href":"https:\/\/blog-alexis.monville.com\/en\/wp-json\/wp\/v2\/posts\/634","targetHints":{"allow":["GET"]}}],"collection":[{"href":"https:\/\/blog-alexis.monville.com\/en\/wp-json\/wp\/v2\/posts"}],"about":[{"href":"https:\/\/blog-alexis.monville.com\/en\/wp-json\/wp\/v2\/types\/post"}],"author":[{"embeddable":true,"href":"https:\/\/blog-alexis.monville.com\/en\/wp-json\/wp\/v2\/users\/1"}],"replies":[{"embeddable":true,"href":"https:\/\/blog-alexis.monville.com\/en\/wp-json\/wp\/v2\/comments?post=634"}],"version-history":[{"count":0,"href":"https:\/\/blog-alexis.monville.com\/en\/wp-json\/wp\/v2\/posts\/634\/revisions"}],"wp:attachment":[{"href":"https:\/\/blog-alexis.monville.com\/en\/wp-json\/wp\/v2\/media?parent=634"}],"wp:term":[{"taxonomy":"category","embeddable":true,"href":"https:\/\/blog-alexis.monville.com\/en\/wp-json\/wp\/v2\/categories?post=634"},{"taxonomy":"post_tag","embeddable":true,"href":"https:\/\/blog-alexis.monville.com\/en\/wp-json\/wp\/v2\/tags?post=634"}],"curies":[{"name":"wp","href":"https:\/\/api.w.org\/{rel}","templated":true}]}}