{"id":630,"date":"2009-08-01T00:28:20","date_gmt":"2009-07-31T22:28:20","guid":{"rendered":"https:\/\/blog-alexis.monville.com\/?p=630"},"modified":"2009-08-01T00:28:20","modified_gmt":"2009-07-31T22:28:20","slug":"la-culture-du-domaine-public","status":"publish","type":"post","link":"https:\/\/blog-alexis.monville.com\/en\/2009\/08\/01\/la-culture-du-domaine-public\/","title":{"rendered":"La culture du domaine public"},"content":{"rendered":"<p><a href=\"http:\/\/commons.wikimedia.org\/wiki\/Category:National_Portrait_Gallery,_London\"><img loading=\"lazy\" decoding=\"async\" class=\"alignleft\" src=\"http:\/\/upload.wikimedia.org\/wikipedia\/commons\/thumb\/d\/d0\/Stanislawa_Bevan_%28n%C3%A9e_de_Karlowska%29_by_Robert_Polhill_Bevan.jpg\/502px-Stanislawa_Bevan_%28n%C3%A9e_de_Karlowska%29_by_Robert_Polhill_Bevan.jpg\" alt=\"\" width=\"301\" height=\"360\" \/><\/a>L&#8217;image ci-contre repr\u00e9sente le tableau de Robert Bevan.<\/p>\n<p>On peut la trouver dans la collection de wikipedia grace \u00e0 une op\u00e9ration de collecte des images de la National Portrait Gallery.<\/p>\n<p>Ce qui ne plait pas \u00e0 tout le monde&#8230;<\/p>\n<p>Cet article est \u00e0 lire sur <a href=\"http:\/\/scinfolex.wordpress.com\/2009\/07\/30\/le-domaine-public-en-partage-a-propos-de-laffaire-wikipedia-c-national-portrait-gallery\/#comment-248\">scinfolex<\/a><\/p>\n","protected":false},"excerpt":{"rendered":"<p>L&#8217;image ci-contre repr\u00e9sente le tableau de Robert Bevan. On peut la trouver dans la collection de wikipedia grace \u00e0 une op\u00e9ration de collecte des images de la National Portrait Gallery. Ce qui ne plait pas \u00e0 tout le monde&#8230; Cet article est \u00e0 lire sur scinfolex<\/p>\n","protected":false},"author":1,"featured_media":0,"comment_status":"open","ping_status":"open","sticky":false,"template":"","format":"standard","meta":{"advanced_seo_description":"","jetpack_seo_html_title":"","jetpack_seo_noindex":false,"jetpack_post_was_ever_published":false,"_jetpack_newsletter_access":"","_jetpack_dont_email_post_to_subs":false,"_jetpack_newsletter_tier_id":0,"_jetpack_memberships_contains_paywalled_content":false,"_jetpack_memberships_contains_paid_content":false,"footnotes":""},"categories":[1],"tags":[],"class_list":["post-630","post","type-post","status-publish","format-standard","hentry","category-all"],"jetpack_featured_media_url":"","jetpack_shortlink":"https:\/\/wp.me\/paNjQG-aa","jetpack-related-posts":[{"id":578,"url":"https:\/\/blog-alexis.monville.com\/en\/2009\/05\/30\/la-nouvelle-couleur-de-largent\/","url_meta":{"origin":630,"position":0},"title":"La nouvelle couleur de l&#8217;argent","author":"Alexis","date":"May 30, 2009","format":false,"excerpt":"La nouvelle couleur de l'argent, c'est le titre de l'\u00e9mission Rue des Entrepreneurs de Didier Ad\u00e8s et Dominique Dambert de ce 30 mai 2009. L'\u00e9mission est disponible en balladodifusion (podcast ;-) ) \u00e0 cette adresse : La nouvelle couleur de l'argent. Une Excellente \u00e9mission au cours de laquelle les invit\u00e9s\u2026","rel":"","context":"In &quot;Explorateurs&quot;","block_context":{"text":"Explorateurs","link":"https:\/\/blog-alexis.monville.com\/en\/category\/explorateurs\/"},"img":{"alt_text":"1184808_pile_of_coins","src":"https:\/\/i0.wp.com\/blog-alexis.monville.com\/wp-content\/uploads\/sites\/2\/2009\/05\/1184808_pile_of_coins.jpg?resize=350%2C200&ssl=1","width":350,"height":200},"classes":[]},{"id":592,"url":"https:\/\/blog-alexis.monville.com\/en\/2009\/06\/12\/voyage-au-coeur-de-lintelligence-collective-globale\/","url_meta":{"origin":630,"position":1},"title":"Voyage au coeur de l&#8217;intelligence collective globale","author":"Alexis","date":"June 12, 2009","format":false,"excerpt":"le","rel":"","context":"In &quot;Explorateurs&quot;","block_context":{"text":"Explorateurs","link":"https:\/\/blog-alexis.monville.com\/en\/category\/explorateurs\/"},"img":{"alt_text":"","src":"https:\/\/i0.wp.com\/wiki.thetransitioner.org\/%40api\/deki\/site\/logo.png?resize=350%2C200","width":350,"height":200},"classes":[]},{"id":233,"url":"https:\/\/blog-alexis.monville.com\/en\/2008\/10\/19\/les-explorateurs-au-forum\/","url_meta":{"origin":630,"position":2},"title":"Les Explorateurs au Forum&#8230;","author":"Alexis","date":"October 19, 2008","format":false,"excerpt":"Les 17 et 18 octobre, les Explorateurs du web avaient rendez-vous au Forum des Associations de la ville de Paris. De nombreuses rencontres passionnantes, des questions, des id\u00e9es sur les usages du web (qui pour beaucoup est la premi\u00e8re version qu'ils voient et pour qui, donc, l'expression web 2.0 n'a\u2026","rel":"","context":"In &quot;Explorateurs&quot;","block_context":{"text":"Explorateurs","link":"https:\/\/blog-alexis.monville.com\/en\/category\/explorateurs\/"},"img":{"alt_text":"","src":"https:\/\/i0.wp.com\/lh6.ggpht.com\/monville.alexis\/SPsY6YwlyDI\/AAAAAAAACDA\/D-9xHDRk2eA\/s144\/explorateurs-forum-association.jpg?resize=350%2C200","width":350,"height":200},"classes":[]},{"id":671,"url":"https:\/\/blog-alexis.monville.com\/en\/2009\/10\/22\/colibri-ou-collibri\/","url_meta":{"origin":630,"position":3},"title":"Colibri ou CoLLibri ?","author":"Alexis","date":"October 22, 2009","format":false,"excerpt":"Le lancement de coLLibri se d\u00e9roulait le 20 octobre 2009 \u00e0 La Cantine Num\u00e9rique. L'objectif de la communaut\u00e9 coLLibri est de faire se rencontrer les acteurs du logiciel libre et ceux du web 2.0 afin de favoriser l'\u00e9mergence de projets communs. Open Innovation, coop\u00e9ration, intelligence collective, r\u00e9seaux sociaux, nouveaux mod\u00e8les\u2026","rel":"","context":"In &quot;General&quot;","block_context":{"text":"General","link":"https:\/\/blog-alexis.monville.com\/en\/category\/all\/"},"img":{"alt_text":"","src":"https:\/\/i0.wp.com\/collibri.org\/media\/collibri\/images\/head\/logo-collibri.png?resize=350%2C200","width":350,"height":200},"classes":[]},{"id":643,"url":"https:\/\/blog-alexis.monville.com\/en\/2009\/09\/02\/le-facteur-humain-coeur-de-lindustrie-du-logiciel-libre\/","url_meta":{"origin":630,"position":4},"title":"Le facteur humain&#8230; coeur de l&#8217;Industrie du logiciel libre","author":"Alexis","date":"September 2, 2009","format":false,"excerpt":"Paris, le 2 octobre 2009, dans le cadre du forum mondial du libre (Open World Forum) se tiendra la conf\u00e9rence : \"Le facteur humain... coeur de l'Industrie du logiciel libre.\" Comment la dimension humaine collaborative et le mode de croissance organique du Logiciel Libre peuvent transformer en profondeur le monde\u2026","rel":"","context":"In &quot;ayeba&quot;","block_context":{"text":"ayeba","link":"https:\/\/blog-alexis.monville.com\/en\/category\/ayeba\/"},"img":{"alt_text":"OWF 2009","src":"http:\/\/openworldforum.org\/owf\/portal\/contact\/OWF_200x216.jpg\/image_preview","width":350,"height":200},"classes":[]},{"id":513,"url":"https:\/\/blog-alexis.monville.com\/en\/2009\/05\/07\/les-explorateurs-du-web-2\/","url_meta":{"origin":630,"position":5},"title":"Les Explorateurs du Web","author":"Alexis","date":"May 7, 2009","format":false,"excerpt":"La premi\u00e8re r\u00e9union du nouveau Conseil d'Administration de l'association Les Explorateurs du Web s'est tenue hier soir \u00e0 La Ruche. La transition avec l'ancienne \u00e9quipe est en cours et sera finalis\u00e9e lors du rendez-vous des \"Pr\u00e9sidents\" planifi\u00e9 mardi 12 mai. Nous publierons \u00e0 suivre notre proposition de plan d'action pour\u2026","rel":"","context":"In &quot;Explorateurs&quot;","block_context":{"text":"Explorateurs","link":"https:\/\/blog-alexis.monville.com\/en\/category\/explorateurs\/"},"img":{"alt_text":"","src":"https:\/\/i0.wp.com\/explorateursduweb.com\/blog\/wp-content\/files\/explorateurs-du-web-150.gif?resize=350%2C200","width":350,"height":200},"classes":[]}],"jetpack_sharing_enabled":true,"_links":{"self":[{"href":"https:\/\/blog-alexis.monville.com\/en\/wp-json\/wp\/v2\/posts\/630","targetHints":{"allow":["GET"]}}],"collection":[{"href":"https:\/\/blog-alexis.monville.com\/en\/wp-json\/wp\/v2\/posts"}],"about":[{"href":"https:\/\/blog-alexis.monville.com\/en\/wp-json\/wp\/v2\/types\/post"}],"author":[{"embeddable":true,"href":"https:\/\/blog-alexis.monville.com\/en\/wp-json\/wp\/v2\/users\/1"}],"replies":[{"embeddable":true,"href":"https:\/\/blog-alexis.monville.com\/en\/wp-json\/wp\/v2\/comments?post=630"}],"version-history":[{"count":0,"href":"https:\/\/blog-alexis.monville.com\/en\/wp-json\/wp\/v2\/posts\/630\/revisions"}],"wp:attachment":[{"href":"https:\/\/blog-alexis.monville.com\/en\/wp-json\/wp\/v2\/media?parent=630"}],"wp:term":[{"taxonomy":"category","embeddable":true,"href":"https:\/\/blog-alexis.monville.com\/en\/wp-json\/wp\/v2\/categories?post=630"},{"taxonomy":"post_tag","embeddable":true,"href":"https:\/\/blog-alexis.monville.com\/en\/wp-json\/wp\/v2\/tags?post=630"}],"curies":[{"name":"wp","href":"https:\/\/api.w.org\/{rel}","templated":true}]}}