{"id":627,"date":"2009-07-14T15:52:31","date_gmt":"2009-07-14T13:52:31","guid":{"rendered":"https:\/\/blog-alexis.monville.com\/?p=627"},"modified":"2009-07-14T15:52:31","modified_gmt":"2009-07-14T13:52:31","slug":"la-presse-europeenne-avec-presseuropeu","status":"publish","type":"post","link":"https:\/\/blog-alexis.monville.com\/en\/2009\/07\/14\/la-presse-europeenne-avec-presseuropeu\/","title":{"rendered":"La presse europ\u00e9enne avec PressEurop.eu"},"content":{"rendered":"<p><a href=\"http:\/\/presseurop.eu\"><img data-recalc-dims=\"1\" loading=\"lazy\" decoding=\"async\" class=\"alignleft\" style=\"border: 0pt none;margin: 10px\" src=\"https:\/\/i0.wp.com\/presseurop.eu\/sites\/all\/themes\/presseurop\/images\/logo.gif?resize=226%2C81\" alt=\"\" width=\"226\" height=\"81\" \/><\/a>D\u00e9couvrir le point de vue des autres pays d&#8217;Europe sur l&#8217;actualit\u00e9 ?<\/p>\n<p>C&#8217;est ce que propose PressEurop.eu en reprenant en 10 langues les articles (une s\u00e9lection d&#8217;articles) des quotidiens europ\u00e9ens (une s\u00e9lection de quotidiens).<\/p>\n<p>Un site donnant la possibilit\u00e9 de commenter les articles et de les partager sur les sites de &#8220;social bookmarking&#8221;.<\/p>\n<p>A d\u00e9couvrir ici : <a href=\"http:\/\/presseurop.eu\" target=\"_blank\">http:\/\/presseurop.eu<\/a><\/p>\n","protected":false},"excerpt":{"rendered":"<p>D\u00e9couvrir le point de vue des autres pays d&#8217;Europe sur l&#8217;actualit\u00e9 ? C&#8217;est ce que propose PressEurop.eu en reprenant en 10 langues les articles (une s\u00e9lection d&#8217;articles) des quotidiens europ\u00e9ens (une s\u00e9lection de quotidiens). Un site donnant la possibilit\u00e9 de commenter les articles et de les partager sur les sites de &#8220;social bookmarking&#8221;. A d\u00e9couvrir [&hellip;]<\/p>\n","protected":false},"author":1,"featured_media":0,"comment_status":"open","ping_status":"open","sticky":false,"template":"","format":"standard","meta":{"advanced_seo_description":"","jetpack_seo_html_title":"","jetpack_seo_noindex":false,"jetpack_post_was_ever_published":false,"_jetpack_newsletter_access":"","_jetpack_dont_email_post_to_subs":false,"_jetpack_newsletter_tier_id":0,"_jetpack_memberships_contains_paywalled_content":false,"_jetpack_memberships_contains_paid_content":false,"footnotes":""},"categories":[12,7],"tags":[],"class_list":["post-627","post","type-post","status-publish","format-standard","hentry","category-europe","category-international"],"jetpack_featured_media_url":"","jetpack_shortlink":"https:\/\/wp.me\/paNjQG-a7","jetpack-related-posts":[{"id":1287,"url":"https:\/\/blog-alexis.monville.com\/en\/2011\/11\/23\/observation\/","url_meta":{"origin":627,"position":0},"title":"Observation","author":"Alexis","date":"November 23, 2011","format":false,"excerpt":"\u00a0Isabel m'a fait remarquer hier une phrase tir\u00e9e d'un ouvrage de Daniel Pink, L'homme aux deux cerveaux : A la Yale School of Medecine, les \u00e9tudiants aiguisent leurs capacit\u00e9s d'observation au Yale Center for British Art, parce que \u00e9tudier la peinture aide \u00e0 d\u00e9couvrir les d\u00e9tails subtils sur l'\u00e9tat de\u2026","rel":"","context":"In &quot;ayeba&quot;","block_context":{"text":"ayeba","link":"https:\/\/blog-alexis.monville.com\/en\/category\/ayeba\/"},"img":{"alt_text":"","src":"https:\/\/i0.wp.com\/blog-alexis.monville.com\/en\/wp-content\/uploads\/sites\/2\/2011\/11\/eye.jpg?fit=1200%2C881&ssl=1&resize=350%2C200","width":350,"height":200,"srcset":"https:\/\/i0.wp.com\/blog-alexis.monville.com\/en\/wp-content\/uploads\/sites\/2\/2011\/11\/eye.jpg?fit=1200%2C881&ssl=1&resize=350%2C200 1x, https:\/\/i0.wp.com\/blog-alexis.monville.com\/en\/wp-content\/uploads\/sites\/2\/2011\/11\/eye.jpg?fit=1200%2C881&ssl=1&resize=525%2C300 1.5x, https:\/\/i0.wp.com\/blog-alexis.monville.com\/en\/wp-content\/uploads\/sites\/2\/2011\/11\/eye.jpg?fit=1200%2C881&ssl=1&resize=700%2C400 2x, https:\/\/i0.wp.com\/blog-alexis.monville.com\/en\/wp-content\/uploads\/sites\/2\/2011\/11\/eye.jpg?fit=1200%2C881&ssl=1&resize=1050%2C600 3x"},"classes":[]},{"id":585,"url":"https:\/\/blog-alexis.monville.com\/en\/2009\/06\/02\/tedx-paris\/","url_meta":{"origin":627,"position":1},"title":"TEDx Paris","author":"Alexis","date":"June 2, 2009","format":false,"excerpt":"L'\u00e9dition pilote des TEDx Paris s'est d\u00e9roul\u00e9e le 28 mai 2009 \u00e0 La Cantine. Je vous invite bien sur \u00e0 d\u00e9couvrir la version originale en regardant par exemple Richard St-John parler des 8 secrets du succ\u00e8s ou Hans Rossling d\u00e9voiler des statistiques extraordinaires. Un projet de traduction vient de commencer\u2026","rel":"","context":"In &quot;Explorateurs&quot;","block_context":{"text":"Explorateurs","link":"https:\/\/blog-alexis.monville.com\/en\/category\/explorateurs\/"},"img":{"alt_text":"","src":"https:\/\/i0.wp.com\/tedxparis.com\/sites\/default\/files\/zen_classic_logo.jpg?resize=350%2C200","width":350,"height":200},"classes":[]},{"id":688,"url":"https:\/\/blog-alexis.monville.com\/en\/2009\/11\/21\/acces-aux-donnees-publiques\/","url_meta":{"origin":627,"position":2},"title":"Acc\u00e8s aux donn\u00e9es publiques","author":"Alexis","date":"November 21, 2009","format":false,"excerpt":"La premi\u00e8re fois que j'ai vu\u00a0Hans Rossling d\u00e9voiler des statistiques extraordinaires lors d'une session TED, je me suis dit que \"nous\" tenions une d\u00e9monstration de l'int\u00e9r\u00eat de donner acc\u00e8s aux donn\u00e9es publiques afin que \"nous\" puissions tous les utiliser. Depuis, les choses ont \u00e9volu\u00e9es et de nombreux pays ont fait\u2026","rel":"","context":"In &quot;Interventions&quot;","block_context":{"text":"Interventions","link":"https:\/\/blog-alexis.monville.com\/en\/category\/interventions\/"},"img":{"alt_text":"","src":"https:\/\/i0.wp.com\/lacantine.org\/\/uploads\/9\/opendatcamp_OKV5_R.png?resize=350%2C200","width":350,"height":200},"classes":[]},{"id":346,"url":"https:\/\/blog-alexis.monville.com\/en\/2009\/01\/23\/altohumano-revelez-vos-ressources-inexploitees\/","url_meta":{"origin":627,"position":3},"title":"R\u00e9v\u00e9lez vos ressources inexploit\u00e9es !","author":"Alexis","date":"January 23, 2009","format":false,"excerpt":"D\u00e9s que l'on se pose des questions li\u00e9es \u00e0 l'humain, au d\u00e9veloppement personnel, \u00e0 la communication, aux \u00e9changes, on trouve sur Internet et ailleurs de nombreuses informations et propositions. altohumano.org veut \u00eatre un lieu de partage des connaissances et des exp\u00e9riences dans les domaines d'expertise des professionnels de l'accompagnement et\u2026","rel":"","context":"In &quot;Explorateurs&quot;","block_context":{"text":"Explorateurs","link":"https:\/\/blog-alexis.monville.com\/en\/category\/explorateurs\/"},"img":{"alt_text":"","src":"https:\/\/i0.wp.com\/www.monville.com\/wp-content\/uploads\/2009\/01\/altohumano_badge.gif?resize=350%2C200","width":350,"height":200},"classes":[]},{"id":1392,"url":"https:\/\/blog-alexis.monville.com\/en\/2012\/03\/13\/coding-gouter\/","url_meta":{"origin":627,"position":4},"title":"Coding Go\u00fbter","author":"Alexis","date":"March 13, 2012","format":false,"excerpt":"Connaissez-vous les Coding Go\u00fbter ? Je viens de d\u00e9couvrir cela (merci Fred), il s'agit : Le Coding Go\u00fbter est un rendez-vous mensuel o\u00f9 des enfants et leurs parents s\u2019emparent de diff\u00e9rents outils de programmations, des jeux et puzzles algorithmiques, des environnements de d\u00e9veloppements, des langages. Et comme c\u2019est un go\u00fbter,\u2026","rel":"","context":"In &quot;ayeba&quot;","block_context":{"text":"ayeba","link":"https:\/\/blog-alexis.monville.com\/en\/category\/ayeba\/"},"img":{"alt_text":"","src":"https:\/\/i0.wp.com\/blog-alexis.monville.com\/en\/wp-content\/uploads\/sites\/2\/2012\/03\/coding-gouter.jpg?fit=400%2C300&ssl=1&resize=350%2C200","width":350,"height":200},"classes":[]},{"id":315,"url":"https:\/\/blog-alexis.monville.com\/en\/2009\/01\/14\/twitter-yammer-quest-ce-le-micro-blogging\/","url_meta":{"origin":627,"position":5},"title":"Qu&#8217;est-ce le micro-blogging ?","author":"Alexis","date":"January 14, 2009","format":false,"excerpt":"Qu'est-ce que le micro-blogging et \u00e0 quoi cela peut-il servir en entreprise ? C'est la question que j'avais envie de poser dans cet article en construction avant de regarder la pr\u00e9sentation qu'Emilie Ogez a post\u00e9 aujourd'hui sur son blog ! Alors plut\u00f4t que r\u00e9\u00e9crire ce qui a d\u00e9j\u00e0 \u00e9t\u00e9 dit,\u2026","rel":"","context":"In &quot;Explorateurs&quot;","block_context":{"text":"Explorateurs","link":"https:\/\/blog-alexis.monville.com\/en\/category\/explorateurs\/"},"img":{"alt_text":"","src":"https:\/\/i0.wp.com\/assets1.twitter.com\/images\/twitter_logo_s.png?resize=350%2C200","width":350,"height":200},"classes":[]}],"jetpack_sharing_enabled":true,"_links":{"self":[{"href":"https:\/\/blog-alexis.monville.com\/en\/wp-json\/wp\/v2\/posts\/627","targetHints":{"allow":["GET"]}}],"collection":[{"href":"https:\/\/blog-alexis.monville.com\/en\/wp-json\/wp\/v2\/posts"}],"about":[{"href":"https:\/\/blog-alexis.monville.com\/en\/wp-json\/wp\/v2\/types\/post"}],"author":[{"embeddable":true,"href":"https:\/\/blog-alexis.monville.com\/en\/wp-json\/wp\/v2\/users\/1"}],"replies":[{"embeddable":true,"href":"https:\/\/blog-alexis.monville.com\/en\/wp-json\/wp\/v2\/comments?post=627"}],"version-history":[{"count":0,"href":"https:\/\/blog-alexis.monville.com\/en\/wp-json\/wp\/v2\/posts\/627\/revisions"}],"wp:attachment":[{"href":"https:\/\/blog-alexis.monville.com\/en\/wp-json\/wp\/v2\/media?parent=627"}],"wp:term":[{"taxonomy":"category","embeddable":true,"href":"https:\/\/blog-alexis.monville.com\/en\/wp-json\/wp\/v2\/categories?post=627"},{"taxonomy":"post_tag","embeddable":true,"href":"https:\/\/blog-alexis.monville.com\/en\/wp-json\/wp\/v2\/tags?post=627"}],"curies":[{"name":"wp","href":"https:\/\/api.w.org\/{rel}","templated":true}]}}