{"id":62,"date":"2007-05-09T08:31:26","date_gmt":"2007-05-09T06:31:26","guid":{"rendered":"http:\/\/alexismonville.wordpress.com\/2007\/05\/09\/fete-de-leurope\/"},"modified":"2007-05-09T08:31:26","modified_gmt":"2007-05-09T06:31:26","slug":"fete-de-leurope","status":"publish","type":"post","link":"https:\/\/blog-alexis.monville.com\/en\/2007\/05\/09\/fete-de-leurope\/","title":{"rendered":"f\u00eate de l\u2019Europe"},"content":{"rendered":"<p>le 9 mai, c&#8217;est la f\u00eate de l&#8217;Europe :<\/p>\n<p><a href=\"http:\/\/www.europa.eu\/50\/news\/article\/070427_a_fr.htm\" target=\"_blank\">http:\/\/www.europa.eu\/50\/news\/article\/070427_a_fr.htm<\/a><\/p>\n<p>(9 mai 1950 &#8211; Robert Schuman, ministre fran\u00e7ais des Affaires \u00e9trang\u00e8res, pr\u00e9sente son plan pour une coop\u00e9ration approfondie. Depuis lors, le 9 mai est devenu la &#8216;Journ\u00e9e de l\u2019Europe&#8217; &#8211; <a href=\"\/\/rtsppress.cec.eu.int\/Archive\/video\/mpeg\/i48865\/i48865.rm\" target=\"_blank\">pour voir la d\u00e9claration<\/a>)<\/p>\n","protected":false},"excerpt":{"rendered":"<p>le 9 mai, c&#8217;est la f\u00eate de l&#8217;Europe : http:\/\/www.europa.eu\/50\/news\/article\/070427_a_fr.htm (9 mai 1950 &#8211; Robert Schuman, ministre fran\u00e7ais des Affaires \u00e9trang\u00e8res, pr\u00e9sente son plan pour une coop\u00e9ration approfondie. Depuis lors, le 9 mai est devenu la &#8216;Journ\u00e9e de l\u2019Europe&#8217; &#8211; pour voir la d\u00e9claration)<\/p>\n","protected":false},"author":1,"featured_media":0,"comment_status":"open","ping_status":"open","sticky":false,"template":"","format":"standard","meta":{"advanced_seo_description":"","jetpack_seo_html_title":"","jetpack_seo_noindex":false,"jetpack_post_was_ever_published":false,"_jetpack_newsletter_access":"","_jetpack_dont_email_post_to_subs":false,"_jetpack_newsletter_tier_id":0,"_jetpack_memberships_contains_paywalled_content":false,"_jetpack_memberships_contains_paid_content":false,"footnotes":""},"categories":[12,7],"tags":[],"class_list":["post-62","post","type-post","status-publish","format-standard","hentry","category-europe","category-international"],"jetpack_featured_media_url":"","jetpack_shortlink":"https:\/\/wp.me\/paNjQG-10","jetpack-related-posts":[{"id":93,"url":"https:\/\/blog-alexis.monville.com\/en\/2008\/05\/09\/ce-n%e2%80%99est-pas-eux-et-nous-c%e2%80%99est-toi-et-moi\/","url_meta":{"origin":62,"position":0},"title":"Ce n\u2019est pas eux et nous, c\u2019est toi et moi","author":"Alexis","date":"May 9, 2008","format":false,"excerpt":"\u00abCe n\u2019est pas eux et nous, c\u2019est toi et moi\u00bb: le 9 mai, des milliers de personnes vont f\u00eater la diversit\u00e9 culturelle de l\u2019Europe Voici le th\u00e8me de la 22\u00e8me f\u00eate de l'Europe ! Bonne f\u00eate ! \u00e0 voir sur Europa.eu et sur feteleurope.fr","rel":"","context":"In &quot;General&quot;","block_context":{"text":"General","link":"https:\/\/blog-alexis.monville.com\/en\/category\/all\/"},"img":{"alt_text":"","src":"","width":0,"height":0},"classes":[]},{"id":97,"url":"https:\/\/blog-alexis.monville.com\/en\/2008\/06\/02\/assises-du-numerique\/","url_meta":{"origin":62,"position":1},"title":"Assises du num\u00e9rique","author":"Alexis","date":"June 2, 2008","format":false,"excerpt":"Les assises du num\u00e9rique ont \u00e9t\u00e9 ouvertes ce jeudi 29 mai 2008. Beaucoup de choses ont \u00e9t\u00e9 dites sur ce sujet, j'avais simplement envie de revenir sur quelques moments : Le discours d'ouverture d'Eric Besson : plan pour le d\u00e9veloppement du num\u00e9rique pour la fin juillet, 27 axes de travail,\u2026","rel":"","context":"In &quot;General&quot;","block_context":{"text":"General","link":"https:\/\/blog-alexis.monville.com\/en\/category\/all\/"},"img":{"alt_text":"","src":"","width":0,"height":0},"classes":[]},{"id":45,"url":"https:\/\/blog-alexis.monville.com\/en\/2006\/12\/11\/les-instruments-economiques-du-developpement-durable\/","url_meta":{"origin":62,"position":2},"title":"les instruments \u00e9conomiques du d\u00e9veloppement durable","author":"Alexis","date":"December 11, 2006","format":false,"excerpt":"Derni\u00e8re session des rencontres \u00e9conomiques pour 2006, toujours brillamment anim\u00e9es par Didier Ades, avec la participation de : Olivier Godard, directeur de recherches au CNRS : \u00ab Cadrage th\u00e9orique sur les instruments \u00e9conomiques des politiques de d\u00e9veloppement durable \u00bb Guillaume Sainteny, directeur des \u00e9tudes \u00e9conomiques et de l\u2019\u00e9valuation environnementale au\u2026","rel":"","context":"In &quot;General&quot;","block_context":{"text":"General","link":"https:\/\/blog-alexis.monville.com\/en\/category\/all\/"},"img":{"alt_text":"","src":"","width":0,"height":0},"classes":[]},{"id":1232,"url":"https:\/\/blog-alexis.monville.com\/en\/2011\/10\/12\/99\/","url_meta":{"origin":62,"position":3},"title":"99%","author":"Alexis","date":"October 12, 2011","format":false,"excerpt":"Le mouvement d'indignation contre le status quo d'une situation injuste qui profite \u00e0 1% de la population mondiale grandi et se coordonne grace \u00e0 Internet. Au point que cette coordination inqui\u00e8te et fait craindre \u00e0 certains un automne \u00e0 l'image du \"printemps arabe\". La prochaine \u00e9tape est une manifestation mondiale\u2026","rel":"","context":"In &quot;General&quot;","block_context":{"text":"General","link":"https:\/\/blog-alexis.monville.com\/en\/category\/all\/"},"img":{"alt_text":"","src":"https:\/\/i0.wp.com\/blog-alexis.monville.com\/wp-content\/uploads\/sites\/2\/2011\/10\/rrss-02-300x300.png?resize=350%2C200&ssl=1","width":350,"height":200},"classes":[]},{"id":61,"url":"https:\/\/blog-alexis.monville.com\/en\/2007\/05\/03\/rencontres-economiques-2\/","url_meta":{"origin":62,"position":4},"title":"Rencontres \u00e9conomiques","author":"Alexis","date":"May 3, 2007","format":false,"excerpt":"LA BCE ET LA POLITIQUE MON\u00c9TAIRE EUROP\u00c9ENNE : BILAN et PERSPECTIVES Stefan Collignon, professeur d\u2019\u00e9conomie politique \u00e0 European Institute, \u00e0 la L.E.S. de Londres Jacques Delpla, conseiller BNP-Paribas, membre du CAE Robert Oph\u00e8le, adjoint au directeur g\u00e9n\u00e9ral des \u00e9tudes et des relations internationales \u00e0 la Banque de France Apr\u00e8s les\u2026","rel":"","context":"In &quot;General&quot;","block_context":{"text":"General","link":"https:\/\/blog-alexis.monville.com\/en\/category\/all\/"},"img":{"alt_text":"","src":"","width":0,"height":0},"classes":[]},{"id":66,"url":"https:\/\/blog-alexis.monville.com\/en\/2007\/05\/27\/pour-un-%c2%ab-summer-of-code-%c2%bb-a-la-francaise\/","url_meta":{"origin":62,"position":5},"title":"Pour un \u00ab Summer of Code \u00bb \u00e0 la fran\u00e7aise","author":"Alexis","date":"May 27, 2007","format":false,"excerpt":"Google organise pour la troisi\u00e8me ann\u00e9e cons\u00e9cutive, le Google Summer of Code. Le succ\u00e8s de l'\u00e9v\u00e8nement ne se d\u00e9ment pas : 600 participants pour cette ann\u00e9e 2007. Le principe est simple, des organisations proposant des \u00e9volutions de logiciels libres sont candidates pour devenir tuteurs, suite \u00e0 cela des \u00e9tudiants se\u2026","rel":"","context":"In &quot;General&quot;","block_context":{"text":"General","link":"https:\/\/blog-alexis.monville.com\/en\/category\/all\/"},"img":{"alt_text":"","src":"","width":0,"height":0},"classes":[]}],"jetpack_sharing_enabled":true,"_links":{"self":[{"href":"https:\/\/blog-alexis.monville.com\/en\/wp-json\/wp\/v2\/posts\/62","targetHints":{"allow":["GET"]}}],"collection":[{"href":"https:\/\/blog-alexis.monville.com\/en\/wp-json\/wp\/v2\/posts"}],"about":[{"href":"https:\/\/blog-alexis.monville.com\/en\/wp-json\/wp\/v2\/types\/post"}],"author":[{"embeddable":true,"href":"https:\/\/blog-alexis.monville.com\/en\/wp-json\/wp\/v2\/users\/1"}],"replies":[{"embeddable":true,"href":"https:\/\/blog-alexis.monville.com\/en\/wp-json\/wp\/v2\/comments?post=62"}],"version-history":[{"count":0,"href":"https:\/\/blog-alexis.monville.com\/en\/wp-json\/wp\/v2\/posts\/62\/revisions"}],"wp:attachment":[{"href":"https:\/\/blog-alexis.monville.com\/en\/wp-json\/wp\/v2\/media?parent=62"}],"wp:term":[{"taxonomy":"category","embeddable":true,"href":"https:\/\/blog-alexis.monville.com\/en\/wp-json\/wp\/v2\/categories?post=62"},{"taxonomy":"post_tag","embeddable":true,"href":"https:\/\/blog-alexis.monville.com\/en\/wp-json\/wp\/v2\/tags?post=62"}],"curies":[{"name":"wp","href":"https:\/\/api.w.org\/{rel}","templated":true}]}}