{"id":618,"date":"2009-07-05T22:34:27","date_gmt":"2009-07-05T20:34:27","guid":{"rendered":"https:\/\/blog-alexis.monville.com\/?p=618"},"modified":"2009-07-05T22:34:27","modified_gmt":"2009-07-05T20:34:27","slug":"pour-retrouver-le-gout-du-developpement","status":"publish","type":"post","link":"https:\/\/blog-alexis.monville.com\/en\/2009\/07\/05\/pour-retrouver-le-gout-du-developpement\/","title":{"rendered":"Pour retrouver le go\u00fbt du d\u00e9veloppement"},"content":{"rendered":"<p><a href=\"http:\/\/www.programmez.com\/magazine_articles.php?titre=Le-developpeur-devient-AGILE&amp;id_article=1232&amp;magazine=120\"><img data-recalc-dims=\"1\" loading=\"lazy\" decoding=\"async\" class=\"alignleft\" style=\"margin: 10px\" src=\"https:\/\/i0.wp.com\/www.programmez.com\/img\/magazines\/120\/00001.jpg?resize=231%2C314\" alt=\"\" width=\"231\" height=\"314\" \/><\/a>Pour retrouver le go\u00fbt du d\u00e9veloppement, c&#8217;est le sous-titre du dossier consacr\u00e9 au d\u00e9veloppement agile par <a href=\"http:\/\/www.programmez.com\/magazine_articles.php?titre=Le-developpeur-devient-AGILE&amp;id_article=1232&amp;magazine=120\" target=\"_blank\">le mensuel PROgrammez ! pour son num\u00e9ro de juin 2009<\/a>.<\/p>\n<p>Implication de l&#8217;\u00e9quipe, am\u00e9lioration de la qualit\u00e9 des produits, am\u00e9lioration de la satisfaction des utilisateurs, limitation des d\u00e9veloppements aux fonctionnalit\u00e9s utiles, choix des m\u00e9thodes (avec \u00e9videment un passage par SCRUM et XP), le r\u00e9cit d&#8217;une journ\u00e9e d&#8217;un d\u00e9veloppeur agile, \u00a0les pratiques issues du LEAN, l&#8217;adoption de l&#8217;agilit\u00e9 dans les \u00e9quipes habitu\u00e9es aux approches classiques, passez \u00e0 l&#8217;agile en cours de projet&#8230; sont les th\u00e8mes abord\u00e9s dans ce\u00a0dossier tr\u00e8s complet qui a permi aux experts de quelques soci\u00e9t\u00e9s de s&#8217;exprimer sur l&#8217;agilit\u00e9.<\/p>\n<p>Un num\u00e9ro que je vous recommande (un peu tard, le num\u00e9ro de juillet est d\u00e9j\u00e0 sorti) mais que vous pouvez trouver en pdf sur le site du magazine :\u00a0<a href=\"http:\/\/www.programmez.com\/magazine_articles.php?titre=Le-developpeur-devient-AGILE&amp;id_article=1232&amp;magazine=120\">http:\/\/www.programmez.com\/magazine_articles.php?titre=Le-developpeur-devient-AGILE&amp;id_article=1232&amp;magazine=120<\/a><\/p>\n","protected":false},"excerpt":{"rendered":"<p>Pour retrouver le go\u00fbt du d\u00e9veloppement, c&#8217;est le sous-titre du dossier consacr\u00e9 au d\u00e9veloppement agile par le mensuel PROgrammez ! pour son num\u00e9ro de juin 2009. Implication de l&#8217;\u00e9quipe, am\u00e9lioration de la qualit\u00e9 des produits, am\u00e9lioration de la satisfaction des utilisateurs, limitation des d\u00e9veloppements aux fonctionnalit\u00e9s utiles, choix des m\u00e9thodes (avec \u00e9videment un passage par [&hellip;]<\/p>\n","protected":false},"author":1,"featured_media":0,"comment_status":"open","ping_status":"open","sticky":false,"template":"","format":"standard","meta":{"advanced_seo_description":"","jetpack_seo_html_title":"","jetpack_seo_noindex":false,"jetpack_post_was_ever_published":false,"_jetpack_newsletter_access":"","_jetpack_dont_email_post_to_subs":false,"_jetpack_newsletter_tier_id":0,"_jetpack_memberships_contains_paywalled_content":false,"_jetpack_memberships_contains_paid_content":false,"footnotes":""},"categories":[1],"tags":[276],"class_list":["post-618","post","type-post","status-publish","format-standard","hentry","category-all","tag-logiciel-libre"],"jetpack_featured_media_url":"","jetpack_shortlink":"https:\/\/wp.me\/paNjQG-9Y","jetpack-related-posts":[{"id":1803,"url":"https:\/\/blog-alexis.monville.com\/en\/2014\/03\/10\/coaching-agile\/","url_meta":{"origin":618,"position":0},"title":"Coaching Agile","author":"Alexis","date":"March 10, 2014","format":false,"excerpt":"Coaching Agile, le livre de r\u00e9f\u00e9rence de Rachel Davies et Liz Sedley est enfin traduit en fran\u00e7ais grace \u00e0 Fabrice Aimetti. Fabrice est connu pour ses nombreuses traductions d'articles et d'ouvrages traitant du coaching, des m\u00e9thodes agiles, du lean et plus g\u00e9n\u00e9ralement de ce qui touche aux organisations et aux\u2026","rel":"","context":"In &quot;livre&quot;","block_context":{"text":"livre","link":"https:\/\/blog-alexis.monville.com\/en\/category\/livre\/"},"img":{"alt_text":"","src":"https:\/\/i0.wp.com\/blog-alexis.monville.com\/en\/wp-content\/uploads\/sites\/2\/2014\/03\/title_page.png?fit=800%2C1200&ssl=1&resize=350%2C200","width":350,"height":200,"srcset":"https:\/\/i0.wp.com\/blog-alexis.monville.com\/en\/wp-content\/uploads\/sites\/2\/2014\/03\/title_page.png?fit=800%2C1200&ssl=1&resize=350%2C200 1x, https:\/\/i0.wp.com\/blog-alexis.monville.com\/en\/wp-content\/uploads\/sites\/2\/2014\/03\/title_page.png?fit=800%2C1200&ssl=1&resize=525%2C300 1.5x, https:\/\/i0.wp.com\/blog-alexis.monville.com\/en\/wp-content\/uploads\/sites\/2\/2014\/03\/title_page.png?fit=800%2C1200&ssl=1&resize=700%2C400 2x"},"classes":[]},{"id":42,"url":"https:\/\/blog-alexis.monville.com\/en\/2006\/11\/21\/rencontres-economiques\/","url_meta":{"origin":618,"position":1},"title":"Rencontres \u00e9conomiques","author":"Alexis","date":"November 21, 2006","format":false,"excerpt":"L'EFFICACIT\u00c9 DES ACTIONS DE D\u00c9VELOPPEMENT DANS LES PAYS PAUVRES Toujours anim\u00e9 par Didier ADES, r\u00e9dacteur en chef \u00e0 RAdio-France et avec les interventions de : Intervention de Sophie Englebienne, Directrice des programmes d'OXFAM solidarit\u00e9 en Belgique - Th\u00e8me : \u00ab Une exp\u00e9rience de terrain : comment mieux valoriser l'aide au\u2026","rel":"","context":"In &quot;General&quot;","block_context":{"text":"General","link":"https:\/\/blog-alexis.monville.com\/en\/category\/all\/"},"img":{"alt_text":"R\u00e9duire l'extr\u00eame pauvret\u00e9 et la faim","src":"https:\/\/i0.wp.com\/www.un.org\/french\/millenniumgoals\/images\/goal1-over.gif?resize=350%2C200","width":350,"height":200},"classes":[]},{"id":721,"url":"https:\/\/blog-alexis.monville.com\/en\/2010\/01\/12\/astuces-de-vie\/","url_meta":{"origin":618,"position":2},"title":"Astuces de vie","author":"Alexis","date":"January 12, 2010","format":false,"excerpt":"Ce 11 janvier, j'\u00e9tais invit\u00e9 par Fred \u00e0 une r\u00e9union sur le LifeHacking... Qu'est-ce que c'est ?\u00a0Wikipedia nous dit (en anglais bien sur) : The term\u00a0life hack refers to productivity tricks that\u00a0programmers devise and employ to cut through\u00a0information overload and organize their data. Des astuces, des bidouilles pour am\u00e9liorer sa\u2026","rel":"","context":"In &quot;General&quot;","block_context":{"text":"General","link":"https:\/\/blog-alexis.monville.com\/en\/category\/all\/"},"img":{"alt_text":"","src":"","width":0,"height":0},"classes":[]},{"id":97,"url":"https:\/\/blog-alexis.monville.com\/en\/2008\/06\/02\/assises-du-numerique\/","url_meta":{"origin":618,"position":3},"title":"Assises du num\u00e9rique","author":"Alexis","date":"June 2, 2008","format":false,"excerpt":"Les assises du num\u00e9rique ont \u00e9t\u00e9 ouvertes ce jeudi 29 mai 2008. Beaucoup de choses ont \u00e9t\u00e9 dites sur ce sujet, j'avais simplement envie de revenir sur quelques moments : Le discours d'ouverture d'Eric Besson : plan pour le d\u00e9veloppement du num\u00e9rique pour la fin juillet, 27 axes de travail,\u2026","rel":"","context":"In &quot;General&quot;","block_context":{"text":"General","link":"https:\/\/blog-alexis.monville.com\/en\/category\/all\/"},"img":{"alt_text":"","src":"","width":0,"height":0},"classes":[]},{"id":88,"url":"https:\/\/blog-alexis.monville.com\/en\/2008\/04\/03\/au-dela-du-pib-le-bonheur\/","url_meta":{"origin":618,"position":4},"title":"Au-del\u00e0 du PIB le bonheur ?","author":"Alexis","date":"April 3, 2008","format":false,"excerpt":"Je reprends ici le titre de l\u2019analyse de Marine Boisson, D\u00e9partement Questions sociales et C\u00e9line Mareuge, D\u00e9partement des Affaires \u00e9conomiques et financi\u00e8res, du Centre d\u2019analyse strat\u00e9gique parue dans la note de veille num\u00e9ro 91, dat\u00e9e de f\u00e9vrier 2008. En cette semaine du d\u00e9veloppement durable, plusieurs voix s\u2019\u00e9l\u00e8vent pour interroger les\u2026","rel":"","context":"In &quot;General&quot;","block_context":{"text":"General","link":"https:\/\/blog-alexis.monville.com\/en\/category\/all\/"},"img":{"alt_text":"","src":"","width":0,"height":0},"classes":[]},{"id":47,"url":"https:\/\/blog-alexis.monville.com\/en\/2006\/12\/25\/adieu-2006-bonjour-2007\/","url_meta":{"origin":618,"position":5},"title":"Adieu 2006\u2026 Bonjour 2007 !","author":"Alexis","date":"December 25, 2006","format":false,"excerpt":"2006 va se terminer, c'est \u00e9videment l'heure r\u00eav\u00e9e pour un bilan qui servira \u00e0 pr\u00e9parer au mieux 2007 ! L'ann\u00e9e a commenc\u00e9 avec une nouvelle direction g\u00e9n\u00e9rale de la modernisation de l'\u00e9tat du minist\u00e8re de l'\u00e9conomie, des finances et de l'industrie pour prendre en charge le d\u00e9veloppement de l'administration \u00e9lectronique\u2026","rel":"","context":"In &quot;General&quot;","block_context":{"text":"General","link":"https:\/\/blog-alexis.monville.com\/en\/category\/all\/"},"img":{"alt_text":"","src":"","width":0,"height":0},"classes":[]}],"jetpack_sharing_enabled":true,"_links":{"self":[{"href":"https:\/\/blog-alexis.monville.com\/en\/wp-json\/wp\/v2\/posts\/618","targetHints":{"allow":["GET"]}}],"collection":[{"href":"https:\/\/blog-alexis.monville.com\/en\/wp-json\/wp\/v2\/posts"}],"about":[{"href":"https:\/\/blog-alexis.monville.com\/en\/wp-json\/wp\/v2\/types\/post"}],"author":[{"embeddable":true,"href":"https:\/\/blog-alexis.monville.com\/en\/wp-json\/wp\/v2\/users\/1"}],"replies":[{"embeddable":true,"href":"https:\/\/blog-alexis.monville.com\/en\/wp-json\/wp\/v2\/comments?post=618"}],"version-history":[{"count":0,"href":"https:\/\/blog-alexis.monville.com\/en\/wp-json\/wp\/v2\/posts\/618\/revisions"}],"wp:attachment":[{"href":"https:\/\/blog-alexis.monville.com\/en\/wp-json\/wp\/v2\/media?parent=618"}],"wp:term":[{"taxonomy":"category","embeddable":true,"href":"https:\/\/blog-alexis.monville.com\/en\/wp-json\/wp\/v2\/categories?post=618"},{"taxonomy":"post_tag","embeddable":true,"href":"https:\/\/blog-alexis.monville.com\/en\/wp-json\/wp\/v2\/tags?post=618"}],"curies":[{"name":"wp","href":"https:\/\/api.w.org\/{rel}","templated":true}]}}