{"id":61,"date":"2007-05-03T17:06:13","date_gmt":"2007-05-03T15:06:13","guid":{"rendered":"http:\/\/alexismonville.wordpress.com\/2007\/05\/03\/rencontres-economiques-2\/"},"modified":"2007-05-03T17:06:13","modified_gmt":"2007-05-03T15:06:13","slug":"rencontres-economiques-2","status":"publish","type":"post","link":"https:\/\/blog-alexis.monville.com\/en\/2007\/05\/03\/rencontres-economiques-2\/","title":{"rendered":"Rencontres \u00e9conomiques"},"content":{"rendered":"<h4>LA BCE ET LA POLITIQUE MON\u00c9TAIRE EUROP\u00c9ENNE : BILAN et PERSPECTIVES<\/h4>\n<ul>\n<li><strong>Stefan Collignon<\/strong>, professeur d\u2019\u00e9conomie politique \u00e0 European Institute, \u00e0 la L.E.S. de Londres<\/li>\n<li><strong>Jacques Delpla<\/strong>, conseiller BNP-Paribas, membre du CAE<\/li>\n<li><strong>Robert Oph\u00e8le,<\/strong> adjoint au directeur g\u00e9n\u00e9ral des \u00e9tudes et des relations internationales \u00e0 la Banque de France<\/li>\n<\/ul>\n<p>Apr\u00e8s les critiques entendues durant la campagne \u00e9lectorale concernant le travail de la BCE, le contraste est \u00e9videment saisissant avec ces trois intervenants, en accord sur le bon travail r\u00e9alis\u00e9 (m\u00eame si ils \u00e9taient par ailleurs en d\u00e9saccord sur d&#8217;autres points).<\/p>\n<p>La BCE est ind\u00e9pendante, oui ; son cahier des charges est simple : la stabilit\u00e9 des prix. Et elle ne peut \u00eatre tenue pour responsable des probl\u00e8mes sp\u00e9cifiques de certains pays de la zone euro.<\/p>\n<p>Concernant l&#8217;euro fort : la BCE ne pourrait intervenir sur le march\u00e9 des changes pour avoir un impact sur le change par rapport au dollars (et que faire face au Yen ou au Yuan ?).<\/p>\n<p>Concernant le niveau des taux d&#8217;int\u00e9r\u00eat : l&#8217;analyse des mouvements de taux montrent une meilleure intervention que la Fed.<\/p>\n<p>En conclusion, ce qui manque \u00e0 la BCE est ce qu&#8217;il manque \u00e0 l&#8217;Europe : la l\u00e9gitimit\u00e9 d&#8217;un gouvernement \u00e9lu, la capacit\u00e9 \u00e0 prendre des d\u00e9cisions collectives pour le bien collectif et ainsi prot\u00e9ger et enrichir les premiers biens communs europ\u00e9ens dont nous disposons.<\/p>\n<p>Plus d&#8217;informations sur le site de l&#8217;<a href=\"http:\/\/www.institut.minefi.gouv.fr\/sections\/evenements\/rencontres-economiques\" target=\"_blank\">institut de gestion publique et de d\u00e9veloppement \u00e9conomique (IGPDE)\u00a0<\/a><\/p>\n","protected":false},"excerpt":{"rendered":"<p>LA BCE ET LA POLITIQUE MON\u00c9TAIRE EUROP\u00c9ENNE : BILAN et PERSPECTIVES Stefan Collignon, professeur d\u2019\u00e9conomie politique \u00e0 European Institute, \u00e0 la L.E.S. de Londres Jacques Delpla, conseiller BNP-Paribas, membre du CAE Robert Oph\u00e8le, adjoint au directeur g\u00e9n\u00e9ral des \u00e9tudes et des relations internationales \u00e0 la Banque de France Apr\u00e8s les critiques entendues durant la campagne [&hellip;]<\/p>\n","protected":false},"author":1,"featured_media":0,"comment_status":"open","ping_status":"open","sticky":false,"template":"","format":"standard","meta":{"advanced_seo_description":"","jetpack_seo_html_title":"","jetpack_seo_noindex":false,"jetpack_post_was_ever_published":false,"_jetpack_newsletter_access":"","_jetpack_dont_email_post_to_subs":false,"_jetpack_newsletter_tier_id":0,"_jetpack_memberships_contains_paywalled_content":false,"_jetpack_memberships_contains_paid_content":false,"footnotes":""},"categories":[1],"tags":[],"class_list":["post-61","post","type-post","status-publish","format-standard","hentry","category-all"],"jetpack_featured_media_url":"","jetpack_shortlink":"https:\/\/wp.me\/paNjQG-Z","jetpack-related-posts":[{"id":94,"url":"https:\/\/blog-alexis.monville.com\/en\/2008\/05\/14\/comment-assurer-lefficacite-des-politiques-de-retour-a-lemploi\/","url_meta":{"origin":61,"position":0},"title":"Comment assurer l&#8217;efficacit\u00e9 des politiques de retour \u00e0 l&#8217;emploi ?","author":"Alexis","date":"May 14, 2008","format":false,"excerpt":"C'est cette difficile question que proposait de traiter les rencontres \u00e9conomiques du 6 mai 2008. Didier Ad\u00e8s \u00e9tant souffrant, il \u00e9tait remplac\u00e9 par Martin Pi\u00e9tri de l'IGPDE \u00e0 qui il revenait d'assurer le difficile r\u00f4le d'animateur. Cette session se composait de trois interventions et \u00e9tait conclue par une table ronde.\u2026","rel":"","context":"In &quot;General&quot;","block_context":{"text":"General","link":"https:\/\/blog-alexis.monville.com\/en\/category\/all\/"},"img":{"alt_text":"","src":"","width":0,"height":0},"classes":[]},{"id":1122,"url":"https:\/\/blog-alexis.monville.com\/en\/2011\/06\/13\/les-indignes\/","url_meta":{"origin":61,"position":1},"title":"Les indign\u00e9s","author":"Alexis","date":"June 13, 2011","format":false,"excerpt":"A l'heure ou les indign\u00e9s quittent la place qu'ils avaient investis depuis le 15 mai \u00e0 Madrid, je reviens sur la revendication qui m'a le plus surpris : Nous voulons la d\u00e9mocratie Surpris, car ce que nous avions commun\u00e9ment admis comme des revendications de d\u00e9mocratie pour la Tunisie, l'Egypte, la\u2026","rel":"","context":"In &quot;General&quot;","block_context":{"text":"General","link":"https:\/\/blog-alexis.monville.com\/en\/category\/all\/"},"img":{"alt_text":"","src":"","width":0,"height":0},"classes":[]},{"id":72,"url":"https:\/\/blog-alexis.monville.com\/en\/2007\/09\/06\/l%e2%80%99administration-electronique-levier-de-performance-des-politiques-publiques\/","url_meta":{"origin":61,"position":2},"title":"L\u2019administration \u00e9lectronique levier de performance des politiques publiques","author":"Alexis","date":"September 6, 2007","format":false,"excerpt":"La r\u00e9vision g\u00e9n\u00e9rale des politiques publiques, lanc\u00e9e le 10 juillet par le Premier ministre, a pour ambition de remettre \u00e0 plat l\u2019ensemble des missions de l\u2019\u00c9tat pour adapter les administrations aux besoins des citoyens. Le travail d'audit et d'\u00e9laboration de propositions se d\u00e9roule jusqu'en mai 2008, date \u00e0 laquelle le\u2026","rel":"","context":"In &quot;General&quot;","block_context":{"text":"General","link":"https:\/\/blog-alexis.monville.com\/en\/category\/all\/"},"img":{"alt_text":"","src":"","width":0,"height":0},"classes":[]},{"id":99,"url":"https:\/\/blog-alexis.monville.com\/en\/2008\/06\/07\/les-leviers-de-la-croissance-francaise\/","url_meta":{"origin":61,"position":3},"title":"Les leviers de la croissance fran\u00e7aise","author":"Alexis","date":"June 7, 2008","format":false,"excerpt":"Cette session des Rencontres \u00e9conomiques du 5 juin 2008 abordait un th\u00e8me d'actualit\u00e9 depuis 1975 comme le rappelait l'animateur, Didier Ad\u00e8s, de retour pour cette session... Mauvais diagnostic ? fatalit\u00e9 fran\u00e7aise ? Jean-Louis LEVET, directeur g\u00e9n\u00e9ral de l'Institut de Recherches Economiques et Sociales (IRES), proposait de faire un diagnostique actuel\u2026","rel":"","context":"In &quot;General&quot;","block_context":{"text":"General","link":"https:\/\/blog-alexis.monville.com\/en\/category\/all\/"},"img":{"alt_text":"","src":"","width":0,"height":0},"classes":[]},{"id":83,"url":"https:\/\/blog-alexis.monville.com\/en\/2008\/03\/25\/conseil-et-numerique\/","url_meta":{"origin":61,"position":4},"title":"Conseil et num\u00e9rique","author":"Alexis","date":"March 25, 2008","format":false,"excerpt":"Quelques r\u00e9actions \u00e0 mon article sur la place de l\u2019innovation num\u00e9rique au sein des Cabinets de conseil, m\u2019encouragent \u00e0 ajouter cette suite. Ces r\u00e9actions viennent principalement de Cabinets qui ne travaillent pas au quotidien avec moi, je les ordonne du moins visible pour le client, au plus visible. L\u2019apport majeur\u2026","rel":"","context":"In &quot;General&quot;","block_context":{"text":"General","link":"https:\/\/blog-alexis.monville.com\/en\/category\/all\/"},"img":{"alt_text":"","src":"","width":0,"height":0},"classes":[]},{"id":807,"url":"https:\/\/blog-alexis.monville.com\/en\/2010\/05\/02\/logiciel-libre-et-amelioration-des-methodes-de-travail\/","url_meta":{"origin":61,"position":5},"title":"Logiciel libre et am\u00e9lioration des m\u00e9thodes de travail","author":"Alexis","date":"May 2, 2010","format":false,"excerpt":"Qu'apporte le logiciel libre ou l'open source au sein de l'entreprise ?\u00a0Quelles influences ces technologies ont-elles sur l'efficacit\u00e9 du syst\u00e8me d'information ? Peut-on parler dans le logiciel libre uniquement de l'aspect fonctionnel et des co\u00fbts ? Existe-t-il une diff\u00e9rence entre le mod\u00e8le de d\u00e9veloppement et le mod\u00e8le de diffusion ?\u2026","rel":"","context":"In &quot;General&quot;","block_context":{"text":"General","link":"https:\/\/blog-alexis.monville.com\/en\/category\/all\/"},"img":{"alt_text":"","src":"https:\/\/i0.wp.com\/blog-alexis.monville.com\/files\/2010\/05\/solutions-linux-2-300x188.png?resize=350%2C200&ssl=1","width":350,"height":200},"classes":[]}],"jetpack_sharing_enabled":true,"_links":{"self":[{"href":"https:\/\/blog-alexis.monville.com\/en\/wp-json\/wp\/v2\/posts\/61","targetHints":{"allow":["GET"]}}],"collection":[{"href":"https:\/\/blog-alexis.monville.com\/en\/wp-json\/wp\/v2\/posts"}],"about":[{"href":"https:\/\/blog-alexis.monville.com\/en\/wp-json\/wp\/v2\/types\/post"}],"author":[{"embeddable":true,"href":"https:\/\/blog-alexis.monville.com\/en\/wp-json\/wp\/v2\/users\/1"}],"replies":[{"embeddable":true,"href":"https:\/\/blog-alexis.monville.com\/en\/wp-json\/wp\/v2\/comments?post=61"}],"version-history":[{"count":0,"href":"https:\/\/blog-alexis.monville.com\/en\/wp-json\/wp\/v2\/posts\/61\/revisions"}],"wp:attachment":[{"href":"https:\/\/blog-alexis.monville.com\/en\/wp-json\/wp\/v2\/media?parent=61"}],"wp:term":[{"taxonomy":"category","embeddable":true,"href":"https:\/\/blog-alexis.monville.com\/en\/wp-json\/wp\/v2\/categories?post=61"},{"taxonomy":"post_tag","embeddable":true,"href":"https:\/\/blog-alexis.monville.com\/en\/wp-json\/wp\/v2\/tags?post=61"}],"curies":[{"name":"wp","href":"https:\/\/api.w.org\/{rel}","templated":true}]}}