{"id":602,"date":"2009-06-19T00:00:46","date_gmt":"2009-06-18T22:00:46","guid":{"rendered":"https:\/\/blog-alexis.monville.com\/?p=602"},"modified":"2009-06-19T00:00:46","modified_gmt":"2009-06-18T22:00:46","slug":"un-jour-une-oeuvre-1-an","status":"publish","type":"post","link":"https:\/\/blog-alexis.monville.com\/en\/2009\/06\/19\/un-jour-une-oeuvre-1-an\/","title":{"rendered":"Un Jour Une Oeuvre (1 an)"},"content":{"rendered":"<p><a href=\"http:\/\/www.flickr.com\/photos\/sylvielebars\/3629471432\/sizes\/m\/in\/photostream\/\"><img data-recalc-dims=\"1\" loading=\"lazy\" decoding=\"async\" class=\"alignleft\" src=\"https:\/\/i0.wp.com\/farm3.static.flickr.com\/2471\/3629471432_c28076dc07_m_d.jpg?resize=240%2C240\" alt=\"\" width=\"240\" height=\"240\" \/><\/a>Les superbes photographies de <a href=\"http:\/\/www.flickr.com\/photos\/sylvielebars\/\" target=\"_blank\">Sylvie Le Bars<\/a> m&#8217;ont donn\u00e9es envie de faire un petit article illustr\u00e9 sur le premier anniversaire du site Internet <a href=\"http:\/\/unjouruneoeuvre.eu\/\" target=\"_blank\">Un Jour Une Oeuvre<\/a>. Pour f\u00eater cette premi\u00e8re ann\u00e9e, nous avions rendez-vous pour une cinqui\u00e8me session d&#8217;<em>Un Jour Une Oeuvre en direct<\/em>, au mus\u00e9e Eug\u00e8ne Delacroix.<\/p>\n<p>Spei nous le raconte : &#8220;[&#8230;] Bon, revenons au sujet du jour. La visite du <a href=\"http:\/\/www.musee-delacroix.fr\/\">mus\u00e9e national Eug\u00e8ne Delacroix<\/a>, sis au 6 rue de Furstenberg, Paris 6\u00e8me arrondissement. Quatre personnes qui d\u00e9barquent et qui causent dans un petit mus\u00e9e, \u00e7a ne passe pas toujours inaper\u00e7u, voire, ce n&#8217;est pas forc\u00e9ment tol\u00e9r\u00e9. Gr\u00e2ce \u00e0 Janick, que je remercie au passage, agent d&#8217;accueil au mus\u00e9e de son \u00e9tat et amie d&#8217;Ivan, nous avons eu le privil\u00e8ge exceptionnel de pouvoir passer du temps devant des \u0153uvres de Delacroix. [&#8230;]&#8221; la suite est ici : <a href=\"http:\/\/www.speigallery.com\/post\/2009\/06\/10\/UOJO-en-direct\" target=\"_blank\">http:\/\/www.speigallery.com\/post\/2009\/06\/10\/UOJO-en-direct<\/a>.<\/p>\n<p>Une visite avec partage des regards, suivi d&#8217;un resto ou nous avons \u00e9chang\u00e9 sur la suite du site&#8230; Quelques petites nouveaut\u00e9s en attendant les grandes \u00e9volutions du projet !<\/p>\n<p>Vous pouvez \u00eatre inform\u00e9 des nouvelles publications, les oeuvres et les regards en suivant Un Jour Une Oeuvre sur Twitter : <a rel=\"nofollow\" href=\"http:\/\/twitter.com\/ujuo\">http:\/\/twitter.com\/ujuo<\/a> et\/ou sur FaceBook : <a href=\"http:\/\/fr-fr.facebook.com\/people\/Un-Jour-Une-Oeuvre\/1837546794\">Un Jour Une Oeuvre sur FaceBook<\/a><\/p>\n<p>Vous avez des id\u00e9es pour faire \u00e9voluer le projet ?<\/p>\n<p><strong>Partagez les avec nous !<\/strong><a href=\"http:\/\/www.flickr.com\/photos\/sylvielebars\/3632217964\/in\/photostream\"><img data-recalc-dims=\"1\" loading=\"lazy\" decoding=\"async\" class=\"alignright\" src=\"https:\/\/i0.wp.com\/farm4.static.flickr.com\/3635\/3632217964_d2830eec05_m_d.jpg?resize=240%2C240\" alt=\"\" width=\"240\" height=\"240\" \/><\/a><\/p>\n","protected":false},"excerpt":{"rendered":"<p>Les superbes photographies de Sylvie Le Bars m&#8217;ont donn\u00e9es envie de faire un petit article illustr\u00e9 sur le premier anniversaire du site Internet Un Jour Une Oeuvre. Pour f\u00eater cette premi\u00e8re ann\u00e9e, nous avions rendez-vous pour une cinqui\u00e8me session d&#8217;Un Jour Une Oeuvre en direct, au mus\u00e9e Eug\u00e8ne Delacroix. Spei nous le raconte : &#8220;[&#8230;] [&hellip;]<\/p>\n","protected":false},"author":1,"featured_media":0,"comment_status":"open","ping_status":"open","sticky":false,"template":"","format":"standard","meta":{"advanced_seo_description":"","jetpack_seo_html_title":"","jetpack_seo_noindex":false,"jetpack_post_was_ever_published":false,"_jetpack_newsletter_access":"","_jetpack_dont_email_post_to_subs":false,"_jetpack_newsletter_tier_id":0,"_jetpack_memberships_contains_paywalled_content":false,"_jetpack_memberships_contains_paid_content":false,"footnotes":""},"categories":[1],"tags":[],"class_list":["post-602","post","type-post","status-publish","format-standard","hentry","category-all"],"jetpack_featured_media_url":"","jetpack_shortlink":"https:\/\/wp.me\/paNjQG-9I","jetpack-related-posts":[{"id":469,"url":"https:\/\/blog-alexis.monville.com\/en\/2009\/04\/02\/un-jour-une-oeuvre-en-direct-3\/","url_meta":{"origin":602,"position":0},"title":"Un Jour Une Oeuvre en direct","author":"Alexis","date":"April 2, 2009","format":false,"excerpt":"La quatri\u00e8me \u00e9dition d'Un Jour Une Oeuvre en direct s'est d\u00e9roul\u00e9e le 18 mars 2009 au Mus\u00e9e Dapper : Face au 35 de la rue Paul Val\u00e9ry (75016 Paris), une femme et deux hommes se sourient. Connivences. Ils p\u00e9n\u00e8trent dans le Mus\u00e9e Dapper. Il y a dix ans, ils auraient\u2026","rel":"","context":"In &quot;General&quot;","block_context":{"text":"General","link":"https:\/\/blog-alexis.monville.com\/en\/category\/all\/"},"img":{"alt_text":"","src":"https:\/\/i0.wp.com\/www.dapper.com.fr\/pics\/Femmes%20Affiche.gif?resize=350%2C200","width":350,"height":200},"classes":[]},{"id":291,"url":"https:\/\/blog-alexis.monville.com\/en\/2008\/12\/17\/mantegnaun-jour-une-oeuvre-au-louvre\/","url_meta":{"origin":602,"position":1},"title":"Un Jour Une \u0152uvre au Louvre","author":"Alexis","date":"December 17, 2008","format":false,"excerpt":"Ce mercredi 12 d\u00e9cembre, nous nous sommes retrouv\u00e9s au Louvre pour visiter l\u2019exposition consacr\u00e9e \u00e0 Mantegna. Nous\u00a0? Nous c\u2019est Ivan (qui raconte l\u2019exp\u00e9rience sur son blog), Jean-Fran\u00e7ois et moi, trois parmi ceux qui avaient envie de participer \u00e0 cette exp\u00e9rience de mutualisation des regards dans le monde r\u00e9el, exp\u00e9rience que\u2026","rel":"","context":"In &quot;General&quot;","block_context":{"text":"General","link":"https:\/\/blog-alexis.monville.com\/en\/category\/all\/"},"img":{"alt_text":"","src":"http:\/\/upload.wikimedia.org\/wikipedia\/commons\/thumb\/4\/4d\/Andrea_Mantegna_089.jpg\/257px-Andrea_Mantegna_089.jpg","width":350,"height":200},"classes":[]},{"id":318,"url":"https:\/\/blog-alexis.monville.com\/en\/2009\/01\/18\/un-jour-une-oeuvre-en-direct\/","url_meta":{"origin":602,"position":2},"title":"Un Jour Une Oeuvre en direct","author":"Alexis","date":"January 18, 2009","format":false,"excerpt":"14 janvier 2009, 17h00, Saint-Germain-des-Pr\u00e9s, une nouvelle session d'Un Jour Une \u0152uvre en direct commence, nous sommes quatre et nous visiterons quatre galeries. Ivan raconte notre excursion sur son blog : Alexis, Sylvie, Mana et Ivan. Mantegna m'a paru finalement beaucoup plus simple d'acc\u00e8s que ces oeuvres plus proches de\u2026","rel":"","context":"In &quot;General&quot;","block_context":{"text":"General","link":"https:\/\/blog-alexis.monville.com\/en\/category\/all\/"},"img":{"alt_text":"1967-luciano-fabro-contatto-tautologia","src":"https:\/\/i0.wp.com\/blog-alexis.monville.com\/wp-content\/uploads\/sites\/2\/2009\/01\/1967-luciano-fabro-contatto-tautologia.jpg?resize=350%2C200&ssl=1","width":350,"height":200},"classes":[]},{"id":204,"url":"https:\/\/blog-alexis.monville.com\/en\/2008\/10\/13\/un-jour-une-oeuvre-2\/","url_meta":{"origin":602,"position":3},"title":"Un jour une \u0153uvre","author":"Alexis","date":"October 13, 2008","format":false,"excerpt":"Un jour une \u0153uvre est n\u00e9 de la volont\u00e9 de r\u00e9pondre \u00e0 une question\u00a0: \u00ab\u00a0Comment faire b\u00e9n\u00e9ficier \u00e0 tous de notre h\u00e9ritage culturel ?\u00a0\u00bb. Pour d\u00e9passer cette formulation on pourrait enrichir cette question par quelques autres\u00a0: \u00ab\u00a0Comment permettre d'entrer dans une dynamique de construction\u00a0? Comment apprendre \u00e0 d\u00e9passer les apparences,\u2026","rel":"","context":"In &quot;General&quot;","block_context":{"text":"General","link":"https:\/\/blog-alexis.monville.com\/en\/category\/all\/"},"img":{"alt_text":"","src":"https:\/\/unjouruneoeuvre.files.wordpress.com\/2008\/06\/mazzuoli-death_of_adonis.jpg?w=350&h=200&crop=1","width":350,"height":200},"classes":[]},{"id":378,"url":"https:\/\/blog-alexis.monville.com\/en\/2009\/02\/03\/un-jour-une-oeuvre-3\/","url_meta":{"origin":602,"position":4},"title":"Un Jour Une Oeuvre","author":"Alexis","date":"February 3, 2009","format":false,"excerpt":"Un Jour Une Oeuvre s'int\u00e9resse \u00e0 la peinture, la sculpture, la photographie, une \u0153uvre d\u2019art est propos\u00e9e chaque jour pour partager nos regards sur l'art. Quelques nouvelles de ce site Internet : Une nouvelle pr\u00e9sentation voulant donner plus de place aux oeuvres est en ligne depuis quelques jours (voir l'aper\u00e7u\u2026","rel":"","context":"In &quot;General&quot;","block_context":{"text":"General","link":"https:\/\/blog-alexis.monville.com\/en\/category\/all\/"},"img":{"alt_text":"ujuo","src":"https:\/\/i0.wp.com\/blog-alexis.monville.com\/wp-content\/uploads\/sites\/2\/2009\/01\/ujuo.jpg?resize=350%2C200&ssl=1","width":350,"height":200},"classes":[]},{"id":101,"url":"https:\/\/blog-alexis.monville.com\/en\/2008\/06\/10\/un-jour-une-oeuvre\/","url_meta":{"origin":602,"position":5},"title":"Un jour, une \u0153uvre","author":"Alexis","date":"June 10, 2008","format":false,"excerpt":"Un jour, une \u0153uvre est le nom du site Internet que je lance aujourd'hui, 10 juin 2008. L'objectif est de pr\u00e9senter une simple photo d'une \u0153uvre d'art assortie de quelques liens \u00e0 suivre... Premier jalon d'un jeu de piste \u00e0 suivre seul, \u00e0 l'\u00e9cole, en famille, entre amis... Un jour\u2026","rel":"","context":"In &quot;General&quot;","block_context":{"text":"General","link":"https:\/\/blog-alexis.monville.com\/en\/category\/all\/"},"img":{"alt_text":"","src":"https:\/\/unjouruneoeuvre.files.wordpress.com\/2008\/06\/unjouruneoeuvre_titre_200.gif?w=350&h=200&crop=1","width":350,"height":200},"classes":[]}],"jetpack_sharing_enabled":true,"_links":{"self":[{"href":"https:\/\/blog-alexis.monville.com\/en\/wp-json\/wp\/v2\/posts\/602","targetHints":{"allow":["GET"]}}],"collection":[{"href":"https:\/\/blog-alexis.monville.com\/en\/wp-json\/wp\/v2\/posts"}],"about":[{"href":"https:\/\/blog-alexis.monville.com\/en\/wp-json\/wp\/v2\/types\/post"}],"author":[{"embeddable":true,"href":"https:\/\/blog-alexis.monville.com\/en\/wp-json\/wp\/v2\/users\/1"}],"replies":[{"embeddable":true,"href":"https:\/\/blog-alexis.monville.com\/en\/wp-json\/wp\/v2\/comments?post=602"}],"version-history":[{"count":0,"href":"https:\/\/blog-alexis.monville.com\/en\/wp-json\/wp\/v2\/posts\/602\/revisions"}],"wp:attachment":[{"href":"https:\/\/blog-alexis.monville.com\/en\/wp-json\/wp\/v2\/media?parent=602"}],"wp:term":[{"taxonomy":"category","embeddable":true,"href":"https:\/\/blog-alexis.monville.com\/en\/wp-json\/wp\/v2\/categories?post=602"},{"taxonomy":"post_tag","embeddable":true,"href":"https:\/\/blog-alexis.monville.com\/en\/wp-json\/wp\/v2\/tags?post=602"}],"curies":[{"name":"wp","href":"https:\/\/api.w.org\/{rel}","templated":true}]}}