{"id":592,"date":"2009-06-12T20:14:56","date_gmt":"2009-06-12T18:14:56","guid":{"rendered":"https:\/\/blog-alexis.monville.com\/?p=592"},"modified":"2009-06-12T20:14:56","modified_gmt":"2009-06-12T18:14:56","slug":"voyage-au-coeur-de-lintelligence-collective-globale","status":"publish","type":"post","link":"https:\/\/blog-alexis.monville.com\/en\/2009\/06\/12\/voyage-au-coeur-de-lintelligence-collective-globale\/","title":{"rendered":"Voyage au coeur de l&#8217;intelligence collective globale"},"content":{"rendered":"<p><a href=\"http:\/\/wiki.thetransitioner.org\/\"><img data-recalc-dims=\"1\" loading=\"lazy\" decoding=\"async\" class=\"alignleft\" style=\"border: 0pt none;margin: 10px\" src=\"https:\/\/i0.wp.com\/wiki.thetransitioner.org\/%40api\/deki\/site\/logo.png?resize=150%2C72\" alt=\"\" width=\"150\" height=\"72\" \/><\/a><a href=\"http:\/\/wiki.thetransitioner.org\/A_propos_de_TheTransitioner.org\/Ev%C3%A9nements_futurs\/12_juin_2009_-_Paris_-_Voyage_au_coeur_de_l%27intelligence_collective_globale\" target=\"_blank\">The Transitioner<\/a> organisait aujourd&#8217;hui un <strong><em>Voyage au coeur de l&#8217;intelligence collective globale<\/em><\/strong>. Nous \u00e9tions une quarantaine r\u00e9unis au <a href=\"http:\/\/lecomptoirgeneral.org\/\" target=\"_blank\">Comptoir G\u00e9n\u00e9ral<\/a> pour une journ\u00e9e d&#8217;aventures tr\u00e8s enrichissantes !<\/p>\n<p>J&#8217;ai \u00e0 la fois envie de tout vous raconter, et envie de tout garder secret afin que vous ayez la surprise lors de votre participation \u00e0 une prochaine \u00e9dition (une session mensuelle est envisag\u00e9e \u00e0 partir de la rentr\u00e9e).<\/p>\n<p>Une journ\u00e9e ou nous avons pris contact avec notre corps (avec des exercices de relaxation dynamique par exemple), avec le groupe (si si&#8230;) et commenc\u00e9 \u00e0 explorer \u00e0 travers Internet (<a href=\"http:\/\/etherpad.com\" target=\"_blank\">etherpad<\/a>, <a href=\"http:\/\/twitter.com\/#search?q=%23vicg\" target=\"_blank\">twitter #vicg<\/a>, <a href=\"http:\/\/www.flickr.com\/photos\/tags\/vicgparis\/\" target=\"_blank\">flickr<\/a>&#8230; )\u00a0 la construction d&#8217;un groupe de &#8220;proches&#8221; \u00e9loign\u00e9s physiquement.<\/p>\n<p>Une journ\u00e9e dont je repars avec plein d&#8217;id\u00e9es \u00e0 transposer dans mon activit\u00e9 de r\u00e9ussite de projets !<\/p>\n","protected":false},"excerpt":{"rendered":"<p>le<\/p>\n","protected":false},"author":1,"featured_media":0,"comment_status":"open","ping_status":"open","sticky":false,"template":"","format":"standard","meta":{"advanced_seo_description":"","jetpack_seo_html_title":"","jetpack_seo_noindex":false,"jetpack_post_was_ever_published":false,"_jetpack_newsletter_access":"","_jetpack_dont_email_post_to_subs":false,"_jetpack_newsletter_tier_id":0,"_jetpack_memberships_contains_paywalled_content":false,"_jetpack_memberships_contains_paid_content":false,"footnotes":""},"categories":[5],"tags":[236,284],"class_list":["post-592","post","type-post","status-publish","format-standard","hentry","category-explorateurs","tag-innovation","tag-management"],"jetpack_featured_media_url":"","jetpack_shortlink":"https:\/\/wp.me\/paNjQG-9y","jetpack-related-posts":[{"id":103,"url":"https:\/\/blog-alexis.monville.com\/en\/2008\/07\/09\/intelligence-economique\/","url_meta":{"origin":592,"position":0},"title":"Intelligence \u00e9conomique","author":"Alexis","date":"July 9, 2008","format":false,"excerpt":"L\u2019institut de gestion publique et de d\u00e9veloppement \u00e9conomique (IGPDE), organisme de formation interne des deux minist\u00e8res dit \u00ab\u00a0financiers\u00a0\u00bb (Budget, Comptes publics et Fonction publique d\u2019une part Economie, Finances et Emploi d\u2019autre part), a organis\u00e9 une premi\u00e8re session d\u2019initiation \u00e0 l\u2019intelligence \u00e9conomique. Salle comble et nombreuses demandes insatisfaites pr\u00e9sage un succ\u00e8s.\u2026","rel":"","context":"In &quot;General&quot;","block_context":{"text":"General","link":"https:\/\/blog-alexis.monville.com\/en\/category\/all\/"},"img":{"alt_text":"","src":"","width":0,"height":0},"classes":[]},{"id":578,"url":"https:\/\/blog-alexis.monville.com\/en\/2009\/05\/30\/la-nouvelle-couleur-de-largent\/","url_meta":{"origin":592,"position":1},"title":"La nouvelle couleur de l&#8217;argent","author":"Alexis","date":"May 30, 2009","format":false,"excerpt":"La nouvelle couleur de l'argent, c'est le titre de l'\u00e9mission Rue des Entrepreneurs de Didier Ad\u00e8s et Dominique Dambert de ce 30 mai 2009. L'\u00e9mission est disponible en balladodifusion (podcast ;-) ) \u00e0 cette adresse : La nouvelle couleur de l'argent. Une Excellente \u00e9mission au cours de laquelle les invit\u00e9s\u2026","rel":"","context":"In &quot;Explorateurs&quot;","block_context":{"text":"Explorateurs","link":"https:\/\/blog-alexis.monville.com\/en\/category\/explorateurs\/"},"img":{"alt_text":"1184808_pile_of_coins","src":"https:\/\/i0.wp.com\/blog-alexis.monville.com\/wp-content\/uploads\/sites\/2\/2009\/05\/1184808_pile_of_coins.jpg?resize=350%2C200&ssl=1","width":350,"height":200},"classes":[]},{"id":134,"url":"https:\/\/blog-alexis.monville.com\/en\/2008\/09\/03\/sommes-nous-condamnes-a-lintelligence-individuelle-et-lincapacite-collective\/","url_meta":{"origin":592,"position":2},"title":"Sommes-nous condamn\u00e9s \u00e0 l&#8217;intelligence individuelle et l&#8217;incapacit\u00e9 collective ?","author":"Alexis","date":"September 3, 2008","format":false,"excerpt":"C'est par cette question que d\u00e9bute l'ouvrage de Jean-Fran\u00e7ois Noubel : Intelligence Collective, r\u00e9volution invisible. Question difficile \u00e0 laquelle nous sommes confront\u00e9s dans la plupart des organisations qu'elles soient publiques ou priv\u00e9es. Et pourtant, force est de constater que l'intelligence individuelle est vite limit\u00e9e face \u00e0 l'augmentation de la complexit\u00e9\u2026","rel":"","context":"In &quot;General&quot;","block_context":{"text":"General","link":"https:\/\/blog-alexis.monville.com\/en\/category\/all\/"},"img":{"alt_text":"","src":"","width":0,"height":0},"classes":[]},{"id":662,"url":"https:\/\/blog-alexis.monville.com\/en\/2009\/10\/04\/conference-sur-le-facteur-humain\/","url_meta":{"origin":592,"position":3},"title":"Conf\u00e9rence sur le facteur humain","author":"Alexis","date":"October 4, 2009","format":false,"excerpt":"Je reprend ici un billet publi\u00e9 sur ayeba.fr. Ce vendredi 2 octobre 2009, de 14h \u00e0 16h, se d\u00e9roulait lors de l'OpenWorldForum, la conf\u00e9rence : \"le facteur humain... au coeur de l'industrie du logiciel libre\". Une conf\u00e9rence pour aborder le facteur humain au coeur du succ\u00e8s du logiciel libre !\u2026","rel":"","context":"In &quot;ayeba&quot;","block_context":{"text":"ayeba","link":"https:\/\/blog-alexis.monville.com\/en\/category\/ayeba\/"},"img":{"alt_text":"","src":"https:\/\/i0.wp.com\/farm3.static.flickr.com\/2440\/3979097399_d3d66d6cdb_m.jpg?resize=350%2C200","width":350,"height":200},"classes":[]},{"id":291,"url":"https:\/\/blog-alexis.monville.com\/en\/2008\/12\/17\/mantegnaun-jour-une-oeuvre-au-louvre\/","url_meta":{"origin":592,"position":4},"title":"Un Jour Une \u0152uvre au Louvre","author":"Alexis","date":"December 17, 2008","format":false,"excerpt":"Ce mercredi 12 d\u00e9cembre, nous nous sommes retrouv\u00e9s au Louvre pour visiter l\u2019exposition consacr\u00e9e \u00e0 Mantegna. Nous\u00a0? Nous c\u2019est Ivan (qui raconte l\u2019exp\u00e9rience sur son blog), Jean-Fran\u00e7ois et moi, trois parmi ceux qui avaient envie de participer \u00e0 cette exp\u00e9rience de mutualisation des regards dans le monde r\u00e9el, exp\u00e9rience que\u2026","rel":"","context":"In &quot;General&quot;","block_context":{"text":"General","link":"https:\/\/blog-alexis.monville.com\/en\/category\/all\/"},"img":{"alt_text":"","src":"http:\/\/upload.wikimedia.org\/wikipedia\/commons\/thumb\/4\/4d\/Andrea_Mantegna_089.jpg\/257px-Andrea_Mantegna_089.jpg","width":350,"height":200},"classes":[]},{"id":602,"url":"https:\/\/blog-alexis.monville.com\/en\/2009\/06\/19\/un-jour-une-oeuvre-1-an\/","url_meta":{"origin":592,"position":5},"title":"Un Jour Une Oeuvre (1 an)","author":"Alexis","date":"June 19, 2009","format":false,"excerpt":"Les superbes photographies de Sylvie Le Bars m'ont donn\u00e9es envie de faire un petit article illustr\u00e9 sur le premier anniversaire du site Internet Un Jour Une Oeuvre. Pour f\u00eater cette premi\u00e8re ann\u00e9e, nous avions rendez-vous pour une cinqui\u00e8me session d'Un Jour Une Oeuvre en direct, au mus\u00e9e Eug\u00e8ne Delacroix. Spei\u2026","rel":"","context":"In &quot;General&quot;","block_context":{"text":"General","link":"https:\/\/blog-alexis.monville.com\/en\/category\/all\/"},"img":{"alt_text":"","src":"https:\/\/i0.wp.com\/farm3.static.flickr.com\/2471\/3629471432_c28076dc07_m_d.jpg?resize=350%2C200","width":350,"height":200},"classes":[]}],"jetpack_sharing_enabled":true,"_links":{"self":[{"href":"https:\/\/blog-alexis.monville.com\/en\/wp-json\/wp\/v2\/posts\/592","targetHints":{"allow":["GET"]}}],"collection":[{"href":"https:\/\/blog-alexis.monville.com\/en\/wp-json\/wp\/v2\/posts"}],"about":[{"href":"https:\/\/blog-alexis.monville.com\/en\/wp-json\/wp\/v2\/types\/post"}],"author":[{"embeddable":true,"href":"https:\/\/blog-alexis.monville.com\/en\/wp-json\/wp\/v2\/users\/1"}],"replies":[{"embeddable":true,"href":"https:\/\/blog-alexis.monville.com\/en\/wp-json\/wp\/v2\/comments?post=592"}],"version-history":[{"count":0,"href":"https:\/\/blog-alexis.monville.com\/en\/wp-json\/wp\/v2\/posts\/592\/revisions"}],"wp:attachment":[{"href":"https:\/\/blog-alexis.monville.com\/en\/wp-json\/wp\/v2\/media?parent=592"}],"wp:term":[{"taxonomy":"category","embeddable":true,"href":"https:\/\/blog-alexis.monville.com\/en\/wp-json\/wp\/v2\/categories?post=592"},{"taxonomy":"post_tag","embeddable":true,"href":"https:\/\/blog-alexis.monville.com\/en\/wp-json\/wp\/v2\/tags?post=592"}],"curies":[{"name":"wp","href":"https:\/\/api.w.org\/{rel}","templated":true}]}}