{"id":587,"date":"2009-06-05T11:49:44","date_gmt":"2009-06-05T09:49:44","guid":{"rendered":"https:\/\/blog-alexis.monville.com\/?p=587"},"modified":"2009-06-05T11:49:44","modified_gmt":"2009-06-05T09:49:44","slug":"carrefour-des-possibles-2","status":"publish","type":"post","link":"https:\/\/blog-alexis.monville.com\/en\/2009\/06\/05\/carrefour-des-possibles-2\/","title":{"rendered":"Carrefour des Possibles"},"content":{"rendered":"<p><a href=\"http:\/\/www.carrefourdespossibles.org\"><img data-recalc-dims=\"1\" loading=\"lazy\" decoding=\"async\" class=\"alignleft\" style=\"border: 0pt none;margin: 10px\" src=\"https:\/\/i0.wp.com\/www.carrefourdespossibles.org\/images\/carrefour\/logo.gif?resize=300%2C85\" alt=\"\" width=\"300\" height=\"85\" \/><\/a>Le 60\u00e8me <a href=\"http:\/\/www.carrefourdespossibles.org\" target=\"_blank\">carrefour des possibles<\/a> s&#8217;est d\u00e9roul\u00e9 ce jeudi 4 juin \u00e0 la bourse du commerce de Paris. 10 projets ont \u00e9t\u00e9 pr\u00e9sent\u00e9s en respectant les principes de diversit\u00e9 autant dans les publics vis\u00e9s que dans les stades de d\u00e9veloppement :<\/p>\n<ol>\n<li>Moobz (<a href=\"http:\/\/moobz.fr\" target=\"_blank\">moobz.fr<\/a>) : Une solution de visualisation en 3 dimensions permettant aux acheteurs d&#8217;un bien immobilier sur plan d&#8217;am\u00e9nager leur futur logement. La solution est propos\u00e9e en marque blanche aux promoteurs immobiliers. Moobz recherche \u00e9galement des vendeurs de mobiliers pour enrichir son catalogue.<\/li>\n<li>Reconnect (<a href=\"http:\/\/www.reconnect.fr\/\" target=\"_blank\">reconnect.fr<\/a>) : Reconnect propose aux personnes en situation pr\u00e9caire : un num\u00e9ro de t\u00e9l\u00e9phone, une boite vocale, le rappel gratuit des appelants et des cartes de visites. Le service va \u00eatre enrichi d&#8217;un coffre-fort num\u00e9rique permettant de conserver les justificatifs officiels (identit\u00e9, s\u00e9curit\u00e9 sociale&#8230;).<\/li>\n<li>Blumpit (<a href=\"http:\/\/blumpit.com\/\" target=\"_blank\">blumpit.com<\/a>) : Une interface simplifi\u00e9e pour netbook ou tabletpc.<\/li>\n<li>PayTap (<a href=\"http:\/\/paytap.net\/\" target=\"_blank\">paytap.net<\/a>) EquiTap (<a href=\"http:\/\/equitap.tel\/\" target=\"_blank\">equitap.tel<\/a>) : Une solution de paiement mobile accessible par t\u00e9l\u00e9phone pour mettre en oeuvre des transactions client\/marchand ou particulier\/particulier en monnaies principales ou compl\u00e9mentaires.<\/li>\n<li>Opportom (<a href=\"http:\/\/www.opportom.com\/\" target=\"_blank\">opportom.com<\/a>) : Opportom propose un boitier permettant de diffuser les ouvertures\/fermetures de lieux ouverts au public. Le dispositif peut-\u00eatre compl\u00e9t\u00e9 par une solution de comptage mesurant l&#8217;affluence (20 minutes d&#8217;attente&#8230; J&#8217;irai plus tard&#8230;).<\/li>\n<li>Connecthings (<a href=\"http:\/\/www.connecthings.com\/fr\/\" target=\"_blank\">connecthings.com<\/a>) : Connecthings \u00e9quipe les lieux publics d&#8217;un sticker comportant un code barre 2D ou un tag nfc. Une photo ou une connection avec un t\u00e9l\u00e9phone portable retourne \u00e0 l&#8217;utilisateur des informations contextuelles.<\/li>\n<li>UpShot (<a href=\"http:\/\/upshotapp.com\" target=\"_blank\">upshotapp.com<\/a>) : Pour \u00e9viter les incompr\u00e9hensions entre les designers, graphistes&#8230; etc et leurs clients, UpShot propose un service de partage pour faciliter la cr\u00e9ation de visuels.<\/li>\n<li>FairPlayInteractive (<a href=\"http:\/\/fairplayinteractive.tv\" target=\"_blank\">fairplayinteractive.tv<\/a>) : FairPlayInteractive propose une chaine de t\u00e9l\u00e9vision adaptant le contenu diffus\u00e9 \u00e0 vos appr\u00e9ciations. Une premi\u00e8re chaine musicale sera disponible sur les r\u00e9seaux cabl\u00e9s \u00e0 la rentr\u00e9e.<\/li>\n<li>PearlTrees (<a href=\"http:\/\/pearltrees.com\" target=\"_blank\">pearltrees.com<\/a>) : Un service permettant de garder la trace de ses navigations sur Internet puis de partager les cartes de ses visites avec d&#8217;autres internautes.<\/li>\n<li>Wok 3.0 (Les sens du Web) : Un moteur de recherche s&#8217;appuyant sur une \u00e9valuation de crit\u00e8res sensistifs.<\/li>\n<\/ol>\n<p>Bonnes d\u00e9couvertes ! Bravo aux participants et aux organisateurs et rendez-vous au prochain Carrefour des Possibles !<\/p>\n","protected":false},"excerpt":{"rendered":"<p>Le 60\u00e8me carrefour des possibles s&#8217;est d\u00e9roul\u00e9 ce jeudi 4 juin \u00e0 la bourse du commerce de Paris. 10 projets ont \u00e9t\u00e9 pr\u00e9sent\u00e9s en respectant les principes de diversit\u00e9 autant dans les publics vis\u00e9s que dans les stades de d\u00e9veloppement : Moobz (moobz.fr) : Une solution de visualisation en 3 dimensions permettant aux acheteurs d&#8217;un [&hellip;]<\/p>\n","protected":false},"author":1,"featured_media":0,"comment_status":"open","ping_status":"open","sticky":false,"template":"","format":"standard","meta":{"advanced_seo_description":"","jetpack_seo_html_title":"","jetpack_seo_noindex":false,"jetpack_post_was_ever_published":false,"_jetpack_newsletter_access":"","_jetpack_dont_email_post_to_subs":false,"_jetpack_newsletter_tier_id":0,"_jetpack_memberships_contains_paywalled_content":false,"_jetpack_memberships_contains_paid_content":false,"footnotes":""},"categories":[5],"tags":[236],"class_list":["post-587","post","type-post","status-publish","format-standard","hentry","category-explorateurs","tag-innovation"],"jetpack_featured_media_url":"","jetpack_shortlink":"https:\/\/wp.me\/paNjQG-9t","jetpack-related-posts":[{"id":188,"url":"https:\/\/blog-alexis.monville.com\/en\/2008\/10\/05\/carrefour-des-possibles\/","url_meta":{"origin":587,"position":0},"title":"Carrefour des possibles","author":"Alexis","date":"October 5, 2008","format":false,"excerpt":"La 52\u00e8me \u00e9dition du Carrefour des possibles \u00e9tait organis\u00e9e par la FING en cl\u00f4ture de la premi\u00e8re journ\u00e9e des entretiens du nouveau monde industriel. La FING qui dans son introduction a pr\u00e9sent\u00e9e l\u2019enqu\u00eate qu\u2019elle r\u00e9alise dans le cadre du programme identit\u00e9s actives : r\u00e9v\u00e9lez votre profil 2.0. 3 coups de\u2026","rel":"","context":"In &quot;General&quot;","block_context":{"text":"General","link":"https:\/\/blog-alexis.monville.com\/en\/category\/all\/"},"img":{"alt_text":"","src":"","width":0,"height":0},"classes":[]},{"id":16,"url":"https:\/\/blog-alexis.monville.com\/en\/2006\/06\/07\/4e-carrefour-des-possibles-en-paca\/","url_meta":{"origin":587,"position":1},"title":"4e Carrefour des Possibles en Paca","author":"Alexis","date":"June 7, 2006","format":false,"excerpt":"Participation au 4e Carrefour des Possibles en Paca, \u00e0 Marseilles, le principe de donner dix minutes \u00e0 une douzaine de projets est tr\u00e8s efficaces. Certaines pr\u00e9sentations sont malheureusement de moins bonnes qualit\u00e9s et d\u00e9servent le projets, une action d'assistance \u00e0 la pr\u00e9paration de ces pr\u00e9sentations seraient tr\u00e8s utiles. Une pr\u00e9sentation\u2026","rel":"","context":"In &quot;General&quot;","block_context":{"text":"General","link":"https:\/\/blog-alexis.monville.com\/en\/category\/all\/"},"img":{"alt_text":"","src":"","width":0,"height":0},"classes":[]},{"id":843,"url":"https:\/\/blog-alexis.monville.com\/en\/2010\/06\/21\/carrefour-des-possibles-3\/","url_meta":{"origin":587,"position":2},"title":"Carrefour des Possibles","author":"Alexis","date":"June 21, 2010","format":false,"excerpt":"Le prochain Carrefour des Possibles se d\u00e9roulera le 30 juin 2010 \u00e0 18h au th\u00e9\u00e2tre de l'Europ\u00e9en. Un Carrefour qui f\u00eate \u00e9galement les 10 ans de la FING ! Une \u00e9dition partant \u00e0 la rencontre des participants ayant marqu\u00e9s l'histoire des Carrefour, avec par exemple : Spark Angels, premier service\u2026","rel":"","context":"In &quot;General&quot;","block_context":{"text":"General","link":"https:\/\/blog-alexis.monville.com\/en\/category\/all\/"},"img":{"alt_text":"","src":"https:\/\/i0.wp.com\/doc.openfing.org\/FING\/LAFING\/ELEMENTS_GRAPHIQUES\/cdp_70.jpg?resize=350%2C200","width":350,"height":200},"classes":[]},{"id":851,"url":"https:\/\/blog-alexis.monville.com\/en\/2010\/06\/26\/forum-des-usages-cooperatifs\/","url_meta":{"origin":587,"position":3},"title":"Forum des usages coop\u00e9ratifs","author":"Alexis","date":"June 26, 2010","format":false,"excerpt":"Le 4\u00e8me Forum des usages coop\u00e9ratifs se d\u00e9roule \u00e0 Brest du 30 juin au 2 juillet. Une occasion d'innover et d'entreprendre ensemble avec ce Forum bien install\u00e9 dans le paysage. Le programme de se Forum\u00a0allie sur 3 jours :\u00a0des conf\u00e9rences qui cadrent des probl\u00e9matiques,\u00a0des sessions th\u00e9matiques, rencontres professionnelles ouvertes,\u00a0des ateliers\u2026","rel":"","context":"In &quot;Explorateurs&quot;","block_context":{"text":"Explorateurs","link":"https:\/\/blog-alexis.monville.com\/en\/category\/explorateurs\/"},"img":{"alt_text":"","src":"https:\/\/i0.wp.com\/forum-usages-cooperatifs.net\/images\/thumb\/d\/da\/Logo-p.jpg\/120px-Logo-p.jpg?resize=350%2C200","width":350,"height":200},"classes":[]},{"id":961,"url":"https:\/\/blog-alexis.monville.com\/en\/2010\/11\/21\/un-jour-une-oeuvre-au-carrefour-des-possibles\/","url_meta":{"origin":587,"position":4},"title":"Un Jour Une Oeuvre au Carrefour des Possibles !","author":"Alexis","date":"November 21, 2010","format":false,"excerpt":"Un Jour Une Oeuvre (UJUO) sera pr\u00e9sent\u00e9 au Carrefour des Possibles du 29 novembre 2010. J\u2019ai d\u00e9j\u00e0 eu le plaisir de r\u00e9p\u00e9ter devant les regards attentifs d\u2019Ivan et Jean-Fran\u00e7ois et leurs retours m\u2019ont permis d\u2019\u00eatre \u00abassez \u00e0 l\u2019aise\u00bb lors du brief de s\u00e9lection. Je vous encourage \u00e0 r\u00e9server votre date\u2026","rel":"","context":"In &quot;Interventions&quot;","block_context":{"text":"Interventions","link":"https:\/\/blog-alexis.monville.com\/en\/category\/interventions\/"},"img":{"alt_text":"","src":"https:\/\/i0.wp.com\/blog-alexis.monville.com\/wp-content\/uploads\/sites\/2\/2010\/11\/logo-ujuo-200.gif?resize=350%2C200&ssl=1","width":350,"height":200},"classes":[]},{"id":378,"url":"https:\/\/blog-alexis.monville.com\/en\/2009\/02\/03\/un-jour-une-oeuvre-3\/","url_meta":{"origin":587,"position":5},"title":"Un Jour Une Oeuvre","author":"Alexis","date":"February 3, 2009","format":false,"excerpt":"Un Jour Une Oeuvre s'int\u00e9resse \u00e0 la peinture, la sculpture, la photographie, une \u0153uvre d\u2019art est propos\u00e9e chaque jour pour partager nos regards sur l'art. Quelques nouvelles de ce site Internet : Une nouvelle pr\u00e9sentation voulant donner plus de place aux oeuvres est en ligne depuis quelques jours (voir l'aper\u00e7u\u2026","rel":"","context":"In &quot;General&quot;","block_context":{"text":"General","link":"https:\/\/blog-alexis.monville.com\/en\/category\/all\/"},"img":{"alt_text":"ujuo","src":"https:\/\/i0.wp.com\/blog-alexis.monville.com\/wp-content\/uploads\/sites\/2\/2009\/01\/ujuo.jpg?resize=350%2C200&ssl=1","width":350,"height":200},"classes":[]}],"jetpack_sharing_enabled":true,"_links":{"self":[{"href":"https:\/\/blog-alexis.monville.com\/en\/wp-json\/wp\/v2\/posts\/587","targetHints":{"allow":["GET"]}}],"collection":[{"href":"https:\/\/blog-alexis.monville.com\/en\/wp-json\/wp\/v2\/posts"}],"about":[{"href":"https:\/\/blog-alexis.monville.com\/en\/wp-json\/wp\/v2\/types\/post"}],"author":[{"embeddable":true,"href":"https:\/\/blog-alexis.monville.com\/en\/wp-json\/wp\/v2\/users\/1"}],"replies":[{"embeddable":true,"href":"https:\/\/blog-alexis.monville.com\/en\/wp-json\/wp\/v2\/comments?post=587"}],"version-history":[{"count":0,"href":"https:\/\/blog-alexis.monville.com\/en\/wp-json\/wp\/v2\/posts\/587\/revisions"}],"wp:attachment":[{"href":"https:\/\/blog-alexis.monville.com\/en\/wp-json\/wp\/v2\/media?parent=587"}],"wp:term":[{"taxonomy":"category","embeddable":true,"href":"https:\/\/blog-alexis.monville.com\/en\/wp-json\/wp\/v2\/categories?post=587"},{"taxonomy":"post_tag","embeddable":true,"href":"https:\/\/blog-alexis.monville.com\/en\/wp-json\/wp\/v2\/tags?post=587"}],"curies":[{"name":"wp","href":"https:\/\/api.w.org\/{rel}","templated":true}]}}