{"id":585,"date":"2009-06-02T12:04:48","date_gmt":"2009-06-02T10:04:48","guid":{"rendered":"https:\/\/blog-alexis.monville.com\/?p=585"},"modified":"2009-06-02T12:04:48","modified_gmt":"2009-06-02T10:04:48","slug":"tedx-paris","status":"publish","type":"post","link":"https:\/\/blog-alexis.monville.com\/en\/2009\/06\/02\/tedx-paris\/","title":{"rendered":"TEDx Paris"},"content":{"rendered":"<p><a href=\"http:\/\/tedxparis.com\/\"><img data-recalc-dims=\"1\" loading=\"lazy\" decoding=\"async\" class=\"alignleft\" src=\"https:\/\/i0.wp.com\/tedxparis.com\/sites\/default\/files\/zen_classic_logo.jpg?resize=390%2C90\" alt=\"\" width=\"390\" height=\"90\" \/><\/a>L&#8217;\u00e9dition pilote des <a href=\"http:\/\/tedxparis.com\/\" target=\"_blank\">TEDx Paris<\/a> s&#8217;est d\u00e9roul\u00e9e le 28 mai 2009 \u00e0 <a href=\"http:\/\/lacantine.org\" target=\"_blank\">La Cantine<\/a>.<\/p>\n<p>Je vous invite bien sur \u00e0 d\u00e9couvrir la version originale en regardant par exemple <a href=\"http:\/\/www.ted.com\/talks\/richard_st_john_s_8_secrets_of_success.html\" target=\"_blank\">Richard St-John parler des 8 secrets du succ\u00e8s<\/a> ou <a href=\"http:\/\/www.ted.com\/talks\/hans_rosling_shows_the_best_stats_you_ve_ever_seen.html\" target=\"_blank\">Hans Rossling d\u00e9voiler des statistiques extraordinaires<\/a>. Un projet de traduction vient de commencer ce qui permet de disposer de sous-titres pour certaines des interventions pr\u00e9sent\u00e9es.<\/p>\n<p>Toutes les interventions respectent les dix commandements de TED, \u00e0 d\u00e9couvrir ici en fran\u00e7ais sur <a href=\"http:\/\/blog.pierremorsa.com\/2009\/02\/11\/les-ted-commandments\/\" target=\"_blank\">le blog de Pierre Morsa<\/a>.<\/p>\n<p><a href=\"http:\/\/www.flickr.com\/photos\/somethingintheair\/3580452379\/\"><img data-recalc-dims=\"1\" loading=\"lazy\" decoding=\"async\" class=\"alignright\" src=\"https:\/\/i0.wp.com\/farm4.static.flickr.com\/3377\/3580452379_c032c5aa25.jpg?resize=500%2C281\" alt=\"\" width=\"500\" height=\"281\" \/><\/a>Le programme de l&#8217;\u00e9dition pilote \u00e9tait organis\u00e9 en trois th\u00e8mes parall\u00e8les : La r\u00e9volution presse et les nouveaux media, Les technologies et les nouveaux usages, Psychologie et Sociologie. 9 projections de TED talks ont \u00e9t\u00e9 suivies de discussions avec la soixante d&#8217;invit\u00e9s pr\u00e9sents (je souhaite en \u00eatre la prochaine fois !).<\/p>\n<p>A d\u00e9couvrir donc, le site <a href=\"http:\/\/tedxparis.com\/\" target=\"_blank\">TEDxParis<\/a>, le <a href=\"http:\/\/www.facebook.com\/wall.php?id=79950434301#\/pages\/Paris-France\/TEDx-Paris\/119104501832\" target=\"_blank\">groupe FaceBook<\/a> et les <a href=\"http:\/\/www.flickr.com\/search\/?q=tedxparis\" target=\"_blank\">photos sur flickr<\/a> dont les superbes mindmaps encore accroch\u00e9es aux murs de la Cantine.<\/p>\n","protected":false},"excerpt":{"rendered":"<p>L&#8217;\u00e9dition pilote des TEDx Paris s&#8217;est d\u00e9roul\u00e9e le 28 mai 2009 \u00e0 La Cantine. Je vous invite bien sur \u00e0 d\u00e9couvrir la version originale en regardant par exemple Richard St-John parler des 8 secrets du succ\u00e8s ou Hans Rossling d\u00e9voiler des statistiques extraordinaires. Un projet de traduction vient de commencer ce qui permet de disposer [&hellip;]<\/p>\n","protected":false},"author":1,"featured_media":0,"comment_status":"open","ping_status":"open","sticky":false,"template":"","format":"standard","meta":{"advanced_seo_description":"","jetpack_seo_html_title":"","jetpack_seo_noindex":false,"jetpack_post_was_ever_published":false,"_jetpack_newsletter_access":"","_jetpack_dont_email_post_to_subs":false,"_jetpack_newsletter_tier_id":0,"_jetpack_memberships_contains_paywalled_content":false,"_jetpack_memberships_contains_paid_content":false,"footnotes":""},"categories":[5,7],"tags":[444],"class_list":["post-585","post","type-post","status-publish","format-standard","hentry","category-explorateurs","category-international","tag-technologies"],"jetpack_featured_media_url":"","jetpack_shortlink":"https:\/\/wp.me\/paNjQG-9r","jetpack-related-posts":[{"id":1079,"url":"https:\/\/blog-alexis.monville.com\/en\/2011\/03\/29\/tedxalger\/","url_meta":{"origin":585,"position":0},"title":"TEDxAlger","author":"Alexis","date":"March 29, 2011","format":false,"excerpt":"Le 9 avril se tiendra \u00e0 Alger le premier \u00e9v\u00e9nement TEDx d'Algerie, le TEDxAlger. Fadhila Brahimi (Personal Branding) est le premier intervenant annonc\u00e9 pour cette \u00e9dition. L'organisation a propos\u00e9 un concours dont le but est de d\u00e9couvrir les intervenants et permettant de gagner sa participation \u00e0 l'\u00e9v\u00e9nement. Ce premier TEDx\u2026","rel":"","context":"In &quot;International&quot;","block_context":{"text":"International","link":"https:\/\/blog-alexis.monville.com\/en\/category\/international\/"},"img":{"alt_text":"","src":"https:\/\/i0.wp.com\/www.tedxalger.com\/templates\/gk_yourshop\/images\/style2\/logo.png?resize=350%2C200","width":350,"height":200},"classes":[]},{"id":1166,"url":"https:\/\/blog-alexis.monville.com\/en\/2011\/09\/03\/tedxbordeaux-4\/","url_meta":{"origin":585,"position":1},"title":"TEDxBordeaux","author":"Alexis","date":"September 3, 2011","format":false,"excerpt":"Ce vendredi 2 septembre 2011, nous avons c\u00e9l\u00e9br\u00e9 avec une partie de l'\u00e9quipe, le succ\u00e9s de l'\u00e9dition 2011 de TEDxBordeaux. Une soir\u00e9e bien sympathique, au cours de laquelle nous avons regard\u00e9 en arri\u00e8re, partag\u00e9 quelques souvenirs, regard\u00e9 les compteurs de vid\u00e9os visionn\u00e9es sur Youtube (plus de 10 000 vid\u00e9os regard\u00e9es\u2026","rel":"","context":"In &quot;Interventions&quot;","block_context":{"text":"Interventions","link":"https:\/\/blog-alexis.monville.com\/en\/category\/interventions\/"},"img":{"alt_text":"","src":"https:\/\/i0.wp.com\/farm4.static.flickr.com\/3497\/5794066015_f3c653763d.jpg?resize=350%2C200","width":350,"height":200},"classes":[]},{"id":1101,"url":"https:\/\/blog-alexis.monville.com\/en\/2011\/05\/09\/ujuo-sur-solutions-linux\/","url_meta":{"origin":585,"position":2},"title":"UJUO sur Solutions Linux","author":"Alexis","date":"May 9, 2011","format":false,"excerpt":"Ce mercredi 11 mai \u00e0 11h00, la p\u00e9dagogie de l'attention Un Jour Une Oeuvre sera pr\u00e9sent\u00e9e lors de la table-ronde : \"La diversit\u00e9 dans le libre \u00e9ducatif\". Regardons Ensemble ! Un Jour Une Oeuvre est une aventure transposant l'approche\u00a0collaborative pratiqu\u00e9e dans le monde du logiciel libre dans le but de\u00a0permettre\u2026","rel":"","context":"In &quot;ayeba&quot;","block_context":{"text":"ayeba","link":"https:\/\/blog-alexis.monville.com\/en\/category\/ayeba\/"},"img":{"alt_text":"","src":"https:\/\/i0.wp.com\/ujuo.org\/wp-content\/uploads\/HLIC\/cd47d7a5964a35b751239b7a767a98b0.gif?resize=350%2C200","width":350,"height":200},"classes":[]},{"id":1328,"url":"https:\/\/blog-alexis.monville.com\/en\/2012\/01\/15\/tedxplaceducapitole\/","url_meta":{"origin":585,"position":3},"title":"TEDxPlaceDuCapitole","author":"Alexis","date":"January 15, 2012","format":false,"excerpt":"TEDxPlaceDuCapitole s'est d\u00e9roul\u00e9 ce samedi 14 janvier \u00e0 l'Hotel Dieu de Toulouse. L'excellente \u00e9quipe d'organisation avait r\u00e9uni 13 intervenants autour du th\u00e8me l'\u00e9nergie des possibles : Damien Jayat sur la m\u00e9diation scientifique Adrienne Alix sur l'engagement pour Wikipedia Fran\u00e7ois Cantier sur avocat sans fronti\u00e8re et l'\u00e9cole des droits de l'homme\u2026","rel":"","context":"In &quot;General&quot;","block_context":{"text":"General","link":"https:\/\/blog-alexis.monville.com\/en\/category\/all\/"},"img":{"alt_text":"","src":"https:\/\/i0.wp.com\/blog-alexis.monville.com\/en\/wp-content\/uploads\/sites\/2\/2012\/01\/IMG_4125-scaled.jpg?fit=1200%2C900&ssl=1&resize=350%2C200","width":350,"height":200,"srcset":"https:\/\/i0.wp.com\/blog-alexis.monville.com\/en\/wp-content\/uploads\/sites\/2\/2012\/01\/IMG_4125-scaled.jpg?fit=1200%2C900&ssl=1&resize=350%2C200 1x, https:\/\/i0.wp.com\/blog-alexis.monville.com\/en\/wp-content\/uploads\/sites\/2\/2012\/01\/IMG_4125-scaled.jpg?fit=1200%2C900&ssl=1&resize=525%2C300 1.5x, https:\/\/i0.wp.com\/blog-alexis.monville.com\/en\/wp-content\/uploads\/sites\/2\/2012\/01\/IMG_4125-scaled.jpg?fit=1200%2C900&ssl=1&resize=700%2C400 2x, https:\/\/i0.wp.com\/blog-alexis.monville.com\/en\/wp-content\/uploads\/sites\/2\/2012\/01\/IMG_4125-scaled.jpg?fit=1200%2C900&ssl=1&resize=1050%2C600 3x"},"classes":[]},{"id":627,"url":"https:\/\/blog-alexis.monville.com\/en\/2009\/07\/14\/la-presse-europeenne-avec-presseuropeu\/","url_meta":{"origin":585,"position":4},"title":"La presse europ\u00e9enne avec PressEurop.eu","author":"Alexis","date":"July 14, 2009","format":false,"excerpt":"D\u00e9couvrir le point de vue des autres pays d'Europe sur l'actualit\u00e9 ? C'est ce que propose PressEurop.eu en reprenant en 10 langues les articles (une s\u00e9lection d'articles) des quotidiens europ\u00e9ens (une s\u00e9lection de quotidiens). Un site donnant la possibilit\u00e9 de commenter les articles et de les partager sur les sites\u2026","rel":"","context":"In &quot;Europe&quot;","block_context":{"text":"Europe","link":"https:\/\/blog-alexis.monville.com\/en\/category\/international\/europe\/"},"img":{"alt_text":"","src":"https:\/\/i0.wp.com\/presseurop.eu\/sites\/all\/themes\/presseurop\/images\/logo.gif?resize=350%2C200","width":350,"height":200},"classes":[]},{"id":27,"url":"https:\/\/blog-alexis.monville.com\/en\/2006\/09\/27\/orange-%e2%80%93-journee-sur-les-applications-dorigine-locale\/","url_meta":{"origin":585,"position":5},"title":"Orange \u2013 Journ\u00e9e sur les Applications d\u2019origine locale","author":"Alexis","date":"September 27, 2006","format":false,"excerpt":"Invit\u00e9 \u00e0 pr\u00e9senter l'action de la Direction G\u00e9n\u00e9rale de la Modernisation de l'Etat en terme d'Administration Electronique. En m'appuyant sur les principes ADELE : simplifier la vie de l'usager dans sa relation \u00e0 l'administration ; am\u00e9liorer l'efficience du service public ; valoriser l'agent dans sa mission. J'ai pr\u00e9sent\u00e9 le sch\u00e9ma\u2026","rel":"","context":"In &quot;Interventions&quot;","block_context":{"text":"Interventions","link":"https:\/\/blog-alexis.monville.com\/en\/category\/interventions\/"},"img":{"alt_text":"","src":"","width":0,"height":0},"classes":[]}],"jetpack_sharing_enabled":true,"_links":{"self":[{"href":"https:\/\/blog-alexis.monville.com\/en\/wp-json\/wp\/v2\/posts\/585","targetHints":{"allow":["GET"]}}],"collection":[{"href":"https:\/\/blog-alexis.monville.com\/en\/wp-json\/wp\/v2\/posts"}],"about":[{"href":"https:\/\/blog-alexis.monville.com\/en\/wp-json\/wp\/v2\/types\/post"}],"author":[{"embeddable":true,"href":"https:\/\/blog-alexis.monville.com\/en\/wp-json\/wp\/v2\/users\/1"}],"replies":[{"embeddable":true,"href":"https:\/\/blog-alexis.monville.com\/en\/wp-json\/wp\/v2\/comments?post=585"}],"version-history":[{"count":0,"href":"https:\/\/blog-alexis.monville.com\/en\/wp-json\/wp\/v2\/posts\/585\/revisions"}],"wp:attachment":[{"href":"https:\/\/blog-alexis.monville.com\/en\/wp-json\/wp\/v2\/media?parent=585"}],"wp:term":[{"taxonomy":"category","embeddable":true,"href":"https:\/\/blog-alexis.monville.com\/en\/wp-json\/wp\/v2\/categories?post=585"},{"taxonomy":"post_tag","embeddable":true,"href":"https:\/\/blog-alexis.monville.com\/en\/wp-json\/wp\/v2\/tags?post=585"}],"curies":[{"name":"wp","href":"https:\/\/api.w.org\/{rel}","templated":true}]}}