{"id":58,"date":"2007-03-25T23:11:42","date_gmt":"2007-03-25T21:11:42","guid":{"rendered":"http:\/\/alexismonville.wordpress.com\/2007\/03\/25\/25-mars\/"},"modified":"2007-03-25T23:11:42","modified_gmt":"2007-03-25T21:11:42","slug":"25-mars","status":"publish","type":"post","link":"https:\/\/blog-alexis.monville.com\/en\/2007\/03\/25\/25-mars\/","title":{"rendered":"25 mars"},"content":{"rendered":"<p>Le 25 mars 2007, nous comm\u00e9morons la signature du <a href=\"http:\/\/ec.europa.eu\/avservices\/50\/index_fr.cfm\" target=\"_blank\">trait\u00e9 de Rome<\/a><\/p>\n<p>Une occasion de se souvenir des objectifs de cr\u00e9ation&#8230; en recherchant ce que disaient les personnalit\u00e9s de cette \u00e9poque comme <a href=\"http:\/\/fr.wikipedia.org\/wiki\/Jean_Monnet\" target=\"_blank\">Jean Monnet<\/a>, <a href=\"http:\/\/fr.wikipedia.org\/wiki\/Robert_Schuman\" target=\"_blank\">Robert Schuman<\/a>&#8230;<\/p>\n<p><span class=\"file-link image\"><img decoding=\"async\" src=\"http:\/\/alexismonville.files.wordpress.com\/2007\/05\/p-012531-00-02h.thumbnail.jpg\" alt=\"ensemble\" border=\"0\" \/><\/span><\/p>\n<p>Et bien sur, de prendre connaissance de la <a href=\"http:\/\/ec.europa.eu\/france\/pdf\/berlin_declaration_fr.pdf\" target=\"_blank\">d\u00e9claration de Berlin<\/a> sign\u00e9e par les dirigeants de l&#8217;union \u00e0 l&#8217;occasion de cet anniversaire.<\/p>\n","protected":false},"excerpt":{"rendered":"<p>Le 25 mars 2007, nous comm\u00e9morons la signature du trait\u00e9 de Rome Une occasion de se souvenir des objectifs de cr\u00e9ation&#8230; en recherchant ce que disaient les personnalit\u00e9s de cette \u00e9poque comme Jean Monnet, Robert Schuman&#8230; Et bien sur, de prendre connaissance de la d\u00e9claration de Berlin sign\u00e9e par les dirigeants de l&#8217;union \u00e0 l&#8217;occasion [&hellip;]<\/p>\n","protected":false},"author":1,"featured_media":0,"comment_status":"open","ping_status":"open","sticky":false,"template":"","format":"standard","meta":{"advanced_seo_description":"","jetpack_seo_html_title":"","jetpack_seo_noindex":false,"jetpack_post_was_ever_published":false,"_jetpack_newsletter_access":"","_jetpack_dont_email_post_to_subs":false,"_jetpack_newsletter_tier_id":0,"_jetpack_memberships_contains_paywalled_content":false,"_jetpack_memberships_contains_paid_content":false,"footnotes":""},"categories":[1],"tags":[],"class_list":["post-58","post","type-post","status-publish","format-standard","hentry","category-all"],"jetpack_featured_media_url":"","jetpack_shortlink":"https:\/\/wp.me\/paNjQG-W","jetpack-related-posts":[{"id":796,"url":"https:\/\/blog-alexis.monville.com\/en\/2010\/03\/11\/logiciel-libre\/","url_meta":{"origin":58,"position":0},"title":"Logiciel libre","author":"Alexis","date":"March 11, 2010","format":false,"excerpt":"En quelques mots aujourd'hui pour : vous inviter \u00e0 noter dans vos agendas que le Salon Solutions Linux se tiendra \u00e0 la porte de Versailles du 16 au 18 mars, je vous souhaite nombreux pour la conf\u00e9rence Administration et Libre le 17 mars \u00e0 9h00, vous encourager \u00e0 r\u00e9agir \u00e0\u2026","rel":"","context":"In &quot;Interventions&quot;","block_context":{"text":"Interventions","link":"https:\/\/blog-alexis.monville.com\/en\/category\/interventions\/"},"img":{"alt_text":"","src":"","width":0,"height":0},"classes":[]},{"id":685,"url":"https:\/\/blog-alexis.monville.com\/en\/2009\/11\/19\/solutions-linux-2010\/","url_meta":{"origin":58,"position":1},"title":"Solutions Linux 2010","author":"Alexis","date":"November 19, 2009","format":false,"excerpt":"Aujourd'hui se r\u00e9unissait le comit\u00e9 de programme en vue de la pr\u00e9paration du salon Solutions Linux les 16, 17 et 18 mars 2010. 128 propositions d'interventions pour venir nourrir le programme de formations et de conf\u00e9rences se d\u00e9roulant sur le salon. D'excellentes propositions pour la conf\u00e9rence Administration et Libre que\u2026","rel":"","context":"In &quot;ayeba&quot;","block_context":{"text":"ayeba","link":"https:\/\/blog-alexis.monville.com\/en\/category\/ayeba\/"},"img":{"alt_text":"image001","src":"https:\/\/i0.wp.com\/blog-alexis.monville.com\/wp-content\/uploads\/sites\/2\/2009\/10\/image001.jpg?resize=350%2C200&ssl=1","width":350,"height":200},"classes":[]},{"id":1519,"url":"https:\/\/blog-alexis.monville.com\/en\/2013\/03\/25\/materiel-libre\/","url_meta":{"origin":58,"position":2},"title":"Mat\u00e9riel libre","author":"Alexis","date":"March 25, 2013","format":false,"excerpt":"Cela fait plusieurs mois que j'ai en chantier un article dans lequel je voulais aborder plusieurs aspects du mat\u00e9riel libre. Si aujourd'hui, je me sens un peu press\u00e9 par le temps, c'est que je voulais terminer l'article par une invitation \u00e0 vous faire participer \u00e0 un \u00e9v\u00e9nement pr\u00e8s de chez\u2026","rel":"","context":"In &quot;General&quot;","block_context":{"text":"General","link":"https:\/\/blog-alexis.monville.com\/en\/category\/all\/"},"img":{"alt_text":"","src":"https:\/\/i0.wp.com\/blog-alexis.monville.com\/en\/wp-content\/uploads\/sites\/2\/2013\/03\/arduino_due_in_hand.jpg?fit=410%2C410&ssl=1&resize=350%2C200","width":350,"height":200},"classes":[]},{"id":463,"url":"https:\/\/blog-alexis.monville.com\/en\/2009\/03\/30\/solutions-linux-2009-2\/","url_meta":{"origin":58,"position":3},"title":"Solutions Linux 2009","author":"Alexis","date":"March 30, 2009","format":false,"excerpt":"Le Salon Solutions Linux ouvrira ses portes les 31 mars, 1er et 2 avril au Parc des Expositions de la Porte de Versailles. Le salon f\u00eate cette ann\u00e9e ses 10 ans et j'esp\u00e8re qu'il vous comptera parmi ses visiteurs. Je serai sur le salon le 1er avril pour animer la\u2026","rel":"","context":"In &quot;International&quot;","block_context":{"text":"International","link":"https:\/\/blog-alexis.monville.com\/en\/category\/international\/"},"img":{"alt_text":"","src":"https:\/\/i0.wp.com\/www.solutionslinux.fr\/images\/index_07.jpg?resize=350%2C200","width":350,"height":200},"classes":[]},{"id":87,"url":"https:\/\/blog-alexis.monville.com\/en\/2008\/04\/02\/in-principo-%c2%ab-accelerateur-de-progres-%c2%bb\/","url_meta":{"origin":58,"position":4},"title":"In Principo : \u00ab acc\u00e9l\u00e9rateur de progr\u00e8s \u00bb","author":"Alexis","date":"April 2, 2008","format":false,"excerpt":"Ce 25 mars j\u2019\u00e9tais invit\u00e9 \u00e0 d\u00e9couvrir le programme CoAgilit\u00e9 d\u2019In Principo. Cette pr\u00e9sentation \u00e9tait introduite par Olivier R\u00e9aud, un des fondateurs, qui r\u00e9sumait la d\u00e9nomination par une illustration d\u2019agilit\u00e9\u00a0: une jolie photo de singe - ind\u00e9niablement agile - illustration permettant de prendre conscience simplement que pour l\u2019entreprise, c\u2019est le\u2026","rel":"","context":"In &quot;General&quot;","block_context":{"text":"General","link":"https:\/\/blog-alexis.monville.com\/en\/category\/all\/"},"img":{"alt_text":"","src":"","width":0,"height":0},"classes":[]},{"id":742,"url":"https:\/\/blog-alexis.monville.com\/en\/2010\/02\/02\/ladministration-et-le-libre\/","url_meta":{"origin":58,"position":5},"title":"L&#8217;administration et le libre","author":"Alexis","date":"February 2, 2010","format":false,"excerpt":"La conf\u00e9rence sur l'administration et le libre se tiendra le mercredi 17 mars de 9h00-12h30 (Salle Rubis) dans le cadre du salon solutions linux. La France est parmi les pays europ\u00e9ens celui qui utilise et d\u00e9veloppe le plus les logiciels libres pour les besoins de service public. En continuit\u00e9 des\u2026","rel":"","context":"In &quot;Interventions&quot;","block_context":{"text":"Interventions","link":"https:\/\/blog-alexis.monville.com\/en\/category\/interventions\/"},"img":{"alt_text":"","src":"https:\/\/i0.wp.com\/www.solutionslinux.fr\/linux\/images\/logo.gif?resize=350%2C200","width":350,"height":200},"classes":[]}],"jetpack_sharing_enabled":true,"_links":{"self":[{"href":"https:\/\/blog-alexis.monville.com\/en\/wp-json\/wp\/v2\/posts\/58","targetHints":{"allow":["GET"]}}],"collection":[{"href":"https:\/\/blog-alexis.monville.com\/en\/wp-json\/wp\/v2\/posts"}],"about":[{"href":"https:\/\/blog-alexis.monville.com\/en\/wp-json\/wp\/v2\/types\/post"}],"author":[{"embeddable":true,"href":"https:\/\/blog-alexis.monville.com\/en\/wp-json\/wp\/v2\/users\/1"}],"replies":[{"embeddable":true,"href":"https:\/\/blog-alexis.monville.com\/en\/wp-json\/wp\/v2\/comments?post=58"}],"version-history":[{"count":0,"href":"https:\/\/blog-alexis.monville.com\/en\/wp-json\/wp\/v2\/posts\/58\/revisions"}],"wp:attachment":[{"href":"https:\/\/blog-alexis.monville.com\/en\/wp-json\/wp\/v2\/media?parent=58"}],"wp:term":[{"taxonomy":"category","embeddable":true,"href":"https:\/\/blog-alexis.monville.com\/en\/wp-json\/wp\/v2\/categories?post=58"},{"taxonomy":"post_tag","embeddable":true,"href":"https:\/\/blog-alexis.monville.com\/en\/wp-json\/wp\/v2\/tags?post=58"}],"curies":[{"name":"wp","href":"https:\/\/api.w.org\/{rel}","templated":true}]}}