{"id":571,"date":"2009-05-24T11:33:34","date_gmt":"2009-05-24T09:33:34","guid":{"rendered":"https:\/\/blog-alexis.monville.com\/?p=571"},"modified":"2009-05-24T11:33:34","modified_gmt":"2009-05-24T09:33:34","slug":"drupal-con-paris-2009","status":"publish","type":"post","link":"https:\/\/blog-alexis.monville.com\/en\/2009\/05\/24\/drupal-con-paris-2009\/","title":{"rendered":"DrupalCon Paris"},"content":{"rendered":"<p><a href=\"http:\/\/paris2009.drupalcon.org\"><img data-recalc-dims=\"1\" loading=\"lazy\" decoding=\"async\" class=\"alignleft\" src=\"https:\/\/i0.wp.com\/paris2009.drupalcon.org\/sites\/default\/files\/imagecache\/generic_image\/banner-small.png?resize=180%2C180\" alt=\"\" width=\"180\" height=\"180\" \/><\/a>Je viens de d\u00e9couvrir le tr\u00e8s sympathique site de la Conf\u00e9rence Drupal qui se tiendra \u00e0 Paris du 1er au 5 septembre 2009 (<a href=\"http:\/\/paris2009.drupalcon.org\" target=\"_blank\">DrupalCon Paris 2009<\/a>).<\/p>\n<p>Cette conf\u00e9rence est organis\u00e9e par l&#8217;association Drupal (<a href=\"http:\/\/association.drupal.org\/\" target=\"_blank\">http:\/\/association.drupal.org<\/a>).<\/p>\n<p>Le programme est con\u00e7u pour int\u00e9resser les initi\u00e9s et les n\u00e9ophytes, les programmeurs, les designers, les managers&#8230; etc&#8230; qui trouveront tous une r\u00e9ponse aux questions qu&#8217;ils peuvent se poser sur cette solution qui va bien au-del\u00e0 du CMS !<\/p>\n<p>Au plaisir de vous voir la-bas !<\/p>\n","protected":false},"excerpt":{"rendered":"<p>Je viens de d\u00e9couvrir le tr\u00e8s sympathique site de la Conf\u00e9rence Drupal qui se tiendra \u00e0 Paris du 1er au 5 septembre 2009 (DrupalCon Paris 2009). Cette conf\u00e9rence est organis\u00e9e par l&#8217;association Drupal (http:\/\/association.drupal.org). Le programme est con\u00e7u pour int\u00e9resser les initi\u00e9s et les n\u00e9ophytes, les programmeurs, les designers, les managers&#8230; etc&#8230; qui trouveront tous [&hellip;]<\/p>\n","protected":false},"author":1,"featured_media":0,"comment_status":"open","ping_status":"open","sticky":false,"template":"","format":"standard","meta":{"advanced_seo_description":"","jetpack_seo_html_title":"","jetpack_seo_noindex":false,"jetpack_post_was_ever_published":false,"_jetpack_newsletter_access":"","_jetpack_dont_email_post_to_subs":false,"_jetpack_newsletter_tier_id":0,"_jetpack_memberships_contains_paywalled_content":false,"_jetpack_memberships_contains_paid_content":false,"footnotes":""},"categories":[5],"tags":[276,444],"class_list":["post-571","post","type-post","status-publish","format-standard","hentry","category-explorateurs","tag-logiciel-libre","tag-technologies"],"jetpack_featured_media_url":"","jetpack_shortlink":"https:\/\/wp.me\/paNjQG-9d","jetpack-related-posts":[{"id":643,"url":"https:\/\/blog-alexis.monville.com\/en\/2009\/09\/02\/le-facteur-humain-coeur-de-lindustrie-du-logiciel-libre\/","url_meta":{"origin":571,"position":0},"title":"Le facteur humain&#8230; coeur de l&#8217;Industrie du logiciel libre","author":"Alexis","date":"September 2, 2009","format":false,"excerpt":"Paris, le 2 octobre 2009, dans le cadre du forum mondial du libre (Open World Forum) se tiendra la conf\u00e9rence : \"Le facteur humain... coeur de l'Industrie du logiciel libre.\" Comment la dimension humaine collaborative et le mode de croissance organique du Logiciel Libre peuvent transformer en profondeur le monde\u2026","rel":"","context":"In &quot;ayeba&quot;","block_context":{"text":"ayeba","link":"https:\/\/blog-alexis.monville.com\/en\/category\/ayeba\/"},"img":{"alt_text":"OWF 2009","src":"http:\/\/openworldforum.org\/owf\/portal\/contact\/OWF_200x216.jpg\/image_preview","width":350,"height":200},"classes":[]},{"id":666,"url":"https:\/\/blog-alexis.monville.com\/en\/2009\/10\/17\/appel-a-communication-pour-solutions-linux-2010\/","url_meta":{"origin":571,"position":1},"title":"Appel \u00e0 communication pour Solutions Linux 2010","author":"Alexis","date":"October 17, 2009","format":false,"excerpt":"Une conf\u00e9rence gratuite \"L'administration et le libre\" est propos\u00e9e lors de la prochaine \u00e9dition du salon Solutions Linux qui se d\u00e9roulera du 16 au 18 mars 2010. L'appel \u00e0 communication est publi\u00e9 et vous avez jusqu'au 6 novembre pour proposer vos interventions Pour en savoir plus vous pouvez consulter les\u2026","rel":"","context":"In &quot;International&quot;","block_context":{"text":"International","link":"https:\/\/blog-alexis.monville.com\/en\/category\/international\/"},"img":{"alt_text":"image001","src":"https:\/\/i0.wp.com\/blog-alexis.monville.com\/wp-content\/uploads\/sites\/2\/2009\/10\/image001.jpg?resize=350%2C200&ssl=1","width":350,"height":200},"classes":[]},{"id":634,"url":"https:\/\/blog-alexis.monville.com\/en\/2009\/08\/01\/owf-owf2009le-facteur-humain-au-coeur-de-lindustrie-du-logiciel-libre\/","url_meta":{"origin":571,"position":2},"title":"Le facteur humain&#8230; au coeur de l&#8217;industrie du logiciel libre","author":"Alexis","date":"August 1, 2009","format":false,"excerpt":"Le FLOSS, l'OpenSource, le logiciel libre... Un truc de geek, de techos, de chevelus... Cette image est bien sur erron\u00e9e et les Directeurs des Syst\u00e8mes d'Information qui ont adopt\u00e9s des solutions sous licences libres se sont \u00e9galement fait les farouches partisants d'un mod\u00e8le qui leur permet de reprendre la ma\u00eetrise\u2026","rel":"","context":"In &quot;Interventions&quot;","block_context":{"text":"Interventions","link":"https:\/\/blog-alexis.monville.com\/en\/category\/interventions\/"},"img":{"alt_text":"OWF 2009","src":"http:\/\/openworldforum.org\/owf\/portal\/contact\/OWF_200x216.jpg\/image_preview","width":350,"height":200},"classes":[]},{"id":184,"url":"https:\/\/blog-alexis.monville.com\/en\/2008\/10\/02\/drupal-ngo\/","url_meta":{"origin":571,"position":3},"title":"Drupal n&#8217;Go","author":"Alexis","date":"October 2, 2008","format":false,"excerpt":"Recommand\u00e9 par des Influenceurs Les 4 et 5 octobre 2008, la communaut\u00e9 du logiciel Open Source \u00ab Drupal \u00bb concevra et r\u00e9alisera pour l'association Aurore un site internet recensant les services offerts aux personnes en situation d'exclusion. Le premier week-end d'octobre, une \u00e9quipe pluridisciplinaire constitu\u00e9e de plusieurs dizaines de professionnels\u2026","rel":"","context":"In &quot;General&quot;","block_context":{"text":"General","link":"https:\/\/blog-alexis.monville.com\/en\/category\/all\/"},"img":{"alt_text":"Drupal n'go","src":"https:\/\/i0.wp.com\/drupalngo.org\/sites\/default\/files\/Banni%C3%A8re-160x160_0.png?resize=350%2C200","width":350,"height":200},"classes":[]},{"id":85,"url":"https:\/\/blog-alexis.monville.com\/en\/2008\/03\/29\/patrimoine-immateriel-de-letat\/","url_meta":{"origin":571,"position":4},"title":"Patrimoine Immat\u00e9riel de l&#8217;Etat","author":"Alexis","date":"March 29, 2008","format":false,"excerpt":"Suite \u00e0 la remise du rapport LEVY-JOUYET sur l\u2019\u00e9conomie de l\u2019immat\u00e9riel, en d\u00e9cembre 2006, \u00e0 Thierry Breton, alors ministre de l\u2019Economie des Finances et de l\u2019Industrie, la France s\u2019est dot\u00e9 d\u2019une Agence pour le Patrimoine Immat\u00e9riel de l\u2019Etat (APIE). Cette Agence est dirig\u00e9e par Claude Rubinowicz qui pr\u00e9sentait ses travaux\u2026","rel":"","context":"In &quot;General&quot;","block_context":{"text":"General","link":"https:\/\/blog-alexis.monville.com\/en\/category\/all\/"},"img":{"alt_text":"","src":"","width":0,"height":0},"classes":[]},{"id":502,"url":"https:\/\/blog-alexis.monville.com\/en\/2009\/04\/27\/travailleurs-du-web\/","url_meta":{"origin":571,"position":5},"title":"Travailleurs du Web","author":"Alexis","date":"April 27, 2009","format":false,"excerpt":"Le BarCamp des Travailleurs du Web s'est tenu ce samedi 25 avril au Comptoir G\u00e9n\u00e9ral (l'espace de conf\u00e9rence de La Ruche au 80 quai de Jemmapes \u00e0 Paris). Des rencontres passionnantes comme toujours dans ces rencontres qui s'auto-organisent (presque). De nombreux sujets abord\u00e9s : GTD, gestion de projet, statut des\u2026","rel":"","context":"In &quot;Explorateurs&quot;","block_context":{"text":"Explorateurs","link":"https:\/\/blog-alexis.monville.com\/en\/category\/explorateurs\/"},"img":{"alt_text":"tdw-camp09","src":"https:\/\/i0.wp.com\/blog-alexis.monville.com\/wp-content\/uploads\/sites\/2\/2009\/04\/tdw-camp09.jpg?resize=350%2C200&ssl=1","width":350,"height":200},"classes":[]}],"jetpack_sharing_enabled":true,"_links":{"self":[{"href":"https:\/\/blog-alexis.monville.com\/en\/wp-json\/wp\/v2\/posts\/571","targetHints":{"allow":["GET"]}}],"collection":[{"href":"https:\/\/blog-alexis.monville.com\/en\/wp-json\/wp\/v2\/posts"}],"about":[{"href":"https:\/\/blog-alexis.monville.com\/en\/wp-json\/wp\/v2\/types\/post"}],"author":[{"embeddable":true,"href":"https:\/\/blog-alexis.monville.com\/en\/wp-json\/wp\/v2\/users\/1"}],"replies":[{"embeddable":true,"href":"https:\/\/blog-alexis.monville.com\/en\/wp-json\/wp\/v2\/comments?post=571"}],"version-history":[{"count":0,"href":"https:\/\/blog-alexis.monville.com\/en\/wp-json\/wp\/v2\/posts\/571\/revisions"}],"wp:attachment":[{"href":"https:\/\/blog-alexis.monville.com\/en\/wp-json\/wp\/v2\/media?parent=571"}],"wp:term":[{"taxonomy":"category","embeddable":true,"href":"https:\/\/blog-alexis.monville.com\/en\/wp-json\/wp\/v2\/categories?post=571"},{"taxonomy":"post_tag","embeddable":true,"href":"https:\/\/blog-alexis.monville.com\/en\/wp-json\/wp\/v2\/tags?post=571"}],"curies":[{"name":"wp","href":"https:\/\/api.w.org\/{rel}","templated":true}]}}