{"id":567,"date":"2009-06-18T08:00:13","date_gmt":"2009-06-18T06:00:13","guid":{"rendered":"https:\/\/blog-alexis.monville.com\/?p=567"},"modified":"2009-06-18T08:00:13","modified_gmt":"2009-06-18T06:00:13","slug":"30-30-30-10","status":"publish","type":"post","link":"https:\/\/blog-alexis.monville.com\/en\/2009\/06\/18\/30-30-30-10\/","title":{"rendered":"30-30-30-10"},"content":{"rendered":"<p><img data-recalc-dims=\"1\" loading=\"lazy\" decoding=\"async\" data-attachment-id=\"599\" data-permalink=\"https:\/\/blog-alexis.monville.com\/en\/2009\/06\/18\/30-30-30-10\/30-30-30-10\/\" data-orig-file=\"https:\/\/i0.wp.com\/blog-alexis.monville.com\/en\/wp-content\/uploads\/sites\/2\/2009\/06\/30-30-30-10.gif?fit=200%2C200&amp;ssl=1\" data-orig-size=\"200,200\" data-comments-opened=\"1\" data-image-meta=\"{&quot;aperture&quot;:&quot;0&quot;,&quot;credit&quot;:&quot;&quot;,&quot;camera&quot;:&quot;&quot;,&quot;caption&quot;:&quot;&quot;,&quot;created_timestamp&quot;:&quot;0&quot;,&quot;copyright&quot;:&quot;&quot;,&quot;focal_length&quot;:&quot;0&quot;,&quot;iso&quot;:&quot;0&quot;,&quot;shutter_speed&quot;:&quot;0&quot;,&quot;title&quot;:&quot;&quot;}\" data-image-title=\"30-30-30-10\" data-image-description=\"\" data-image-caption=\"\" data-large-file=\"https:\/\/i0.wp.com\/blog-alexis.monville.com\/en\/wp-content\/uploads\/sites\/2\/2009\/06\/30-30-30-10.gif?fit=200%2C200&amp;ssl=1\" class=\"alignleft size-full wp-image-599\" style=\"border: 0pt none;margin: 10px\" src=\"https:\/\/i0.wp.com\/blog-alexis.monville.com\/wp-content\/uploads\/sites\/2\/2009\/06\/30-30-30-10.gif?resize=200%2C200&#038;ssl=1\" alt=\"30-30-30-10\" width=\"200\" height=\"200\" srcset=\"https:\/\/i0.wp.com\/blog-alexis.monville.com\/en\/wp-content\/uploads\/sites\/2\/2009\/06\/30-30-30-10.gif?w=200&amp;ssl=1 200w, https:\/\/i0.wp.com\/blog-alexis.monville.com\/en\/wp-content\/uploads\/sites\/2\/2009\/06\/30-30-30-10.gif?resize=150%2C150&amp;ssl=1 150w\" sizes=\"auto, (max-width: 200px) 100vw, 200px\" \/>Cette s\u00e9quence de nombres repr\u00e9sente la r\u00e9partition du temps qu&#8217;un DSI doit consacrer, selon Forrester, \u00e0 chaque cat\u00e9gorie de taches :<\/p>\n<ul>\n<li>30% pour son ou ses patrons : ce qui va lui permettre de construire sa cr\u00e9dibilit\u00e9, de d\u00e9montrer la valeur de l&#8217;informatique pour l&#8217;entreprise, et de devenir un architecte de la strat\u00e9gie de l&#8217;entreprise&#8230; et de d\u00e9velopper sa capacit\u00e9 \u00e0 n\u00e9gocier en position de force&#8230;<\/li>\n<li>30% pour ses pairs : ce sont les &#8220;clients&#8221; de l&#8217;informatique, pas forc\u00e9ment suffisant, mais indispensable pour comprendre les difficult\u00e9s principales des m\u00e9tiers de son organisation&#8230;<\/li>\n<li>30 % pour son \u00e9quipe : au service du bon fonctionnement de son \u00e9quipe pour lui permettre de produire la meilleure performance&#8230;<\/li>\n<li>10% pour lui : recul, r\u00e9flexion, mentor, mod\u00e8le&#8230;<\/li>\n<\/ul>\n<p><strong>Une petite question : &#8220;Votre r\u00e9partition actuelle ?&#8221;<\/strong><\/p>\n<p>L&#8217;article est ici : <a href=\"http:\/\/www.forrester.com\/Research\/Document\/Excerpt\/0,7211,40737,00.html\" target=\"_blank\">http:\/\/www.forrester.com\/Research\/Document\/Excerpt\/0,7211,40737,00.html<\/a><\/p>\n<p>et gratuit ici : <a href=\"http:\/\/whitepapers.silicon.com\/0,39024759,60276828p,00.htm\" target=\"_blank\">http:\/\/whitepapers.silicon.com\/0,39024759,60276828p,00.htm<\/a><\/p>\n","protected":false},"excerpt":{"rendered":"<p>Cette s\u00e9quence de nombres repr\u00e9sente la r\u00e9partition du temps qu&#8217;un DSI doit consacrer, selon Forrester, \u00e0 chaque cat\u00e9gorie de taches : 30% pour son ou ses patrons : ce qui va lui permettre de construire sa cr\u00e9dibilit\u00e9, de d\u00e9montrer la valeur de l&#8217;informatique pour l&#8217;entreprise, et de devenir un architecte de la strat\u00e9gie de l&#8217;entreprise&#8230; [&hellip;]<\/p>\n","protected":false},"author":1,"featured_media":0,"comment_status":"open","ping_status":"open","sticky":false,"template":"","format":"standard","meta":{"advanced_seo_description":"","jetpack_seo_html_title":"","jetpack_seo_noindex":false,"jetpack_post_was_ever_published":false,"_jetpack_newsletter_access":"","_jetpack_dont_email_post_to_subs":false,"_jetpack_newsletter_tier_id":0,"_jetpack_memberships_contains_paywalled_content":false,"_jetpack_memberships_contains_paid_content":false,"footnotes":""},"categories":[1],"tags":[284],"class_list":["post-567","post","type-post","status-publish","format-standard","hentry","category-all","tag-management"],"jetpack_featured_media_url":"","jetpack_shortlink":"https:\/\/wp.me\/paNjQG-99","jetpack-related-posts":[{"id":1934,"url":"https:\/\/blog-alexis.monville.com\/en\/2014\/08\/20\/ale-2014-premier-jour\/","url_meta":{"origin":567,"position":0},"title":"ALE 2014 &#8211; premier jour","author":"Alexis","date":"August 20, 2014","format":false,"excerpt":"Ce premier jour de la non-conf\u00e9rence 2014 du r\u00e9seau ALE (Agile Lean Europe) \u00e9tait particuli\u00e8rement riche ! Une richesse que je ne fais qu'effleurer dans ce compte-rendu rapide. Le programme est un mix entre des sessions pr\u00e9par\u00e9es et s\u00e9lectionn\u00e9es par les participants du sofa \"programme\" et un open space (pour\u2026","rel":"","context":"In &quot;Europe&quot;","block_context":{"text":"Europe","link":"https:\/\/blog-alexis.monville.com\/en\/category\/international\/europe\/"},"img":{"alt_text":"","src":"https:\/\/i0.wp.com\/blog-alexis.monville.com\/en\/wp-content\/uploads\/sites\/2\/2014\/08\/2014-08-20-09.28.05-scaled.jpg?fit=1200%2C900&ssl=1&resize=350%2C200","width":350,"height":200,"srcset":"https:\/\/i0.wp.com\/blog-alexis.monville.com\/en\/wp-content\/uploads\/sites\/2\/2014\/08\/2014-08-20-09.28.05-scaled.jpg?fit=1200%2C900&ssl=1&resize=350%2C200 1x, https:\/\/i0.wp.com\/blog-alexis.monville.com\/en\/wp-content\/uploads\/sites\/2\/2014\/08\/2014-08-20-09.28.05-scaled.jpg?fit=1200%2C900&ssl=1&resize=525%2C300 1.5x, https:\/\/i0.wp.com\/blog-alexis.monville.com\/en\/wp-content\/uploads\/sites\/2\/2014\/08\/2014-08-20-09.28.05-scaled.jpg?fit=1200%2C900&ssl=1&resize=700%2C400 2x, https:\/\/i0.wp.com\/blog-alexis.monville.com\/en\/wp-content\/uploads\/sites\/2\/2014\/08\/2014-08-20-09.28.05-scaled.jpg?fit=1200%2C900&ssl=1&resize=1050%2C600 3x"},"classes":[]},{"id":87,"url":"https:\/\/blog-alexis.monville.com\/en\/2008\/04\/02\/in-principo-%c2%ab-accelerateur-de-progres-%c2%bb\/","url_meta":{"origin":567,"position":1},"title":"In Principo : \u00ab acc\u00e9l\u00e9rateur de progr\u00e8s \u00bb","author":"Alexis","date":"April 2, 2008","format":false,"excerpt":"Ce 25 mars j\u2019\u00e9tais invit\u00e9 \u00e0 d\u00e9couvrir le programme CoAgilit\u00e9 d\u2019In Principo. Cette pr\u00e9sentation \u00e9tait introduite par Olivier R\u00e9aud, un des fondateurs, qui r\u00e9sumait la d\u00e9nomination par une illustration d\u2019agilit\u00e9\u00a0: une jolie photo de singe - ind\u00e9niablement agile - illustration permettant de prendre conscience simplement que pour l\u2019entreprise, c\u2019est le\u2026","rel":"","context":"In &quot;General&quot;","block_context":{"text":"General","link":"https:\/\/blog-alexis.monville.com\/en\/category\/all\/"},"img":{"alt_text":"","src":"","width":0,"height":0},"classes":[]},{"id":1835,"url":"https:\/\/blog-alexis.monville.com\/en\/2014\/04\/23\/vends-moi-ce-stylo\/","url_meta":{"origin":567,"position":2},"title":"Vends moi ce stylo","author":"Alexis","date":"April 23, 2014","format":false,"excerpt":"L'image d'illustration de cet article est tir\u00e9e du Loup de Wall Street. Je ne suis pas un grand fan de ce film. J'imagine que le message du film pouvait passer sans n\u00e9cessiter de recourir \u00e0 des sc\u00e8nes d'orgies, mais je me trompe peut-\u00eatre. L'objet de l'article n'est pas de faire\u2026","rel":"","context":"In &quot;General&quot;","block_context":{"text":"General","link":"https:\/\/blog-alexis.monville.com\/en\/category\/all\/"},"img":{"alt_text":"","src":"https:\/\/i0.wp.com\/blog-alexis.monville.com\/en\/wp-content\/uploads\/sites\/2\/2014\/04\/le-loup-de-wall-street-the-wolf-of-wall-street-25-12-2013-6-g.jpg?fit=1200%2C498&ssl=1&resize=350%2C200","width":350,"height":200,"srcset":"https:\/\/i0.wp.com\/blog-alexis.monville.com\/en\/wp-content\/uploads\/sites\/2\/2014\/04\/le-loup-de-wall-street-the-wolf-of-wall-street-25-12-2013-6-g.jpg?fit=1200%2C498&ssl=1&resize=350%2C200 1x, https:\/\/i0.wp.com\/blog-alexis.monville.com\/en\/wp-content\/uploads\/sites\/2\/2014\/04\/le-loup-de-wall-street-the-wolf-of-wall-street-25-12-2013-6-g.jpg?fit=1200%2C498&ssl=1&resize=525%2C300 1.5x, https:\/\/i0.wp.com\/blog-alexis.monville.com\/en\/wp-content\/uploads\/sites\/2\/2014\/04\/le-loup-de-wall-street-the-wolf-of-wall-street-25-12-2013-6-g.jpg?fit=1200%2C498&ssl=1&resize=700%2C400 2x, https:\/\/i0.wp.com\/blog-alexis.monville.com\/en\/wp-content\/uploads\/sites\/2\/2014\/04\/le-loup-de-wall-street-the-wolf-of-wall-street-25-12-2013-6-g.jpg?fit=1200%2C498&ssl=1&resize=1050%2C600 3x"},"classes":[]},{"id":91,"url":"https:\/\/blog-alexis.monville.com\/en\/2008\/04\/17\/que-faire-de-l%e2%80%99heritage\/","url_meta":{"origin":567,"position":3},"title":"Que faire de l\u2019h\u00e9ritage ?","author":"Alexis","date":"April 17, 2008","format":false,"excerpt":"Pour \u00eatre plus pr\u00e9cis : que faire de notre h\u00e9ritage culturel ? Quelles actions mener pour donner acc\u00e8s \u00e0 cet h\u00e9ritage culturel d\u2019une incroyable richesse et diversit\u00e9 dont nous disposons en France ? Quelles actions mener pour assurer sa p\u00e9rennit\u00e9 et permettre son enrichissement continu ? L\u2019acc\u00e8s \u00e0 cet h\u00e9ritage\u2026","rel":"","context":"In &quot;General&quot;","block_context":{"text":"General","link":"https:\/\/blog-alexis.monville.com\/en\/category\/all\/"},"img":{"alt_text":"","src":"","width":0,"height":0},"classes":[]},{"id":1942,"url":"https:\/\/blog-alexis.monville.com\/en\/2014\/08\/25\/ale-2014-deuxieme-et-troisieme-jour\/","url_meta":{"origin":567,"position":4},"title":"ALE 2014 &#8211; deuxi\u00e8me et troisi\u00e8me jour","author":"Alexis","date":"August 25, 2014","format":false,"excerpt":"Cet article \u00e9voque les deuxi\u00e8me et troisi\u00e8me jour\u00a0de la\u00a0non-conf\u00e9rence 2014\u00a0du\u00a0r\u00e9seau ALE\u00a0(Agile Lean Europe). Le r\u00e9sum\u00e9 du premier jour est ici. Ce deuxi\u00e8me jour de la non-conf\u00e9rence ALE 2014, d\u00e9bute par une session par Josef Scherer, Self-designing Feature Teams @BMW. Pour influer sur la culture d\u2019une grande organisation, Josef explique qu\u2019il\u2026","rel":"","context":"In &quot;Europe&quot;","block_context":{"text":"Europe","link":"https:\/\/blog-alexis.monville.com\/en\/category\/international\/europe\/"},"img":{"alt_text":"","src":"https:\/\/i0.wp.com\/blog-alexis.monville.com\/en\/wp-content\/uploads\/sites\/2\/2014\/08\/2014-08-21-09.05.06-scaled.jpg?fit=1200%2C900&ssl=1&resize=350%2C200","width":350,"height":200,"srcset":"https:\/\/i0.wp.com\/blog-alexis.monville.com\/en\/wp-content\/uploads\/sites\/2\/2014\/08\/2014-08-21-09.05.06-scaled.jpg?fit=1200%2C900&ssl=1&resize=350%2C200 1x, https:\/\/i0.wp.com\/blog-alexis.monville.com\/en\/wp-content\/uploads\/sites\/2\/2014\/08\/2014-08-21-09.05.06-scaled.jpg?fit=1200%2C900&ssl=1&resize=525%2C300 1.5x, https:\/\/i0.wp.com\/blog-alexis.monville.com\/en\/wp-content\/uploads\/sites\/2\/2014\/08\/2014-08-21-09.05.06-scaled.jpg?fit=1200%2C900&ssl=1&resize=700%2C400 2x, https:\/\/i0.wp.com\/blog-alexis.monville.com\/en\/wp-content\/uploads\/sites\/2\/2014\/08\/2014-08-21-09.05.06-scaled.jpg?fit=1200%2C900&ssl=1&resize=1050%2C600 3x"},"classes":[]},{"id":84,"url":"https:\/\/blog-alexis.monville.com\/en\/2008\/03\/28\/strategie-dsi-2010\/","url_meta":{"origin":567,"position":5},"title":"Strat\u00e9gie DSI 2010","author":"Alexis","date":"March 28, 2008","format":false,"excerpt":"Cette conf\u00e9rence r\u00e9unissait, \u00e0 l\u2019initiative de la soci\u00e9t\u00e9 De Gamma\u00a0: Michel Delattre, DSI Groupe La Poste Bernard Dubs, fondateur du BIT Group Jacques-Benoit Lebris, Directeur Business Intelligence Rhodia Eric Tirlemont, Ineum Consulting Gilles Martin, De Gamma Jos\u00e9 Rodrigues, De Gamma Dans le cadre du plan CIGREF 2010, Michel Delattre, a\u2026","rel":"","context":"In &quot;General&quot;","block_context":{"text":"General","link":"https:\/\/blog-alexis.monville.com\/en\/category\/all\/"},"img":{"alt_text":"","src":"","width":0,"height":0},"classes":[]}],"jetpack_sharing_enabled":true,"_links":{"self":[{"href":"https:\/\/blog-alexis.monville.com\/en\/wp-json\/wp\/v2\/posts\/567","targetHints":{"allow":["GET"]}}],"collection":[{"href":"https:\/\/blog-alexis.monville.com\/en\/wp-json\/wp\/v2\/posts"}],"about":[{"href":"https:\/\/blog-alexis.monville.com\/en\/wp-json\/wp\/v2\/types\/post"}],"author":[{"embeddable":true,"href":"https:\/\/blog-alexis.monville.com\/en\/wp-json\/wp\/v2\/users\/1"}],"replies":[{"embeddable":true,"href":"https:\/\/blog-alexis.monville.com\/en\/wp-json\/wp\/v2\/comments?post=567"}],"version-history":[{"count":0,"href":"https:\/\/blog-alexis.monville.com\/en\/wp-json\/wp\/v2\/posts\/567\/revisions"}],"wp:attachment":[{"href":"https:\/\/blog-alexis.monville.com\/en\/wp-json\/wp\/v2\/media?parent=567"}],"wp:term":[{"taxonomy":"category","embeddable":true,"href":"https:\/\/blog-alexis.monville.com\/en\/wp-json\/wp\/v2\/categories?post=567"},{"taxonomy":"post_tag","embeddable":true,"href":"https:\/\/blog-alexis.monville.com\/en\/wp-json\/wp\/v2\/tags?post=567"}],"curies":[{"name":"wp","href":"https:\/\/api.w.org\/{rel}","templated":true}]}}