{"id":558,"date":"2009-05-21T01:55:01","date_gmt":"2009-05-20T23:55:01","guid":{"rendered":"https:\/\/blog-alexis.monville.com\/?p=558"},"modified":"2009-05-21T01:55:01","modified_gmt":"2009-05-20T23:55:01","slug":"consultation-publique-sur-linternet-du-futur","status":"publish","type":"post","link":"https:\/\/blog-alexis.monville.com\/en\/2009\/05\/21\/consultation-publique-sur-linternet-du-futur\/","title":{"rendered":"Consultation publique sur l&#8217;Internet du futur"},"content":{"rendered":"<p>Assez surprenant cette consultation&#8230;<\/p>\n<blockquote><p><span class=\"titre1\">Consultation publique sur l\u2019Internet du futur<\/span><\/p>\n<table border=\"0\" width=\"90%\" summary=\"chapeau\">\n<tbody>\n<tr>\n<td><span class=\"textegris1\"><strong><\/strong><\/p>\n<p class=\"spip\" style=\"text-align: justify\"><strong>Internet a r\u00e9volutionn\u00e9 tous les secteurs de nos soci\u00e9t\u00e9s, notre mani\u00e8re de communiquer, de nous informer, de nous divertir, de consommer et m\u00eame d\u2019interagir socialement. L\u2019\u00e9volution ou la red\u00e9finition de l\u2019Internet permettront le d\u00e9veloppement de nouveaux services et usages et auront donc un impact industriel et socio-\u00e9conomique majeur.<\/strong><\/p>\n<p><strong><\/strong><\/p>\n<p><\/span><\/td>\n<\/tr>\n<\/tbody>\n<\/table>\n<p class=\"spip\" style=\"text-align: justify\" dir=\"ltr\"><img data-recalc-dims=\"1\" loading=\"lazy\" decoding=\"async\" style=\"margin: 0pt 0.5em;float: left\" src=\"https:\/\/i0.wp.com\/www.telecom.gouv.fr\/IMG\/arton2105.jpg?resize=200%2C133\" border=\"0\" alt=\"Internet du futur\" width=\"200\" height=\"133\" \/> <strong>Consultation publique sur l\u2019Internet du futur<\/strong><\/p>\n<p class=\"spip\" style=\"text-align: justify\" dir=\"ltr\">Le minist\u00e8re de l\u2019Economie, de l\u2019industrie et de l\u2019emploi a constitu\u00e9 en 2007 un groupe de r\u00e9flexion sur l\u2019Internet du futur pr\u00e9sid\u00e9 et co-pr\u00e9sid\u00e9 respectivement par l\u2019Institut national de recherche en informatique et automatique (INRIA) et l\u2019Institut T\u00e9l\u00e9com. Ce groupe de r\u00e9flexion compos\u00e9 d\u2019experts reconnus au niveau international et appartenant \u00e0 des organismes de recherche, des PME et des groupes industriels travaillant sur ces questions a rendu son rapport, \u00e0 la mi-juin 2008. Sur cette base, la secr\u00e9taire d\u2019Etat charg\u00e9 de la Prospective et du d\u00e9veloppement de l\u2019\u00e9conomie num\u00e9rique, la direction g\u00e9n\u00e9rale de la comp\u00e9titivit\u00e9, de l\u2019industrie et des services (DGCIS) du minist\u00e8re de l\u2019Economie, de l\u2019industrie et de l\u2019emploi et la direction g\u00e9n\u00e9rale de la recherche et de l\u2019innovation du minist\u00e8re de l\u2019Enseignement sup\u00e9rieur et de la recherche ont souhait\u00e9 lancer cette consultation publique afin de recueillir l\u2019avis de l\u2019ensemble des acteurs concern\u00e9s par l\u2019Internet du futur et de pr\u00e9parer un plan d\u2019actions sur le sujet.<\/p>\n<p class=\"spip\" style=\"text-align: justify\" dir=\"ltr\">Cette consultation qui porte notamment sur l\u2019identification des th\u00e9matiques li\u00e9es au concept d\u2019Internet du futur (technologies du \u00ab\u00a0c\u0153ur de r\u00e9seau\u00a0\u00bb, r\u00e9seaux d\u2019acc\u00e8s, r\u00e9seaux spontan\u00e9s, Internet des objets, contenus, usages et services&#8230;), l\u2019organisation de la recherche en France dans ce domaine, la coordination des plateformes d\u2019exp\u00e9rimentation, l\u2019organisation des p\u00f4les de comp\u00e9titivit\u00e9 TICs sur cette th\u00e9matique, la normalisation, les actions \u00e0 mettre en \u0153uvre pour pr\u00e9parer l\u2019industrie fran\u00e7aise \u00e0 ces changements importants&#8230;. permettra la d\u00e9finition d\u2019un plan d\u2019actions destin\u00e9 \u00e0 positionner favorablement la France dans le d\u00e9veloppement de l\u2019internet du Futur, et favoriser ainsi les retomb\u00e9es \u00e9conomiques et industrielles pour notre pays.<\/p>\n<div class=\"texteencadre-spip\">\n<p class=\"spip\" style=\"text-align: justify\" dir=\"ltr\">La consultation est ouverte jusqu\u2019au 13 juillet 2009.<\/p>\n<\/div>\n<p class=\"spip\" style=\"text-align: justify\" dir=\"ltr\">Pour y participer vous devez r\u00e9pondre \u00e0 un questionnaire en le t\u00e9l\u00e9chargeant et en le renvoyant \u00e0 l\u2019adresse\u00a0: internet.dufutur@finances.gouv.fr<\/p>\n<p class=\"spip\" style=\"text-align: justify\" dir=\"ltr\">Vous pouvez aussi utiliser le questionnaire simplifi\u00e9 en ligne en vous r\u00e9f\u00e9rant aux annexes ci-dessous pour r\u00e9diger vos r\u00e9ponses.<br \/>\n<em>Nous attirons votre attention sur le fait que si vous utilisez le questionnaire en ligne vous ne pourrez pas sauvegarder vos premi\u00e8res r\u00e9ponses, les reprendre et continuer plus tard.<\/em><\/p><\/blockquote>\n<p>J&#8217;aime assez la derni\u00e8re phrase technique qui d\u00e9montre que nous sommes un peu dans l&#8217;Internet du pass\u00e9&#8230;<\/p>\n<p>Revenons \u00e0 cette consultation : 12 questions et 2 annexes sur les d\u00e9finitions et les initiatives existantes pour se projeter en 2015-2020, le document est int\u00e9ressant&#8230; Il est ici : <a href=\"http:\/\/www.telecom.gouv.fr\/rubriques-menu\/organisation-du-secteur\/textes-reglementaires\/consultations-appels-candidatures\/consultations-ouvertes\/internet-du-futur-2103.html\" target=\"_blank\">http:\/\/www.telecom.gouv.fr\/rubriques-menu\/organisation-du-secteur\/textes-reglementaires\/consultations-appels-candidatures\/consultations-ouvertes\/internet-du-futur-2103.html<\/a><\/p>\n<p>A vous de voir \ud83d\ude09<\/p>\n","protected":false},"excerpt":{"rendered":"<p>Assez surprenant cette consultation&#8230; Consultation publique sur l\u2019Internet du futur Internet a r\u00e9volutionn\u00e9 tous les secteurs de nos soci\u00e9t\u00e9s, notre mani\u00e8re de communiquer, de nous informer, de nous divertir, de consommer et m\u00eame d\u2019interagir socialement. L\u2019\u00e9volution ou la red\u00e9finition de l\u2019Internet permettront le d\u00e9veloppement de nouveaux services et usages et auront donc un impact industriel [&hellip;]<\/p>\n","protected":false},"author":1,"featured_media":0,"comment_status":"open","ping_status":"open","sticky":false,"template":"","format":"standard","meta":{"advanced_seo_description":"","jetpack_seo_html_title":"","jetpack_seo_noindex":false,"jetpack_post_was_ever_published":false,"_jetpack_newsletter_access":"","_jetpack_dont_email_post_to_subs":false,"_jetpack_newsletter_tier_id":0,"_jetpack_memberships_contains_paywalled_content":false,"_jetpack_memberships_contains_paid_content":false,"footnotes":""},"categories":[5],"tags":[],"class_list":["post-558","post","type-post","status-publish","format-standard","hentry","category-explorateurs"],"jetpack_featured_media_url":"","jetpack_shortlink":"https:\/\/wp.me\/paNjQG-90","jetpack-related-posts":[{"id":302,"url":"https:\/\/blog-alexis.monville.com\/en\/2008\/12\/28\/ted-kevin-kelly-5000-prochains-jours-internet\/","url_meta":{"origin":558,"position":0},"title":"Les 5000 prochains jours de l&#8217;Internet","author":"Alexis","date":"December 28, 2008","format":false,"excerpt":"A la recherche d'une photographie pour Un Jour Une \u0152uvre, je suis tomb\u00e9 sur les photographies de Trey Ratcliff. Une illustre cet article, une autre est sur Un Jour Une \u0152uvre ce 28 d\u00e9cembre. Trey avait mis en sous-titre de sa photo sur flickr.com, une r\u00e9f\u00e9rence a une conf\u00e9rence qu'a\u2026","rel":"","context":"In &quot;Explorateurs&quot;","block_context":{"text":"Explorateurs","link":"https:\/\/blog-alexis.monville.com\/en\/category\/explorateurs\/"},"img":{"alt_text":"","src":"https:\/\/i0.wp.com\/farm4.static.flickr.com\/3294\/3078802485_b665eb38f4_m.jpg?resize=350%2C200","width":350,"height":200},"classes":[]},{"id":866,"url":"https:\/\/blog-alexis.monville.com\/en\/2010\/07\/08\/ethique-du-numerique\/","url_meta":{"origin":558,"position":1},"title":"Ethique du num\u00e9rique","author":"Alexis","date":"July 8, 2010","format":false,"excerpt":"Ce mercredi 7 juillet, j'\u00e9tais invit\u00e9 (avec une bonne centaine d'autres) \u00e0 un atelier participatif : \"Qu'est-ce qu'une loi 2.0 ?\". Cette r\u00e9union \u00e9tait organis\u00e9e par les parlementaires UMP pour prolonger les travaux du rapport Vive internet ! Libert\u00e9 et r\u00e8gles dans le monde num\u00e9rique. La parole est donn\u00e9e sur\u2026","rel":"","context":"In &quot;General&quot;","block_context":{"text":"General","link":"https:\/\/blog-alexis.monville.com\/en\/category\/all\/"},"img":{"alt_text":"","src":"https:\/\/i0.wp.com\/blog-alexis.monville.com\/wp-content\/uploads\/sites\/2\/2010\/07\/Capture-d%E2%80%99%C3%A9cran-2010-07-08-%C3%A0-09.43.11.png?resize=350%2C200&ssl=1","width":350,"height":200},"classes":[]},{"id":384,"url":"https:\/\/blog-alexis.monville.com\/en\/2009\/02\/07\/les-explorateurs-du-web-sur-netexplorateurs\/","url_meta":{"origin":558,"position":2},"title":"Les Explorateurs du Web sur NetExplorateurs","author":"Alexis","date":"February 7, 2009","format":false,"excerpt":"Les Explorateurs du Web \u00e9taient pr\u00e9sents au forum NetExplorateurs organis\u00e9 au S\u00e9nat les 5 et 6 f\u00e9vrier 2009. NetExplorateurs a pour ambition de d\u00e9tecter les nouveaux usages du num\u00e9rique. Des rencontres passionnantes et un programme relev\u00e9 (dont je n'ai malheureusement que peu profit\u00e9 !). Une bonne fa\u00e7on de s'interroger sur\u2026","rel":"","context":"In &quot;Explorateurs&quot;","block_context":{"text":"Explorateurs","link":"https:\/\/blog-alexis.monville.com\/en\/category\/explorateurs\/"},"img":{"alt_text":"netexplorateur1","src":"https:\/\/i0.wp.com\/blog-alexis.monville.com\/wp-content\/uploads\/sites\/2\/2009\/02\/netexplorateur1.gif?resize=350%2C200&ssl=1","width":350,"height":200},"classes":[]},{"id":424,"url":"https:\/\/blog-alexis.monville.com\/en\/2009\/02\/17\/internet-la-realite-qui-change-la-vie\/","url_meta":{"origin":558,"position":3},"title":"Internet, la r\u00e9alit\u00e9 qui change la vie","author":"Alexis","date":"February 17, 2009","format":false,"excerpt":"J'ai souvent cit\u00e9 Didier Ad\u00e8s comme animateur des rencontres \u00e9conomiques organis\u00e9es par l'IGPDE. Je n'avais pas encore parl\u00e9 de l'\u00e9mission qu'il anime sur France Inter avec Dominique Dambert : rue des entrepreneurs, l'\u00e9dition du 14 f\u00e9vrier 2009 consacr\u00e9 \u00e0 Internet est une excellente occasion d'en parler ! Cet \u00e9mission r\u00e9unissait\u2026","rel":"","context":"In &quot;Explorateurs&quot;","block_context":{"text":"Explorateurs","link":"https:\/\/blog-alexis.monville.com\/en\/category\/explorateurs\/"},"img":{"alt_text":"","src":"https:\/\/i0.wp.com\/image.radio-france.fr\/franceinter\/_media\/em\/25020121-bandeau.jpg?resize=350%2C200","width":350,"height":200},"classes":[]},{"id":1593,"url":"https:\/\/blog-alexis.monville.com\/en\/2013\/06\/04\/les-internets\/","url_meta":{"origin":558,"position":4},"title":"Les Internets","author":"Alexis","date":"June 4, 2013","format":false,"excerpt":"Une contre-histoire de l'Internet est un documentaire de Jean-Marc Manach (@manhack) et Julien Goetz (@juliengoetz) r\u00e9alis\u00e9 par Sylvain Berg\u00e8re et\u00a0Co-produit par ARTE et Premi\u00e8res Lignes T\u00e9l\u00e9vision. Le documentaire et les documents associ\u00e9s sont accessibles sur un site Internet d\u00e9di\u00e9 :\u00a0http:\/\/lesinternets.arte.tv\/42\/ Comme l'indique le 42 dans l'adresse web, ce documentaire est\u2026","rel":"","context":"In &quot;General&quot;","block_context":{"text":"General","link":"https:\/\/blog-alexis.monville.com\/en\/category\/all\/"},"img":{"alt_text":"Capture d\u2019\u00e9cran 2013-06-04 \u00e0 22.27.56","src":"https:\/\/i0.wp.com\/blog-alexis.monville.com\/wp-content\/uploads\/sites\/2\/2013\/06\/Capture-d%E2%80%99%C3%A9cran-2013-06-04-%C3%A0-22.27.56-300x210.png?resize=350%2C200&ssl=1","width":350,"height":200},"classes":[]},{"id":688,"url":"https:\/\/blog-alexis.monville.com\/en\/2009\/11\/21\/acces-aux-donnees-publiques\/","url_meta":{"origin":558,"position":5},"title":"Acc\u00e8s aux donn\u00e9es publiques","author":"Alexis","date":"November 21, 2009","format":false,"excerpt":"La premi\u00e8re fois que j'ai vu\u00a0Hans Rossling d\u00e9voiler des statistiques extraordinaires lors d'une session TED, je me suis dit que \"nous\" tenions une d\u00e9monstration de l'int\u00e9r\u00eat de donner acc\u00e8s aux donn\u00e9es publiques afin que \"nous\" puissions tous les utiliser. Depuis, les choses ont \u00e9volu\u00e9es et de nombreux pays ont fait\u2026","rel":"","context":"In &quot;Interventions&quot;","block_context":{"text":"Interventions","link":"https:\/\/blog-alexis.monville.com\/en\/category\/interventions\/"},"img":{"alt_text":"","src":"https:\/\/i0.wp.com\/lacantine.org\/\/uploads\/9\/opendatcamp_OKV5_R.png?resize=350%2C200","width":350,"height":200},"classes":[]}],"jetpack_sharing_enabled":true,"_links":{"self":[{"href":"https:\/\/blog-alexis.monville.com\/en\/wp-json\/wp\/v2\/posts\/558","targetHints":{"allow":["GET"]}}],"collection":[{"href":"https:\/\/blog-alexis.monville.com\/en\/wp-json\/wp\/v2\/posts"}],"about":[{"href":"https:\/\/blog-alexis.monville.com\/en\/wp-json\/wp\/v2\/types\/post"}],"author":[{"embeddable":true,"href":"https:\/\/blog-alexis.monville.com\/en\/wp-json\/wp\/v2\/users\/1"}],"replies":[{"embeddable":true,"href":"https:\/\/blog-alexis.monville.com\/en\/wp-json\/wp\/v2\/comments?post=558"}],"version-history":[{"count":0,"href":"https:\/\/blog-alexis.monville.com\/en\/wp-json\/wp\/v2\/posts\/558\/revisions"}],"wp:attachment":[{"href":"https:\/\/blog-alexis.monville.com\/en\/wp-json\/wp\/v2\/media?parent=558"}],"wp:term":[{"taxonomy":"category","embeddable":true,"href":"https:\/\/blog-alexis.monville.com\/en\/wp-json\/wp\/v2\/categories?post=558"},{"taxonomy":"post_tag","embeddable":true,"href":"https:\/\/blog-alexis.monville.com\/en\/wp-json\/wp\/v2\/tags?post=558"}],"curies":[{"name":"wp","href":"https:\/\/api.w.org\/{rel}","templated":true}]}}