{"id":539,"date":"2009-05-18T08:00:05","date_gmt":"2009-05-18T06:00:05","guid":{"rendered":"https:\/\/blog-alexis.monville.com\/?p=539"},"modified":"2009-05-18T08:00:05","modified_gmt":"2009-05-18T06:00:05","slug":"cybercriminalite","status":"publish","type":"post","link":"https:\/\/blog-alexis.monville.com\/en\/2009\/05\/18\/cybercriminalite\/","title":{"rendered":"CyberCriminalit\u00e9"},"content":{"rendered":"<p><span style=\"font-size: 10pt\"><span style=\"font-family: arial,helvetica,sans-serif\"><a href=\"http:\/\/www.fic2009.fr\/fr\/upload\/guide_pratique.pdf\"><img data-recalc-dims=\"1\" loading=\"lazy\" decoding=\"async\" data-attachment-id=\"542\" data-permalink=\"https:\/\/blog-alexis.monville.com\/en\/2009\/05\/18\/cybercriminalite\/guide-pratique-risque-numerique\/\" data-orig-file=\"https:\/\/i0.wp.com\/blog-alexis.monville.com\/en\/wp-content\/uploads\/sites\/2\/2009\/05\/guide-pratique-risque-numerique.png?fit=300%2C426&amp;ssl=1\" data-orig-size=\"300,426\" data-comments-opened=\"1\" data-image-meta=\"{&quot;aperture&quot;:&quot;0&quot;,&quot;credit&quot;:&quot;&quot;,&quot;camera&quot;:&quot;&quot;,&quot;caption&quot;:&quot;&quot;,&quot;created_timestamp&quot;:&quot;0&quot;,&quot;copyright&quot;:&quot;&quot;,&quot;focal_length&quot;:&quot;0&quot;,&quot;iso&quot;:&quot;0&quot;,&quot;shutter_speed&quot;:&quot;0&quot;,&quot;title&quot;:&quot;&quot;}\" data-image-title=\"guide-pratique-risque-numerique\" data-image-description=\"\" data-image-caption=\"\" data-large-file=\"https:\/\/i0.wp.com\/blog-alexis.monville.com\/en\/wp-content\/uploads\/sites\/2\/2009\/05\/guide-pratique-risque-numerique.png?fit=300%2C426&amp;ssl=1\" class=\"alignleft size-full wp-image-542\" src=\"https:\/\/i0.wp.com\/blog-alexis.monville.com\/wp-content\/uploads\/sites\/2\/2009\/05\/guide-pratique-risque-numerique.png?resize=300%2C426&#038;ssl=1\" alt=\"guide-pratique-risque-numerique\" width=\"300\" height=\"426\" srcset=\"https:\/\/i0.wp.com\/blog-alexis.monville.com\/en\/wp-content\/uploads\/sites\/2\/2009\/05\/guide-pratique-risque-numerique.png?w=300&amp;ssl=1 300w, https:\/\/i0.wp.com\/blog-alexis.monville.com\/en\/wp-content\/uploads\/sites\/2\/2009\/05\/guide-pratique-risque-numerique.png?resize=211%2C300&amp;ssl=1 211w\" sizes=\"auto, (max-width: 300px) 100vw, 300px\" \/><\/a>Le <a href=\"http:\/\/www.fic2009.fr\/fr\/upload\/guide_pratique.pdf\" target=\"_blank\">Guide pratique du chef d\u2019entreprise face au risque     num\u00e9rique<\/a> (Version du 24 mars 2009) a \u00e9t\u00e9 r\u00e9alis\u00e9 dans le cadre du 3eme forum international sur la cybercriminalit\u00e9.<\/span><\/span><\/p>\n<p><span style=\"font-size: 10pt\"><span style=\"font-family: arial,helvetica,sans-serif\">Un document int\u00e9ressant et bien con\u00e7u.<\/span><\/span><\/p>\n<p><span style=\"font-size: 10pt\"><span style=\"font-family: arial,helvetica,sans-serif\">Il ne reste plus qu&#8217;\u00e0 \u00e9crire le guide pratique du chef d&#8217;entreprise et les opportunit\u00e9s du num\u00e9rique ! Un job pour les <a href=\"http:\/\/explorateursduweb.com\" target=\"_blank\">Explorateurs du Web<\/a> ?<br \/>\n<\/span><\/span><\/p>\n<p><span style=\"font-size: 10pt\"><span style=\"font-family: arial,helvetica,sans-serif\"><br \/>\n<\/span><\/span><\/p>\n","protected":false},"excerpt":{"rendered":"<p>Le Guide pratique du chef d\u2019entreprise face au risque num\u00e9rique (Version du 24 mars 2009) a \u00e9t\u00e9 r\u00e9alis\u00e9 dans le cadre du 3eme forum international sur la cybercriminalit\u00e9. Un document int\u00e9ressant et bien con\u00e7u. Il ne reste plus qu&#8217;\u00e0 \u00e9crire le guide pratique du chef d&#8217;entreprise et les opportunit\u00e9s du num\u00e9rique ! Un job pour [&hellip;]<\/p>\n","protected":false},"author":1,"featured_media":0,"comment_status":"open","ping_status":"open","sticky":false,"template":"","format":"standard","meta":{"advanced_seo_description":"","jetpack_seo_html_title":"","jetpack_seo_noindex":false,"jetpack_post_was_ever_published":false,"_jetpack_newsletter_access":"","_jetpack_dont_email_post_to_subs":false,"_jetpack_newsletter_tier_id":0,"_jetpack_memberships_contains_paywalled_content":false,"_jetpack_memberships_contains_paid_content":false,"footnotes":""},"categories":[5],"tags":[444],"class_list":["post-539","post","type-post","status-publish","format-standard","hentry","category-explorateurs","tag-technologies"],"jetpack_featured_media_url":"","jetpack_shortlink":"https:\/\/wp.me\/paNjQG-8H","jetpack-related-posts":[{"id":384,"url":"https:\/\/blog-alexis.monville.com\/en\/2009\/02\/07\/les-explorateurs-du-web-sur-netexplorateurs\/","url_meta":{"origin":539,"position":0},"title":"Les Explorateurs du Web sur NetExplorateurs","author":"Alexis","date":"February 7, 2009","format":false,"excerpt":"Les Explorateurs du Web \u00e9taient pr\u00e9sents au forum NetExplorateurs organis\u00e9 au S\u00e9nat les 5 et 6 f\u00e9vrier 2009. NetExplorateurs a pour ambition de d\u00e9tecter les nouveaux usages du num\u00e9rique. Des rencontres passionnantes et un programme relev\u00e9 (dont je n'ai malheureusement que peu profit\u00e9 !). Une bonne fa\u00e7on de s'interroger sur\u2026","rel":"","context":"In &quot;Explorateurs&quot;","block_context":{"text":"Explorateurs","link":"https:\/\/blog-alexis.monville.com\/en\/category\/explorateurs\/"},"img":{"alt_text":"netexplorateur1","src":"https:\/\/i0.wp.com\/blog-alexis.monville.com\/wp-content\/uploads\/sites\/2\/2009\/02\/netexplorateur1.gif?resize=350%2C200&ssl=1","width":350,"height":200},"classes":[]},{"id":502,"url":"https:\/\/blog-alexis.monville.com\/en\/2009\/04\/27\/travailleurs-du-web\/","url_meta":{"origin":539,"position":1},"title":"Travailleurs du Web","author":"Alexis","date":"April 27, 2009","format":false,"excerpt":"Le BarCamp des Travailleurs du Web s'est tenu ce samedi 25 avril au Comptoir G\u00e9n\u00e9ral (l'espace de conf\u00e9rence de La Ruche au 80 quai de Jemmapes \u00e0 Paris). Des rencontres passionnantes comme toujours dans ces rencontres qui s'auto-organisent (presque). De nombreux sujets abord\u00e9s : GTD, gestion de projet, statut des\u2026","rel":"","context":"In &quot;Explorateurs&quot;","block_context":{"text":"Explorateurs","link":"https:\/\/blog-alexis.monville.com\/en\/category\/explorateurs\/"},"img":{"alt_text":"tdw-camp09","src":"https:\/\/i0.wp.com\/blog-alexis.monville.com\/wp-content\/uploads\/sites\/2\/2009\/04\/tdw-camp09.jpg?resize=350%2C200&ssl=1","width":350,"height":200},"classes":[]},{"id":235,"url":"https:\/\/blog-alexis.monville.com\/en\/2008\/10\/20\/adapter-l%e2%80%99organisation-de-l%e2%80%99etat-aux-enjeux-du-numerique\/","url_meta":{"origin":539,"position":2},"title":"Adapter l\u2019organisation de l\u2019\u00c9tat aux enjeux du num\u00e9rique","author":"Alexis","date":"October 20, 2008","format":false,"excerpt":"Le plan num\u00e9rique 2012 est disponible en version pdf sur le site du jdd. 154 actions sont annonc\u00e9es aujourd'hui, celle-ci a particuli\u00e8rement retenue mon attention : Action n\u00b0144 : Regrouper au sein d\u2019une D\u00e9l\u00e9gation Nationale au Num\u00e9rique les moyens humains et financiers consacr\u00e9s de mani\u00e8re transversale au num\u00e9rique. Cette d\u00e9l\u00e9gation\u2026","rel":"","context":"In &quot;Explorateurs&quot;","block_context":{"text":"Explorateurs","link":"https:\/\/blog-alexis.monville.com\/en\/category\/explorateurs\/"},"img":{"alt_text":"","src":"","width":0,"height":0},"classes":[]},{"id":456,"url":"https:\/\/blog-alexis.monville.com\/en\/2009\/03\/24\/you-on-the-web\/","url_meta":{"origin":539,"position":3},"title":"You On The Web","author":"Alexis","date":"March 24, 2009","format":false,"excerpt":"You On The Web, ce sont les premi\u00e8res Rencontres sur l\u2019identit\u00e9 num\u00e9rique, l\u2019e-r\u00e9putation et le personal branding en r\u00e9gion Nord Pas de Calais. C'est un \u00e9v\u00e8nement est organis\u00e9 par Les Geemiks avec ESC Lille et ITEEM ce samedi 28 mars \u00e0 Lille. Plus d'information sur le site YouOnTheWeb.fr. Les Explorateurs\u2026","rel":"","context":"In &quot;Explorateurs&quot;","block_context":{"text":"Explorateurs","link":"https:\/\/blog-alexis.monville.com\/en\/category\/explorateurs\/"},"img":{"alt_text":"","src":"https:\/\/i0.wp.com\/youontheweb.fr\/wp-content\/uploads\/2009\/02\/cloudtag2-300x188.png?resize=350%2C200","width":350,"height":200},"classes":[]},{"id":513,"url":"https:\/\/blog-alexis.monville.com\/en\/2009\/05\/07\/les-explorateurs-du-web-2\/","url_meta":{"origin":539,"position":4},"title":"Les Explorateurs du Web","author":"Alexis","date":"May 7, 2009","format":false,"excerpt":"La premi\u00e8re r\u00e9union du nouveau Conseil d'Administration de l'association Les Explorateurs du Web s'est tenue hier soir \u00e0 La Ruche. La transition avec l'ancienne \u00e9quipe est en cours et sera finalis\u00e9e lors du rendez-vous des \"Pr\u00e9sidents\" planifi\u00e9 mardi 12 mai. Nous publierons \u00e0 suivre notre proposition de plan d'action pour\u2026","rel":"","context":"In &quot;Explorateurs&quot;","block_context":{"text":"Explorateurs","link":"https:\/\/blog-alexis.monville.com\/en\/category\/explorateurs\/"},"img":{"alt_text":"","src":"https:\/\/i0.wp.com\/explorateursduweb.com\/blog\/wp-content\/files\/explorateurs-du-web-150.gif?resize=350%2C200","width":350,"height":200},"classes":[]},{"id":851,"url":"https:\/\/blog-alexis.monville.com\/en\/2010\/06\/26\/forum-des-usages-cooperatifs\/","url_meta":{"origin":539,"position":5},"title":"Forum des usages coop\u00e9ratifs","author":"Alexis","date":"June 26, 2010","format":false,"excerpt":"Le 4\u00e8me Forum des usages coop\u00e9ratifs se d\u00e9roule \u00e0 Brest du 30 juin au 2 juillet. Une occasion d'innover et d'entreprendre ensemble avec ce Forum bien install\u00e9 dans le paysage. Le programme de se Forum\u00a0allie sur 3 jours :\u00a0des conf\u00e9rences qui cadrent des probl\u00e9matiques,\u00a0des sessions th\u00e9matiques, rencontres professionnelles ouvertes,\u00a0des ateliers\u2026","rel":"","context":"In &quot;Explorateurs&quot;","block_context":{"text":"Explorateurs","link":"https:\/\/blog-alexis.monville.com\/en\/category\/explorateurs\/"},"img":{"alt_text":"","src":"https:\/\/i0.wp.com\/forum-usages-cooperatifs.net\/images\/thumb\/d\/da\/Logo-p.jpg\/120px-Logo-p.jpg?resize=350%2C200","width":350,"height":200},"classes":[]}],"jetpack_sharing_enabled":true,"_links":{"self":[{"href":"https:\/\/blog-alexis.monville.com\/en\/wp-json\/wp\/v2\/posts\/539","targetHints":{"allow":["GET"]}}],"collection":[{"href":"https:\/\/blog-alexis.monville.com\/en\/wp-json\/wp\/v2\/posts"}],"about":[{"href":"https:\/\/blog-alexis.monville.com\/en\/wp-json\/wp\/v2\/types\/post"}],"author":[{"embeddable":true,"href":"https:\/\/blog-alexis.monville.com\/en\/wp-json\/wp\/v2\/users\/1"}],"replies":[{"embeddable":true,"href":"https:\/\/blog-alexis.monville.com\/en\/wp-json\/wp\/v2\/comments?post=539"}],"version-history":[{"count":0,"href":"https:\/\/blog-alexis.monville.com\/en\/wp-json\/wp\/v2\/posts\/539\/revisions"}],"wp:attachment":[{"href":"https:\/\/blog-alexis.monville.com\/en\/wp-json\/wp\/v2\/media?parent=539"}],"wp:term":[{"taxonomy":"category","embeddable":true,"href":"https:\/\/blog-alexis.monville.com\/en\/wp-json\/wp\/v2\/categories?post=539"},{"taxonomy":"post_tag","embeddable":true,"href":"https:\/\/blog-alexis.monville.com\/en\/wp-json\/wp\/v2\/tags?post=539"}],"curies":[{"name":"wp","href":"https:\/\/api.w.org\/{rel}","templated":true}]}}