{"id":531,"date":"2009-05-16T10:27:43","date_gmt":"2009-05-16T08:27:43","guid":{"rendered":"https:\/\/blog-alexis.monville.com\/?p=531"},"modified":"2009-05-16T10:27:43","modified_gmt":"2009-05-16T08:27:43","slug":"les-septs-habitudes-du-chef-de-projet","status":"publish","type":"post","link":"https:\/\/blog-alexis.monville.com\/en\/2009\/05\/16\/les-septs-habitudes-du-chef-de-projet\/","title":{"rendered":"Les septs habitudes du chef de projet"},"content":{"rendered":"<p><a href=\"http:\/\/www.strategy-interactive.com\/blog\/index.php\/2009\/05\/13\/286-2eme-7-habitudes-du-chef-de-projet-multimedia-efficace-illustrees\"><img data-recalc-dims=\"1\" loading=\"lazy\" decoding=\"async\" data-attachment-id=\"532\" data-permalink=\"https:\/\/blog-alexis.monville.com\/en\/2009\/05\/16\/les-septs-habitudes-du-chef-de-projet\/patricia-gallot-lavallee-habitudes-chef-de-projet\/\" data-orig-file=\"https:\/\/i0.wp.com\/blog-alexis.monville.com\/en\/wp-content\/uploads\/sites\/2\/2009\/05\/patricia-gallot-lavallee-habitudes-chef-de-projet.gif?fit=273%2C216&amp;ssl=1\" data-orig-size=\"273,216\" data-comments-opened=\"1\" data-image-meta=\"{&quot;aperture&quot;:&quot;0&quot;,&quot;credit&quot;:&quot;&quot;,&quot;camera&quot;:&quot;&quot;,&quot;caption&quot;:&quot;&quot;,&quot;created_timestamp&quot;:&quot;0&quot;,&quot;copyright&quot;:&quot;&quot;,&quot;focal_length&quot;:&quot;0&quot;,&quot;iso&quot;:&quot;0&quot;,&quot;shutter_speed&quot;:&quot;0&quot;,&quot;title&quot;:&quot;&quot;}\" data-image-title=\"patricia-gallot-lavallee-habitudes-chef-de-projet\" data-image-description=\"\" data-image-caption=\"\" data-large-file=\"https:\/\/i0.wp.com\/blog-alexis.monville.com\/en\/wp-content\/uploads\/sites\/2\/2009\/05\/patricia-gallot-lavallee-habitudes-chef-de-projet.gif?fit=273%2C216&amp;ssl=1\" class=\"alignleft size-full wp-image-532\" src=\"https:\/\/i0.wp.com\/blog-alexis.monville.com\/wp-content\/uploads\/sites\/2\/2009\/05\/patricia-gallot-lavallee-habitudes-chef-de-projet.gif?resize=273%2C216&#038;ssl=1\" alt=\"patricia-gallot-lavallee-habitudes-chef-de-projet\" width=\"273\" height=\"216\" \/><\/a>Je suis d\u00e9finitivement fan des illustrations de Patricia Gallot-Lavall\u00e9e !<\/p>\n<p>Je vous recommande bien sur de lire <a href=\"http:\/\/www.strategy-interactive.com\/blog\/index.php\/2009\/05\/13\/286-2eme-7-habitudes-du-chef-de-projet-multimedia-efficace-illustrees\" target=\"_blank\">la suite<\/a> de celle repr\u00e9sent\u00e9e ci-contre, et toutes <a href=\"http:\/\/www.strategy-interactive.com\/blog\/index.php\/Les-illustrations-du-mercredi\" target=\"_blank\">les illustrations du mercredi<\/a> !<\/p>\n","protected":false},"excerpt":{"rendered":"<p>Je suis d\u00e9finitivement fan des illustrations de Patricia Gallot-Lavall\u00e9e ! Je vous recommande bien sur de lire la suite de celle repr\u00e9sent\u00e9e ci-contre, et toutes les illustrations du mercredi !<\/p>\n","protected":false},"author":1,"featured_media":0,"comment_status":"open","ping_status":"open","sticky":false,"template":"","format":"standard","meta":{"advanced_seo_description":"","jetpack_seo_html_title":"","jetpack_seo_noindex":false,"jetpack_post_was_ever_published":false,"_jetpack_newsletter_access":"","_jetpack_dont_email_post_to_subs":false,"_jetpack_newsletter_tier_id":0,"_jetpack_memberships_contains_paywalled_content":false,"_jetpack_memberships_contains_paid_content":false,"footnotes":""},"categories":[1],"tags":[284],"class_list":["post-531","post","type-post","status-publish","format-standard","hentry","category-all","tag-management"],"jetpack_featured_media_url":"","jetpack_shortlink":"https:\/\/wp.me\/paNjQG-8z","jetpack-related-posts":[{"id":2013,"url":"https:\/\/blog-alexis.monville.com\/en\/2015\/02\/04\/management-3-0-workout\/","url_meta":{"origin":531,"position":0},"title":"Management 3.0 #Workout","author":"Alexis","date":"February 4, 2015","format":false,"excerpt":"Lorsque Claude Aubry a publi\u00e9 cet article \u00e0 propos du site du club de lecture de Toulouse, j\u2019avais d\u00e9j\u00e0 en projet l\u2019id\u00e9e de lancer un club de discussion. Je m\u2019\u00e9tais donc dis que c\u2019\u00e9tait une nouvelle bonne raison de le faire. La r\u00e9union du Klub de Toulouse se d\u00e9roulait lundi\u2026","rel":"","context":"In &quot;livre&quot;","block_context":{"text":"livre","link":"https:\/\/blog-alexis.monville.com\/en\/category\/livre\/"},"img":{"alt_text":"","src":"https:\/\/i0.wp.com\/blog-alexis.monville.com\/en\/wp-content\/uploads\/sites\/2\/2015\/02\/CIMG1384-scaled.jpg?fit=1200%2C900&ssl=1&resize=350%2C200","width":350,"height":200,"srcset":"https:\/\/i0.wp.com\/blog-alexis.monville.com\/en\/wp-content\/uploads\/sites\/2\/2015\/02\/CIMG1384-scaled.jpg?fit=1200%2C900&ssl=1&resize=350%2C200 1x, https:\/\/i0.wp.com\/blog-alexis.monville.com\/en\/wp-content\/uploads\/sites\/2\/2015\/02\/CIMG1384-scaled.jpg?fit=1200%2C900&ssl=1&resize=525%2C300 1.5x, https:\/\/i0.wp.com\/blog-alexis.monville.com\/en\/wp-content\/uploads\/sites\/2\/2015\/02\/CIMG1384-scaled.jpg?fit=1200%2C900&ssl=1&resize=700%2C400 2x, https:\/\/i0.wp.com\/blog-alexis.monville.com\/en\/wp-content\/uploads\/sites\/2\/2015\/02\/CIMG1384-scaled.jpg?fit=1200%2C900&ssl=1&resize=1050%2C600 3x"},"classes":[]},{"id":1884,"url":"https:\/\/blog-alexis.monville.com\/en\/2014\/06\/06\/etre-lentreprise-agile-de-demain\/","url_meta":{"origin":531,"position":1},"title":"Etre l&#8217;entreprise agile de demain","author":"Alexis","date":"June 6, 2014","format":false,"excerpt":"Ce jeudi 5 juin 2014, j'ai donn\u00e9 une conf\u00e9rence sur le th\u00e8me du management et de l'organisation, lors du ScrumWine\u00a0h\u00e9berg\u00e9 par Lectra. Pour illustrer mes propos, j'ai utilis\u00e9 le cas de eNovance une entreprise qui grandi en restant agile. Les retours sur la conf\u00e9rence \u00e9taient excellents et je remercie tout\u2026","rel":"","context":"In &quot;Interventions&quot;","block_context":{"text":"Interventions","link":"https:\/\/blog-alexis.monville.com\/en\/category\/interventions\/"},"img":{"alt_text":"","src":"https:\/\/i0.wp.com\/blog-alexis.monville.com\/en\/wp-content\/uploads\/sites\/2\/2014\/06\/BpZIUdKIQAEzYlv.jpg?fit=960%2C720&ssl=1&resize=350%2C200","width":350,"height":200,"srcset":"https:\/\/i0.wp.com\/blog-alexis.monville.com\/en\/wp-content\/uploads\/sites\/2\/2014\/06\/BpZIUdKIQAEzYlv.jpg?fit=960%2C720&ssl=1&resize=350%2C200 1x, https:\/\/i0.wp.com\/blog-alexis.monville.com\/en\/wp-content\/uploads\/sites\/2\/2014\/06\/BpZIUdKIQAEzYlv.jpg?fit=960%2C720&ssl=1&resize=525%2C300 1.5x, https:\/\/i0.wp.com\/blog-alexis.monville.com\/en\/wp-content\/uploads\/sites\/2\/2014\/06\/BpZIUdKIQAEzYlv.jpg?fit=960%2C720&ssl=1&resize=700%2C400 2x"},"classes":[]},{"id":662,"url":"https:\/\/blog-alexis.monville.com\/en\/2009\/10\/04\/conference-sur-le-facteur-humain\/","url_meta":{"origin":531,"position":2},"title":"Conf\u00e9rence sur le facteur humain","author":"Alexis","date":"October 4, 2009","format":false,"excerpt":"Je reprend ici un billet publi\u00e9 sur ayeba.fr. Ce vendredi 2 octobre 2009, de 14h \u00e0 16h, se d\u00e9roulait lors de l'OpenWorldForum, la conf\u00e9rence : \"le facteur humain... au coeur de l'industrie du logiciel libre\". Une conf\u00e9rence pour aborder le facteur humain au coeur du succ\u00e8s du logiciel libre !\u2026","rel":"","context":"In &quot;ayeba&quot;","block_context":{"text":"ayeba","link":"https:\/\/blog-alexis.monville.com\/en\/category\/ayeba\/"},"img":{"alt_text":"","src":"https:\/\/i0.wp.com\/farm3.static.flickr.com\/2440\/3979097399_d3d66d6cdb_m.jpg?resize=350%2C200","width":350,"height":200},"classes":[]},{"id":950,"url":"https:\/\/blog-alexis.monville.com\/en\/2010\/11\/17\/trio-laid\/","url_meta":{"origin":531,"position":3},"title":"Trio Laid","author":"Alexis","date":"November 17, 2010","format":false,"excerpt":"Cette illustration est celle de l'Album de d\u00e9mo du Trio Laid. Fantastique Trio Laid devrais-je dire ! Quel spectacle, quel jeu ! Je les ai d\u00e9couvert lors de l'anniversaire de l'ami Ivan (50 quand m\u00eame) et m\u00eame dans l'espace confin\u00e9 qui leur \u00e9tait r\u00e9serv\u00e9, les faciles cinquante que nous \u00e9tions\u2026","rel":"","context":"In &quot;musique&quot;","block_context":{"text":"musique","link":"https:\/\/blog-alexis.monville.com\/en\/category\/musique\/"},"img":{"alt_text":"","src":"https:\/\/i0.wp.com\/c2.ac-images.myspacecdn.com\/images02\/121\/l_65b8d47ed1c74f96bbefdb0c4950c819.jpg?resize=350%2C200","width":350,"height":200},"classes":[]},{"id":562,"url":"https:\/\/blog-alexis.monville.com\/en\/2009\/05\/22\/xn-extreme-networking-par-cedric-ringenbach\/","url_meta":{"origin":531,"position":4},"title":"XN : Extreme Networking par C\u00e9dric Ringenbach","author":"Alexis","date":"May 22, 2009","format":false,"excerpt":"C\u00e9dric Rigenbach propose l'Extreme Networking un concept inspir\u00e9 de l'Extreme programming. Je me suis d'ailleurs inspir\u00e9 du logo de cette m\u00e9thode agile pour le logo XN illustrant cet article et comme le concept propos\u00e9 par C\u00e9dric, je diffuse sous licence Creative Commons (voir en pied de page !). Qu'est-ce que\u2026","rel":"","context":"In &quot;Explorateurs&quot;","block_context":{"text":"Explorateurs","link":"https:\/\/blog-alexis.monville.com\/en\/category\/explorateurs\/"},"img":{"alt_text":"extreme-networking","src":"https:\/\/i0.wp.com\/blog-alexis.monville.com\/wp-content\/uploads\/sites\/2\/2009\/05\/extreme-networking.gif?resize=350%2C200&ssl=1","width":350,"height":200},"classes":[]},{"id":124,"url":"https:\/\/blog-alexis.monville.com\/en\/2008\/08\/26\/echec-ou-changement-concerte\/","url_meta":{"origin":531,"position":5},"title":"Echec ou changement concert\u00e9 ?","author":"Alexis","date":"August 26, 2008","format":false,"excerpt":"Je viens de d\u00e9couvrir le livre vert de l\u2019APRAT[1] publi\u00e9 au d\u00e9but de l\u2019ann\u00e9e 2008 et intitul\u00e9 : \u00ab R\u00e9forme de la sph\u00e8re publique : \u00e9chec ou changement concert\u00e9 ? \u00bb. Le titre laisse entrevoir un ton direct et c\u2019est bien le cas pour ce livre vert de 21 pages.\u2026","rel":"","context":"In &quot;General&quot;","block_context":{"text":"General","link":"https:\/\/blog-alexis.monville.com\/en\/category\/all\/"},"img":{"alt_text":"","src":"","width":0,"height":0},"classes":[]}],"jetpack_sharing_enabled":true,"_links":{"self":[{"href":"https:\/\/blog-alexis.monville.com\/en\/wp-json\/wp\/v2\/posts\/531","targetHints":{"allow":["GET"]}}],"collection":[{"href":"https:\/\/blog-alexis.monville.com\/en\/wp-json\/wp\/v2\/posts"}],"about":[{"href":"https:\/\/blog-alexis.monville.com\/en\/wp-json\/wp\/v2\/types\/post"}],"author":[{"embeddable":true,"href":"https:\/\/blog-alexis.monville.com\/en\/wp-json\/wp\/v2\/users\/1"}],"replies":[{"embeddable":true,"href":"https:\/\/blog-alexis.monville.com\/en\/wp-json\/wp\/v2\/comments?post=531"}],"version-history":[{"count":0,"href":"https:\/\/blog-alexis.monville.com\/en\/wp-json\/wp\/v2\/posts\/531\/revisions"}],"wp:attachment":[{"href":"https:\/\/blog-alexis.monville.com\/en\/wp-json\/wp\/v2\/media?parent=531"}],"wp:term":[{"taxonomy":"category","embeddable":true,"href":"https:\/\/blog-alexis.monville.com\/en\/wp-json\/wp\/v2\/categories?post=531"},{"taxonomy":"post_tag","embeddable":true,"href":"https:\/\/blog-alexis.monville.com\/en\/wp-json\/wp\/v2\/tags?post=531"}],"curies":[{"name":"wp","href":"https:\/\/api.w.org\/{rel}","templated":true}]}}