{"id":53,"date":"2007-03-01T07:40:16","date_gmt":"2007-03-01T06:40:16","guid":{"rendered":"http:\/\/alexismonville.wordpress.com\/2007\/03\/01\/eu-german-presidency-advancing-egovernment\/"},"modified":"2007-03-01T07:40:16","modified_gmt":"2007-03-01T06:40:16","slug":"eu-german-presidency-advancing-egovernment","status":"publish","type":"post","link":"https:\/\/blog-alexis.monville.com\/en\/2007\/03\/01\/eu-german-presidency-advancing-egovernment\/","title":{"rendered":"EU German Presidency &#8211; Advancing egovernment"},"content":{"rendered":"<p><img data-recalc-dims=\"1\" decoding=\"async\" src=\"https:\/\/i0.wp.com\/www.bmi.bund.de\/cln_012\/nn_122688\/Internet\/Content\/Common\/Bilder\/EU20007__Bilder\/Advancing__E__Government__weiss__en%2CtemplateId%3DrawScaled%2Cproperty%3Dposter%2Cheight%3D130%2Cwidth%3D176.gif\" align=\"left\" \/>1er mars, journ\u00e9e sur l&#8217;administration \u00e9lectronique organis\u00e9e par la pr\u00e9sidence allemande \u00e0 Berlin. La journ\u00e9e a d\u00e9but\u00e9 par l&#8217;intervention du DSI du minist\u00e8re de l&#8217;int\u00e9rieur, Martin Schallbruch, puis les interventions :<\/p>\n<ul>\n<li>Dr. Wolfgang Sch\u00e4uble, Federal Minister, Federal Ministry of the Interior<\/li>\n<li>Viviane Reding, EU Commissioner for Information Society and Media<\/li>\n<li>Thierry Stoll, Deputy Director-General, DG Internal Market and Services<\/li>\n<li>Hermann-Josef Lamberti, Member of the Management Board of Deutsche Bank<\/li>\n<\/ul>\n<p>S\u00e9paration de la d\u00e9l\u00e9gation en quatre pour suivre :<\/p>\n<ul>\n<li>Point d&#8217;avancement du plan d&#8217;action europ\u00e9en i2010<\/li>\n<li>Formats de document ouvert<\/li>\n<li>Identit\u00e9 \u00e9lectronique<\/li>\n<li>Pr\u00e9sentation des strat\u00e9gies d&#8217;Administration \u00e9lectronique de quelques \u00e9tats membres<\/li>\n<\/ul>\n<p>Les conclusions de la pr\u00e9sidence allemande sont disponibles <a href=\"http:\/\/www.bmi.bund.de\/Internet\/Content\/Common\/Anlagen\/Themen\/Europa__Internationales\/Veranstaltungen\/Conclusions_20of_20the_20Presidency__01030,templateId=raw,property=publicationFile.pdf\/Conclusions%20of%20the%20Presidency_01030.pdf\" title=\"Conclusions of the Presidency\" target=\"_blank\">ici<\/a>, rendez-vous a \u00e9t\u00e9 pris pour mesurer l&#8217;avancement lors de la conf\u00e9rence minist\u00e9rielle de Lisbone du 19 au 21 septembre 2007.<\/p>\n","protected":false},"excerpt":{"rendered":"<p>1er mars, journ\u00e9e sur l&#8217;administration \u00e9lectronique organis\u00e9e par la pr\u00e9sidence allemande \u00e0 Berlin. La journ\u00e9e a d\u00e9but\u00e9 par l&#8217;intervention du DSI du minist\u00e8re de l&#8217;int\u00e9rieur, Martin Schallbruch, puis les interventions : Dr. Wolfgang Sch\u00e4uble, Federal Minister, Federal Ministry of the Interior Viviane Reding, EU Commissioner for Information Society and Media Thierry Stoll, Deputy Director-General, DG [&hellip;]<\/p>\n","protected":false},"author":1,"featured_media":0,"comment_status":"open","ping_status":"open","sticky":false,"template":"","format":"standard","meta":{"advanced_seo_description":"","jetpack_seo_html_title":"","jetpack_seo_noindex":false,"jetpack_post_was_ever_published":false,"_jetpack_newsletter_access":"","_jetpack_dont_email_post_to_subs":false,"_jetpack_newsletter_tier_id":0,"_jetpack_memberships_contains_paywalled_content":false,"_jetpack_memberships_contains_paid_content":false,"footnotes":""},"categories":[12,7],"tags":[],"class_list":["post-53","post","type-post","status-publish","format-standard","hentry","category-europe","category-international"],"jetpack_featured_media_url":"","jetpack_shortlink":"https:\/\/wp.me\/paNjQG-R","jetpack-related-posts":[{"id":31,"url":"https:\/\/blog-alexis.monville.com\/en\/2006\/10\/12\/journee-e-entreprises\/","url_meta":{"origin":53,"position":0},"title":"Journ\u00e9e e-entreprises","author":"Alexis","date":"October 12, 2006","format":false,"excerpt":"Intervention \u00e0 la journ\u00e9e e-entreprises organis\u00e9e par la CCI du Loiret sur le th\u00e8me du d\u00e9veloppement de l'administration \u00e9lectronique, des standards ouverts et des logiciels libres, une occasion d'avoir des retours des acteurs du \"terrain\" services d\u00e9concentr\u00e9s ou secteur sant\u00e9 social et bien sur de faire connaitre Synergies !!","rel":"","context":"In &quot;Interventions&quot;","block_context":{"text":"Interventions","link":"https:\/\/blog-alexis.monville.com\/en\/category\/interventions\/"},"img":{"alt_text":"","src":"","width":0,"height":0},"classes":[]},{"id":15,"url":"https:\/\/blog-alexis.monville.com\/en\/2006\/05\/17\/enact-nancy-schema-directeur-administration-electronique\/","url_meta":{"origin":53,"position":1},"title":"ENACT Nancy &#8211; Sch\u00e9ma Directeur Administration Electronique","author":"Alexis","date":"May 17, 2006","format":false,"excerpt":"Invit\u00e9 \u00e0 d\u00e9vlivrer 2 jours de formation (16 et 17 mai 2006) sur la construction d'un Sch\u00e9ma Directeur Administration Electronique \u00e0 l'ENACT de Nancy , j'ai pr\u00e9sent\u00e9 la m\u00e9thodologie d'\u00e9laboration g\u00e9n\u00e9rale et coordonn\u00e9 les interventions de trois autres intervenants : Bruno Jacquemin, Directeur G\u00e9n\u00e9ral de la CCI du Loiret, R\u00e9mi\u2026","rel":"","context":"In &quot;Interventions&quot;","block_context":{"text":"Interventions","link":"https:\/\/blog-alexis.monville.com\/en\/category\/interventions\/"},"img":{"alt_text":"","src":"","width":0,"height":0},"classes":[]},{"id":70,"url":"https:\/\/blog-alexis.monville.com\/en\/2007\/06\/26\/schema-directeur-administration-electronique-2006-2010\/","url_meta":{"origin":53,"position":2},"title":"Sch\u00e9ma directeur administration \u00e9lectronique 2006-2010","author":"Alexis","date":"June 26, 2007","format":false,"excerpt":"La version b\u00e9ta2 du sch\u00e9ma directeur administration \u00e9lectronique 2006-2010 vient d'\u00eatre publi\u00e9e. Cette version int\u00e8gre les retours des partenaires sur les parties g\u00e9n\u00e9rales, les travaux sur les indicateurs et les mises \u00e0 jour des Initiatives seront int\u00e9gr\u00e9s dans la version pr\u00e9vue pour le mois de septembre. A d\u00e9couvrir sur Synergies\u2026","rel":"","context":"In &quot;General&quot;","block_context":{"text":"General","link":"https:\/\/blog-alexis.monville.com\/en\/category\/all\/"},"img":{"alt_text":"","src":"","width":0,"height":0},"classes":[]},{"id":483,"url":"https:\/\/blog-alexis.monville.com\/en\/2009\/04\/09\/solutionslinux-administration-electronique-libre\/","url_meta":{"origin":53,"position":3},"title":"Administration \u00e9lectronique libre","author":"Alexis","date":"April 9, 2009","format":false,"excerpt":"Cet article pour remercier chaleureusement les orateurs et les auditeurs des conf\u00e9rences \"administration \u00e9lectronique libre\" qui se sont tenus le 1er avril sur le Salon Solutions Linux. Je viens de publier les pr\u00e9sentations sur SlideShare, vous trouverez les liens ci-dessous : Pr@tic, plate-forme de t\u00e9l\u00e9services libre du Centre de Gestion\u2026","rel":"","context":"In &quot;Explorateurs&quot;","block_context":{"text":"Explorateurs","link":"https:\/\/blog-alexis.monville.com\/en\/category\/explorateurs\/"},"img":{"alt_text":"","src":"https:\/\/i0.wp.com\/www.solutionslinux.fr\/images\/index_07.jpg?resize=350%2C200","width":350,"height":200},"classes":[]},{"id":56,"url":"https:\/\/blog-alexis.monville.com\/en\/2007\/05\/13\/enact-nancy-schema-directeur-administration-electronique-2\/","url_meta":{"origin":53,"position":4},"title":"ENACT Nancy &#8211; Sch\u00e9ma directeur administration \u00e9lectronique","author":"Alexis","date":"May 13, 2007","format":false,"excerpt":"Deuxi\u00e8me session de formation (10 et 11 mai 2007) sur l'\u00e9laboration d'un sch\u00e9ma directeur administration \u00e9lectronique que j'ai coordonn\u00e9 pour l'ENACT de Nancy. Trois intervenants compl\u00e8tent la session de leurs retours d'exp\u00e9riences : Bruno Jacquemin, Directeur G\u00e9n\u00e9ral de la CCI du Loiret, R\u00e9mi Heim, DSI du Conseil G\u00e9n\u00e9ral du Bas-Rhin,\u2026","rel":"","context":"In &quot;Interventions&quot;","block_context":{"text":"Interventions","link":"https:\/\/blog-alexis.monville.com\/en\/category\/interventions\/"},"img":{"alt_text":"","src":"","width":0,"height":0},"classes":[]},{"id":72,"url":"https:\/\/blog-alexis.monville.com\/en\/2007\/09\/06\/l%e2%80%99administration-electronique-levier-de-performance-des-politiques-publiques\/","url_meta":{"origin":53,"position":5},"title":"L\u2019administration \u00e9lectronique levier de performance des politiques publiques","author":"Alexis","date":"September 6, 2007","format":false,"excerpt":"La r\u00e9vision g\u00e9n\u00e9rale des politiques publiques, lanc\u00e9e le 10 juillet par le Premier ministre, a pour ambition de remettre \u00e0 plat l\u2019ensemble des missions de l\u2019\u00c9tat pour adapter les administrations aux besoins des citoyens. Le travail d'audit et d'\u00e9laboration de propositions se d\u00e9roule jusqu'en mai 2008, date \u00e0 laquelle le\u2026","rel":"","context":"In &quot;General&quot;","block_context":{"text":"General","link":"https:\/\/blog-alexis.monville.com\/en\/category\/all\/"},"img":{"alt_text":"","src":"","width":0,"height":0},"classes":[]}],"jetpack_sharing_enabled":true,"_links":{"self":[{"href":"https:\/\/blog-alexis.monville.com\/en\/wp-json\/wp\/v2\/posts\/53","targetHints":{"allow":["GET"]}}],"collection":[{"href":"https:\/\/blog-alexis.monville.com\/en\/wp-json\/wp\/v2\/posts"}],"about":[{"href":"https:\/\/blog-alexis.monville.com\/en\/wp-json\/wp\/v2\/types\/post"}],"author":[{"embeddable":true,"href":"https:\/\/blog-alexis.monville.com\/en\/wp-json\/wp\/v2\/users\/1"}],"replies":[{"embeddable":true,"href":"https:\/\/blog-alexis.monville.com\/en\/wp-json\/wp\/v2\/comments?post=53"}],"version-history":[{"count":0,"href":"https:\/\/blog-alexis.monville.com\/en\/wp-json\/wp\/v2\/posts\/53\/revisions"}],"wp:attachment":[{"href":"https:\/\/blog-alexis.monville.com\/en\/wp-json\/wp\/v2\/media?parent=53"}],"wp:term":[{"taxonomy":"category","embeddable":true,"href":"https:\/\/blog-alexis.monville.com\/en\/wp-json\/wp\/v2\/categories?post=53"},{"taxonomy":"post_tag","embeddable":true,"href":"https:\/\/blog-alexis.monville.com\/en\/wp-json\/wp\/v2\/tags?post=53"}],"curies":[{"name":"wp","href":"https:\/\/api.w.org\/{rel}","templated":true}]}}