{"id":524,"date":"2009-05-15T19:36:58","date_gmt":"2009-05-15T17:36:58","guid":{"rendered":"https:\/\/blog-alexis.monville.com\/?p=524"},"modified":"2009-05-15T19:36:58","modified_gmt":"2009-05-15T17:36:58","slug":"openday-jaspersoft","status":"publish","type":"post","link":"https:\/\/blog-alexis.monville.com\/en\/2009\/05\/15\/openday-jaspersoft\/","title":{"rendered":"OpenDay JasperSoft"},"content":{"rendered":"<p><a href=\"http:\/\/www.openday.fr\/2009\/04\/openday-jaspersoft\/\" target=\"_blank\"><img data-recalc-dims=\"1\" loading=\"lazy\" decoding=\"async\" class=\"alignleft\" style=\"margin: 10px\" src=\"https:\/\/i0.wp.com\/www.openday.fr\/wp-content\/themes\/OpenDay\/images\/logo-openday.png?resize=319%2C75\" alt=\"\" width=\"319\" height=\"75\" \/><\/a><\/p>\n<p>L&#8217;\u00e9dition du 14 mai de l&#8217;<a href=\"http:\/\/www.openday.fr\/2009\/04\/openday-jaspersoft\/\" target=\"_blank\">OpenDay<\/a> \u00e9tait consacr\u00e9e \u00e0 JasperReport.<\/p>\n<p>Marc Salli\u00e8re (ALTIC) pr\u00e9sentait sa vision du reporting d&#8217;entreprise :<\/p>\n<ol>\n<li>Communiquer : documents commerciaux<\/li>\n<li>Analyser : analyser l&#8217;activit\u00e9 de l&#8217;entreprise \u00e0 partir de rapports \u00a0pr\u00e9d\u00e9finis, de cube de donn\u00e9es<\/li>\n<li>Manipuler les donn\u00e9es : dans le cadre d&#8217;analyse ponctuelle<\/li>\n<\/ol>\n<p>Le reporting c&#8217;est aussi :<\/p>\n<ul>\n<li>le reporting op\u00e9rationnel : source unique li\u00e9 \u00e0 une application<\/li>\n<li>le reporting d\u00e9cisionnel : sources multiples, environnement consolid\u00e9<\/li>\n<\/ul>\n<p>Les motivations du choix de JasperSoft par Altic vont des hommes composants l&#8217;\u00e9quipe fondatrice, par la soci\u00e9t\u00e9 qui soutient l&#8217;offre (avec 9000 clients payants), \u00e0 la compl\u00e9tude de l&#8217;offre (int\u00e9grant des solutions opensource comme Mondrian et Talend).<\/p>\n<p><a href=\"http:\/\/altic.org\" target=\"_blank\">ALTIC<\/a> propose une offre comprenant de la formation, de l&#8217;accompagnement \u00e0 la mise en oeuvre de la solution, et du pilotage de projet. Une offre qui permet de convaincre de nombreux clients de passer \u00e0 une solution d\u00e9cisionnel opensource.<\/p>\n<p>Apr\u00e8s une pr\u00e9sentation commerciale de JasperSoft par Maria Willait.<\/p>\n<p>Teodor DANCIU, Fondateur et Architecte JasperReports, a pr\u00e9sent\u00e9 les \u00e9volutions de la solution, dont l&#8217;ajout des th\u00e8mes permettant de param\u00e8trer l&#8217;aspect de tous les graphiques en un \u00e9cran, les fonctionnalit\u00e9s d&#8217;embarquement des polices dans les rapports (afin d&#8217;assurer la stabilit\u00e9 de l&#8217;aspect quelque soit la plate-forme d&#8217;ex\u00e9cution). Il a pr\u00e9sent\u00e9 ensuite les prochaines \u00e9volutions de support d&#8217;autres librairies graphiques \u00e0 base de composants personalis\u00e9s&#8230;<\/p>\n<p>La seconde partie de l&#8217;OpenDay \u00e9tait consacr\u00e9e a des ateliers autour de cette suite d\u00e9cisionnelle (que j&#8217;ai rat\u00e9&#8230; et c&#8217;est bien dommage au vu de la qualit\u00e9 des intervenants).<\/p>\n<p><a href=\"http:\/\/www.openday.fr\/2009\/05\/openday-zimbra-le-travail-collaboratif\/\" target=\"_blank\">Prochain OpenDay : le 26 mai avec la solution de groupware Zimbra.<\/a><\/p>\n","protected":false},"excerpt":{"rendered":"<p>L&#8217;\u00e9dition du 14 mai de l&#8217;OpenDay \u00e9tait consacr\u00e9e \u00e0 JasperReport. Marc Salli\u00e8re (ALTIC) pr\u00e9sentait sa vision du reporting d&#8217;entreprise : Communiquer : documents commerciaux Analyser : analyser l&#8217;activit\u00e9 de l&#8217;entreprise \u00e0 partir de rapports \u00a0pr\u00e9d\u00e9finis, de cube de donn\u00e9es Manipuler les donn\u00e9es : dans le cadre d&#8217;analyse ponctuelle Le reporting c&#8217;est aussi : le reporting [&hellip;]<\/p>\n","protected":false},"author":1,"featured_media":0,"comment_status":"open","ping_status":"open","sticky":false,"template":"","format":"standard","meta":{"advanced_seo_description":"","jetpack_seo_html_title":"","jetpack_seo_noindex":false,"jetpack_post_was_ever_published":false,"_jetpack_newsletter_access":"","_jetpack_dont_email_post_to_subs":false,"_jetpack_newsletter_tier_id":0,"_jetpack_memberships_contains_paywalled_content":false,"_jetpack_memberships_contains_paid_content":false,"footnotes":""},"categories":[1],"tags":[276],"class_list":["post-524","post","type-post","status-publish","format-standard","hentry","category-all","tag-logiciel-libre"],"jetpack_featured_media_url":"","jetpack_shortlink":"https:\/\/wp.me\/paNjQG-8s","jetpack-related-posts":[{"id":866,"url":"https:\/\/blog-alexis.monville.com\/en\/2010\/07\/08\/ethique-du-numerique\/","url_meta":{"origin":524,"position":0},"title":"Ethique du num\u00e9rique","author":"Alexis","date":"July 8, 2010","format":false,"excerpt":"Ce mercredi 7 juillet, j'\u00e9tais invit\u00e9 (avec une bonne centaine d'autres) \u00e0 un atelier participatif : \"Qu'est-ce qu'une loi 2.0 ?\". Cette r\u00e9union \u00e9tait organis\u00e9e par les parlementaires UMP pour prolonger les travaux du rapport Vive internet ! Libert\u00e9 et r\u00e8gles dans le monde num\u00e9rique. La parole est donn\u00e9e sur\u2026","rel":"","context":"In &quot;General&quot;","block_context":{"text":"General","link":"https:\/\/blog-alexis.monville.com\/en\/category\/all\/"},"img":{"alt_text":"","src":"https:\/\/i0.wp.com\/blog-alexis.monville.com\/wp-content\/uploads\/sites\/2\/2010\/07\/Capture-d%E2%80%99%C3%A9cran-2010-07-08-%C3%A0-09.43.11.png?resize=350%2C200&ssl=1","width":350,"height":200},"classes":[]},{"id":119,"url":"https:\/\/blog-alexis.monville.com\/en\/2008\/08\/19\/de-linformation-a-la-decision\/","url_meta":{"origin":524,"position":1},"title":"de l&#8217;information \u00e0 la d\u00e9cision","author":"Alexis","date":"August 19, 2008","format":false,"excerpt":"Le 9 septembre 2008 se tiendra \u00e0 la cantine un s\u00e9minaire sur les solutions open source de business intelligence (on pourrait aussi dire les solutions d'informatique d\u00e9cisionnelle en logiciel libre). C'est \u00e0 dire les solutions qui permettent de passer des informations (d\u00e9tenues par toute organisation) \u00e0 la d\u00e9cision (\u00e9clair\u00e9e par\u2026","rel":"","context":"In &quot;General&quot;","block_context":{"text":"General","link":"https:\/\/blog-alexis.monville.com\/en\/category\/all\/"},"img":{"alt_text":"","src":"","width":0,"height":0},"classes":[]},{"id":98,"url":"https:\/\/blog-alexis.monville.com\/en\/2008\/06\/05\/donnees-personnelles-risques-et-opportunites\/","url_meta":{"origin":524,"position":2},"title":"Donn\u00e9es personnelles : risques et opportunit\u00e9s","author":"Alexis","date":"June 5, 2008","format":false,"excerpt":"Voici le th\u00e8me de cette table ronde organis\u00e9e par le Club S\u00e9nat anim\u00e9e par son Secr\u00e9taire g\u00e9n\u00e9ral adjoint Jean-R\u00e9mi GRATADOUR : Ma\u00eetre Alain BENSOUSSAN, avocat, Cabinet Bensoussan, auteur de \u00ab Informatique et libert\u00e9s \u00bb (Francis Lefebvre), commentera l'\u00e9volution juridique du concept de donn\u00e9es personnelles sur Internet. Monsieur J\u00e9r\u00f4me BOUTEILLER, r\u00e9dacteur\u2026","rel":"","context":"In &quot;General&quot;","block_context":{"text":"General","link":"https:\/\/blog-alexis.monville.com\/en\/category\/all\/"},"img":{"alt_text":"","src":"","width":0,"height":0},"classes":[]},{"id":688,"url":"https:\/\/blog-alexis.monville.com\/en\/2009\/11\/21\/acces-aux-donnees-publiques\/","url_meta":{"origin":524,"position":3},"title":"Acc\u00e8s aux donn\u00e9es publiques","author":"Alexis","date":"November 21, 2009","format":false,"excerpt":"La premi\u00e8re fois que j'ai vu\u00a0Hans Rossling d\u00e9voiler des statistiques extraordinaires lors d'une session TED, je me suis dit que \"nous\" tenions une d\u00e9monstration de l'int\u00e9r\u00eat de donner acc\u00e8s aux donn\u00e9es publiques afin que \"nous\" puissions tous les utiliser. Depuis, les choses ont \u00e9volu\u00e9es et de nombreux pays ont fait\u2026","rel":"","context":"In &quot;Interventions&quot;","block_context":{"text":"Interventions","link":"https:\/\/blog-alexis.monville.com\/en\/category\/interventions\/"},"img":{"alt_text":"","src":"https:\/\/i0.wp.com\/lacantine.org\/\/uploads\/9\/opendatcamp_OKV5_R.png?resize=350%2C200","width":350,"height":200},"classes":[]},{"id":912,"url":"https:\/\/blog-alexis.monville.com\/en\/2010\/10\/03\/turn-freedom-on\/","url_meta":{"origin":524,"position":4},"title":"Turn freedom on","author":"Alexis","date":"October 3, 2010","format":false,"excerpt":"Eben Moglen a donn\u00e9e la keynote de cloture de la premi\u00e8re journ\u00e9e de l'OpenWorldForum le 30 septembre 2010. La libert\u00e9 \u00e9tait le th\u00e8me principal de l'adresse d'Eben Moglen. La libert\u00e9 apport\u00e9e par les travaux du mouvement pour le logiciel libre qui a r\u00e9ussi \u00e0 mettre de la libert\u00e9 dans de\u2026","rel":"","context":"In &quot;International&quot;","block_context":{"text":"International","link":"https:\/\/blog-alexis.monville.com\/en\/category\/international\/"},"img":{"alt_text":"","src":"https:\/\/i0.wp.com\/blog-alexis.monville.com\/wp-content\/uploads\/sites\/2\/2010\/10\/gnu-social-logo.png?resize=350%2C200&ssl=1","width":350,"height":200},"classes":[]},{"id":483,"url":"https:\/\/blog-alexis.monville.com\/en\/2009\/04\/09\/solutionslinux-administration-electronique-libre\/","url_meta":{"origin":524,"position":5},"title":"Administration \u00e9lectronique libre","author":"Alexis","date":"April 9, 2009","format":false,"excerpt":"Cet article pour remercier chaleureusement les orateurs et les auditeurs des conf\u00e9rences \"administration \u00e9lectronique libre\" qui se sont tenus le 1er avril sur le Salon Solutions Linux. Je viens de publier les pr\u00e9sentations sur SlideShare, vous trouverez les liens ci-dessous : Pr@tic, plate-forme de t\u00e9l\u00e9services libre du Centre de Gestion\u2026","rel":"","context":"In &quot;Explorateurs&quot;","block_context":{"text":"Explorateurs","link":"https:\/\/blog-alexis.monville.com\/en\/category\/explorateurs\/"},"img":{"alt_text":"","src":"https:\/\/i0.wp.com\/www.solutionslinux.fr\/images\/index_07.jpg?resize=350%2C200","width":350,"height":200},"classes":[]}],"jetpack_sharing_enabled":true,"_links":{"self":[{"href":"https:\/\/blog-alexis.monville.com\/en\/wp-json\/wp\/v2\/posts\/524","targetHints":{"allow":["GET"]}}],"collection":[{"href":"https:\/\/blog-alexis.monville.com\/en\/wp-json\/wp\/v2\/posts"}],"about":[{"href":"https:\/\/blog-alexis.monville.com\/en\/wp-json\/wp\/v2\/types\/post"}],"author":[{"embeddable":true,"href":"https:\/\/blog-alexis.monville.com\/en\/wp-json\/wp\/v2\/users\/1"}],"replies":[{"embeddable":true,"href":"https:\/\/blog-alexis.monville.com\/en\/wp-json\/wp\/v2\/comments?post=524"}],"version-history":[{"count":0,"href":"https:\/\/blog-alexis.monville.com\/en\/wp-json\/wp\/v2\/posts\/524\/revisions"}],"wp:attachment":[{"href":"https:\/\/blog-alexis.monville.com\/en\/wp-json\/wp\/v2\/media?parent=524"}],"wp:term":[{"taxonomy":"category","embeddable":true,"href":"https:\/\/blog-alexis.monville.com\/en\/wp-json\/wp\/v2\/categories?post=524"},{"taxonomy":"post_tag","embeddable":true,"href":"https:\/\/blog-alexis.monville.com\/en\/wp-json\/wp\/v2\/tags?post=524"}],"curies":[{"name":"wp","href":"https:\/\/api.w.org\/{rel}","templated":true}]}}