{"id":52,"date":"2007-02-28T07:39:29","date_gmt":"2007-02-28T05:39:29","guid":{"rendered":"http:\/\/alexismonville.wordpress.com\/2007\/02\/28\/eu-german-presidency-odef-workshop\/"},"modified":"2007-02-28T07:39:29","modified_gmt":"2007-02-28T05:39:29","slug":"eu-german-presidency-odef-workshop","status":"publish","type":"post","link":"https:\/\/blog-alexis.monville.com\/en\/2007\/02\/28\/eu-german-presidency-odef-workshop\/","title":{"rendered":"EU German Presidency &#8211; ODEF Workshop"},"content":{"rendered":"<p><img decoding=\"async\" src=\"http:\/\/ec.europa.eu\/idabc\/servlets\/ImageServer?fuseAction=fetchImage&amp;id=25171&amp;width=174&amp;height=104\" align=\"left\" \/>Ce 28 f\u00e9vrier, j&#8217;ai particip\u00e9 \u00e0 l&#8217;atelier organis\u00e9 par <a href=\"http:\/\/ec.europa.eu\/idabc\/\" target=\"_blank\" title=\"IDABC\">IDABC<\/a> \u00e0 Berlin sur le th\u00e8me des formats  ouverts  de documents.<\/p>\n<p>La confrontation de points de vue entre les porteurs des deux formats s&#8217;opposant pour l&#8217;adoption par les pays membres \u00e9tait int\u00e9ressante. Jean Paoli de Microsoft avait la t\u00e2che difficile de d\u00e9fendre le format Open XML propos\u00e9 r\u00e9cemment \u00e0 la normalisation, tandis que Doug Heintzman d&#8217;IBM repr\u00e9sentait le format OpenDocument Format &#8211; ISO 26300 depuis mi-2005. Lors des diff\u00e9rents ateliers &#8211; r\u00e9serv\u00e9s aux repr\u00e9sentants du secteur public &#8211; la n\u00e9cessit\u00e9 de n&#8217;avoir qu&#8217;un seul standard ISO est apparue comme absolue.<\/p>\n<p>Aucun argument ne subsistant pour choisir un autre format que le format ODF<br \/>\napr\u00e8s les interventions des industriels, il est envisag\u00e9 de pousser ce choix dans les semaines \u00e0 venir pour une adoption g\u00e9n\u00e9ralis\u00e9e &#8211; Microsoft ayant la capacit\u00e9 autant technique que financi\u00e8re de s&#8217;adapter \u00e0 ce changement.<\/p>\n<p>Du cot\u00e9 des formats de document non r\u00e9visable la confirmation par Jim King de Adobe, de la soumission du format pdf \u00e0 l&#8217;ISO (et non pas seulement du PDF\/A qui est d\u00e9j\u00e0 un format ISO) \u00e9tait une excellente nouvelle.<\/p>\n","protected":false},"excerpt":{"rendered":"<p>Ce 28 f\u00e9vrier, j&#8217;ai particip\u00e9 \u00e0 l&#8217;atelier organis\u00e9 par IDABC \u00e0 Berlin sur le th\u00e8me des formats ouverts de documents. La confrontation de points de vue entre les porteurs des deux formats s&#8217;opposant pour l&#8217;adoption par les pays membres \u00e9tait int\u00e9ressante. Jean Paoli de Microsoft avait la t\u00e2che difficile de d\u00e9fendre le format Open XML [&hellip;]<\/p>\n","protected":false},"author":1,"featured_media":0,"comment_status":"open","ping_status":"open","sticky":false,"template":"","format":"standard","meta":{"advanced_seo_description":"","jetpack_seo_html_title":"","jetpack_seo_noindex":false,"jetpack_post_was_ever_published":false,"_jetpack_newsletter_access":"","_jetpack_dont_email_post_to_subs":false,"_jetpack_newsletter_tier_id":0,"_jetpack_memberships_contains_paywalled_content":false,"_jetpack_memberships_contains_paid_content":false,"footnotes":""},"categories":[12,7],"tags":[],"class_list":["post-52","post","type-post","status-publish","format-standard","hentry","category-europe","category-international"],"jetpack_featured_media_url":"","jetpack_shortlink":"https:\/\/wp.me\/paNjQG-Q","jetpack-related-posts":[{"id":55,"url":"https:\/\/blog-alexis.monville.com\/en\/2007\/03\/24\/de-lusage-du-mail\/","url_meta":{"origin":52,"position":0},"title":"de l\u2019usage du mail","author":"Alexis","date":"March 24, 2007","format":false,"excerpt":"Cet article est une \u00e9bauche que je compl\u00e9terai... Pour paraphraser une remarque \u00e9mise lors de l'invention du t\u00e9l\u00e9phone.... Le courrier \u00e9lectronique a tant de d\u00e9faut que l'on ne peut le consid\u00e9rer comme un outil de communication. Le courriel est le service le plus utilis\u00e9 aujourd'hui sur Internet, l'usage continue de\u2026","rel":"","context":"In &quot;General&quot;","block_context":{"text":"General","link":"https:\/\/blog-alexis.monville.com\/en\/category\/all\/"},"img":{"alt_text":"","src":"","width":0,"height":0},"classes":[]},{"id":936,"url":"https:\/\/blog-alexis.monville.com\/en\/2010\/11\/14\/tva-revenu-universel\/","url_meta":{"origin":52,"position":1},"title":"TVA \u00e0 100% ?","author":"Alexis","date":"November 14, 2010","format":false,"excerpt":"Avec un produit int\u00e9rieur brut d'environ 2000 milliards d'euros et un budget cumul\u00e9 de l'Etat, des collectivit\u00e9s territoriales et des comptes sociaux d'environ 1000 milliards d'euros, c'est en effet \u00e0 100% qu'il faudrait fixer le taux de TVA afin de faire de cette taxe le seul imp\u00f4t pr\u00e9lev\u00e9 en France.\u2026","rel":"","context":"In &quot;Explorateurs&quot;","block_context":{"text":"Explorateurs","link":"https:\/\/blog-alexis.monville.com\/en\/category\/explorateurs\/"},"img":{"alt_text":"","src":"https:\/\/i0.wp.com\/blog-alexis.monville.com\/wp-content\/uploads\/sites\/2\/2010\/11\/piece-euro.png?resize=350%2C200&ssl=1","width":350,"height":200},"classes":[]},{"id":1835,"url":"https:\/\/blog-alexis.monville.com\/en\/2014\/04\/23\/vends-moi-ce-stylo\/","url_meta":{"origin":52,"position":2},"title":"Vends moi ce stylo","author":"Alexis","date":"April 23, 2014","format":false,"excerpt":"L'image d'illustration de cet article est tir\u00e9e du Loup de Wall Street. Je ne suis pas un grand fan de ce film. J'imagine que le message du film pouvait passer sans n\u00e9cessiter de recourir \u00e0 des sc\u00e8nes d'orgies, mais je me trompe peut-\u00eatre. L'objet de l'article n'est pas de faire\u2026","rel":"","context":"In &quot;General&quot;","block_context":{"text":"General","link":"https:\/\/blog-alexis.monville.com\/en\/category\/all\/"},"img":{"alt_text":"","src":"https:\/\/i0.wp.com\/blog-alexis.monville.com\/en\/wp-content\/uploads\/sites\/2\/2014\/04\/le-loup-de-wall-street-the-wolf-of-wall-street-25-12-2013-6-g.jpg?fit=1200%2C498&ssl=1&resize=350%2C200","width":350,"height":200,"srcset":"https:\/\/i0.wp.com\/blog-alexis.monville.com\/en\/wp-content\/uploads\/sites\/2\/2014\/04\/le-loup-de-wall-street-the-wolf-of-wall-street-25-12-2013-6-g.jpg?fit=1200%2C498&ssl=1&resize=350%2C200 1x, https:\/\/i0.wp.com\/blog-alexis.monville.com\/en\/wp-content\/uploads\/sites\/2\/2014\/04\/le-loup-de-wall-street-the-wolf-of-wall-street-25-12-2013-6-g.jpg?fit=1200%2C498&ssl=1&resize=525%2C300 1.5x, https:\/\/i0.wp.com\/blog-alexis.monville.com\/en\/wp-content\/uploads\/sites\/2\/2014\/04\/le-loup-de-wall-street-the-wolf-of-wall-street-25-12-2013-6-g.jpg?fit=1200%2C498&ssl=1&resize=700%2C400 2x, https:\/\/i0.wp.com\/blog-alexis.monville.com\/en\/wp-content\/uploads\/sites\/2\/2014\/04\/le-loup-de-wall-street-the-wolf-of-wall-street-25-12-2013-6-g.jpg?fit=1200%2C498&ssl=1&resize=1050%2C600 3x"},"classes":[]},{"id":223,"url":"https:\/\/blog-alexis.monville.com\/en\/2008\/10\/16\/competences-distribuees\/","url_meta":{"origin":52,"position":3},"title":"Comp\u00e9tences distribu\u00e9es ?","author":"Alexis","date":"October 16, 2008","format":false,"excerpt":"Les propositions d\u2019optimisation des organisations reposent souvent sur un regroupement des comp\u00e9tences au sein de centre de service agissant pour le compte de l\u2019ensemble de l\u2019organisation. L\u2019atteinte de la \u00ab\u00a0taille critique\u00a0\u00bb pour conduire une activit\u00e9 est le principal argument utilis\u00e9 pour justifier cette proposition. Cette taille permettant de se doter\u2026","rel":"","context":"In &quot;General&quot;","block_context":{"text":"General","link":"https:\/\/blog-alexis.monville.com\/en\/category\/all\/"},"img":{"alt_text":"","src":"","width":0,"height":0},"classes":[]},{"id":1934,"url":"https:\/\/blog-alexis.monville.com\/en\/2014\/08\/20\/ale-2014-premier-jour\/","url_meta":{"origin":52,"position":4},"title":"ALE 2014 &#8211; premier jour","author":"Alexis","date":"August 20, 2014","format":false,"excerpt":"Ce premier jour de la non-conf\u00e9rence 2014 du r\u00e9seau ALE (Agile Lean Europe) \u00e9tait particuli\u00e8rement riche ! Une richesse que je ne fais qu'effleurer dans ce compte-rendu rapide. Le programme est un mix entre des sessions pr\u00e9par\u00e9es et s\u00e9lectionn\u00e9es par les participants du sofa \"programme\" et un open space (pour\u2026","rel":"","context":"In &quot;Europe&quot;","block_context":{"text":"Europe","link":"https:\/\/blog-alexis.monville.com\/en\/category\/international\/europe\/"},"img":{"alt_text":"","src":"https:\/\/i0.wp.com\/blog-alexis.monville.com\/en\/wp-content\/uploads\/sites\/2\/2014\/08\/2014-08-20-09.28.05-scaled.jpg?fit=1200%2C900&ssl=1&resize=350%2C200","width":350,"height":200,"srcset":"https:\/\/i0.wp.com\/blog-alexis.monville.com\/en\/wp-content\/uploads\/sites\/2\/2014\/08\/2014-08-20-09.28.05-scaled.jpg?fit=1200%2C900&ssl=1&resize=350%2C200 1x, https:\/\/i0.wp.com\/blog-alexis.monville.com\/en\/wp-content\/uploads\/sites\/2\/2014\/08\/2014-08-20-09.28.05-scaled.jpg?fit=1200%2C900&ssl=1&resize=525%2C300 1.5x, https:\/\/i0.wp.com\/blog-alexis.monville.com\/en\/wp-content\/uploads\/sites\/2\/2014\/08\/2014-08-20-09.28.05-scaled.jpg?fit=1200%2C900&ssl=1&resize=700%2C400 2x, https:\/\/i0.wp.com\/blog-alexis.monville.com\/en\/wp-content\/uploads\/sites\/2\/2014\/08\/2014-08-20-09.28.05-scaled.jpg?fit=1200%2C900&ssl=1&resize=1050%2C600 3x"},"classes":[]},{"id":1122,"url":"https:\/\/blog-alexis.monville.com\/en\/2011\/06\/13\/les-indignes\/","url_meta":{"origin":52,"position":5},"title":"Les indign\u00e9s","author":"Alexis","date":"June 13, 2011","format":false,"excerpt":"A l'heure ou les indign\u00e9s quittent la place qu'ils avaient investis depuis le 15 mai \u00e0 Madrid, je reviens sur la revendication qui m'a le plus surpris : Nous voulons la d\u00e9mocratie Surpris, car ce que nous avions commun\u00e9ment admis comme des revendications de d\u00e9mocratie pour la Tunisie, l'Egypte, la\u2026","rel":"","context":"In &quot;General&quot;","block_context":{"text":"General","link":"https:\/\/blog-alexis.monville.com\/en\/category\/all\/"},"img":{"alt_text":"","src":"","width":0,"height":0},"classes":[]}],"jetpack_sharing_enabled":true,"_links":{"self":[{"href":"https:\/\/blog-alexis.monville.com\/en\/wp-json\/wp\/v2\/posts\/52","targetHints":{"allow":["GET"]}}],"collection":[{"href":"https:\/\/blog-alexis.monville.com\/en\/wp-json\/wp\/v2\/posts"}],"about":[{"href":"https:\/\/blog-alexis.monville.com\/en\/wp-json\/wp\/v2\/types\/post"}],"author":[{"embeddable":true,"href":"https:\/\/blog-alexis.monville.com\/en\/wp-json\/wp\/v2\/users\/1"}],"replies":[{"embeddable":true,"href":"https:\/\/blog-alexis.monville.com\/en\/wp-json\/wp\/v2\/comments?post=52"}],"version-history":[{"count":0,"href":"https:\/\/blog-alexis.monville.com\/en\/wp-json\/wp\/v2\/posts\/52\/revisions"}],"wp:attachment":[{"href":"https:\/\/blog-alexis.monville.com\/en\/wp-json\/wp\/v2\/media?parent=52"}],"wp:term":[{"taxonomy":"category","embeddable":true,"href":"https:\/\/blog-alexis.monville.com\/en\/wp-json\/wp\/v2\/categories?post=52"},{"taxonomy":"post_tag","embeddable":true,"href":"https:\/\/blog-alexis.monville.com\/en\/wp-json\/wp\/v2\/tags?post=52"}],"curies":[{"name":"wp","href":"https:\/\/api.w.org\/{rel}","templated":true}]}}