{"id":513,"date":"2009-05-07T11:07:24","date_gmt":"2009-05-07T09:07:24","guid":{"rendered":"https:\/\/blog-alexis.monville.com\/?p=513"},"modified":"2009-05-07T11:07:24","modified_gmt":"2009-05-07T09:07:24","slug":"les-explorateurs-du-web-2","status":"publish","type":"post","link":"https:\/\/blog-alexis.monville.com\/en\/2009\/05\/07\/les-explorateurs-du-web-2\/","title":{"rendered":"Les Explorateurs du Web"},"content":{"rendered":"<p><a href=\"http:\/\/explorateursduweb.com\/blog\/about\"><img data-recalc-dims=\"1\" loading=\"lazy\" decoding=\"async\" class=\"alignleft\" style=\"margin: 10px\" src=\"https:\/\/i0.wp.com\/explorateursduweb.com\/blog\/wp-content\/files\/explorateurs-du-web-150.gif?resize=150%2C150\" alt=\"\" width=\"150\" height=\"150\" \/><\/a>La premi\u00e8re r\u00e9union du nouveau Conseil d&#8217;Administration de l&#8217;association Les Explorateurs du Web s&#8217;est tenue hier soir \u00e0 La Ruche.<\/p>\n<p>La transition avec l&#8217;ancienne \u00e9quipe est en cours et sera finalis\u00e9e lors du rendez-vous des &#8220;Pr\u00e9sidents&#8221; planifi\u00e9 mardi 12 mai.<\/p>\n<p>Nous publierons \u00e0 suivre notre proposition de plan d&#8217;action pour mettre l&#8217;association au service de la r\u00e9alisation de la mission du collectif : &#8220;Vous faire partager les r\u00e9sultats de nos explorations du Web en confrontant nos diff\u00e9rents points de vue. Les Explorateurs du Web proposent de mettre leur intelligence collective au service du plus grand nombre.&#8221;<\/p>\n<p>Les usages de la marque &#8220;Les Explorateurs du Web&#8221; et des marques d\u00e9riv\u00e9es comme ExplorCamp, ExplorTour, ExplorSchool&#8230; Les approches b\u00e9n\u00e9voles&#8230; Les approches commerciales&#8230; Le syst\u00e8me d&#8217;information&#8230; Listes de contacts et de diffusion&#8230; Les groupes amis des Explorateurs sur les divers r\u00e9seaux sociaux&#8230; L&#8217;approche &#8220;Open Process&#8221; permettant de soumettre une id\u00e9e de projet, une \u00e9volution de r\u00e8gles au collectif&#8230; Le financement de l&#8217;association&#8230; L&#8217;invitation \u00e0 adh\u00e9rer&#8230; <strong>sont parmis les sujets que nous allons traiter ! avec vous bien sur !<\/strong><\/p>\n<p><strong><br \/>\n<\/strong><\/p>\n","protected":false},"excerpt":{"rendered":"<p>La premi\u00e8re r\u00e9union du nouveau Conseil d&#8217;Administration de l&#8217;association Les Explorateurs du Web s&#8217;est tenue hier soir \u00e0 La Ruche. La transition avec l&#8217;ancienne \u00e9quipe est en cours et sera finalis\u00e9e lors du rendez-vous des &#8220;Pr\u00e9sidents&#8221; planifi\u00e9 mardi 12 mai. Nous publierons \u00e0 suivre notre proposition de plan d&#8217;action pour mettre l&#8217;association au service de [&hellip;]<\/p>\n","protected":false},"author":1,"featured_media":0,"comment_status":"open","ping_status":"open","sticky":false,"template":"","format":"standard","meta":{"advanced_seo_description":"","jetpack_seo_html_title":"","jetpack_seo_noindex":false,"jetpack_post_was_ever_published":false,"_jetpack_newsletter_access":"","_jetpack_dont_email_post_to_subs":false,"_jetpack_newsletter_tier_id":0,"_jetpack_memberships_contains_paywalled_content":false,"_jetpack_memberships_contains_paid_content":false,"footnotes":""},"categories":[5],"tags":[],"class_list":["post-513","post","type-post","status-publish","format-standard","hentry","category-explorateurs"],"jetpack_featured_media_url":"","jetpack_shortlink":"https:\/\/wp.me\/paNjQG-8h","jetpack-related-posts":[{"id":216,"url":"https:\/\/blog-alexis.monville.com\/en\/2008\/10\/15\/les-explorateurs-du-web-au-forum\/","url_meta":{"origin":513,"position":0},"title":"Les Explorateurs du Web au Forum&#8230;","author":"Alexis","date":"October 15, 2008","format":false,"excerpt":"Le Forum des associations de la ville de Paris se tiendra les 17 et 18 octobre sur le parvis de l'H\u00f4tel de Ville. Les Explorateurs du Web y seront ! [regardez le programme]","rel":"","context":"In &quot;General&quot;","block_context":{"text":"General","link":"https:\/\/blog-alexis.monville.com\/en\/category\/all\/"},"img":{"alt_text":"","src":"https:\/\/i0.wp.com\/farm4.static.flickr.com\/3229\/2926875180_f806f2ecde.jpg?resize=350%2C200","width":350,"height":200},"classes":[]},{"id":502,"url":"https:\/\/blog-alexis.monville.com\/en\/2009\/04\/27\/travailleurs-du-web\/","url_meta":{"origin":513,"position":1},"title":"Travailleurs du Web","author":"Alexis","date":"April 27, 2009","format":false,"excerpt":"Le BarCamp des Travailleurs du Web s'est tenu ce samedi 25 avril au Comptoir G\u00e9n\u00e9ral (l'espace de conf\u00e9rence de La Ruche au 80 quai de Jemmapes \u00e0 Paris). Des rencontres passionnantes comme toujours dans ces rencontres qui s'auto-organisent (presque). De nombreux sujets abord\u00e9s : GTD, gestion de projet, statut des\u2026","rel":"","context":"In &quot;Explorateurs&quot;","block_context":{"text":"Explorateurs","link":"https:\/\/blog-alexis.monville.com\/en\/category\/explorateurs\/"},"img":{"alt_text":"tdw-camp09","src":"https:\/\/i0.wp.com\/blog-alexis.monville.com\/wp-content\/uploads\/sites\/2\/2009\/04\/tdw-camp09.jpg?resize=350%2C200&ssl=1","width":350,"height":200},"classes":[]},{"id":241,"url":"https:\/\/blog-alexis.monville.com\/en\/2008\/10\/29\/les-explorateurs-du-web\/","url_meta":{"origin":513,"position":2},"title":"Les Explorateurs du Web","author":"Alexis","date":"October 29, 2008","format":false,"excerpt":"L'illustration du mercredi de Patricia Gallot-Lavall\u00e9e est consacr\u00e9e cette semaine aux Explorateurs du Web ! Bravo \u00e0 Patricia pour cette illustration ! Cela correspond bien \u00e0 mon envie d'aider \u00e0 faire passer des outils aux usages...","rel":"","context":"In &quot;Explorateurs&quot;","block_context":{"text":"Explorateurs","link":"https:\/\/blog-alexis.monville.com\/en\/category\/explorateurs\/"},"img":{"alt_text":"","src":"https:\/\/alexismonville.files.wordpress.com\/2008\/10\/illus-explorateur.jpg?w=350&h=200&crop=1","width":350,"height":200},"classes":[]},{"id":233,"url":"https:\/\/blog-alexis.monville.com\/en\/2008\/10\/19\/les-explorateurs-au-forum\/","url_meta":{"origin":513,"position":3},"title":"Les Explorateurs au Forum&#8230;","author":"Alexis","date":"October 19, 2008","format":false,"excerpt":"Les 17 et 18 octobre, les Explorateurs du web avaient rendez-vous au Forum des Associations de la ville de Paris. De nombreuses rencontres passionnantes, des questions, des id\u00e9es sur les usages du web (qui pour beaucoup est la premi\u00e8re version qu'ils voient et pour qui, donc, l'expression web 2.0 n'a\u2026","rel":"","context":"In &quot;Explorateurs&quot;","block_context":{"text":"Explorateurs","link":"https:\/\/blog-alexis.monville.com\/en\/category\/explorateurs\/"},"img":{"alt_text":"","src":"https:\/\/i0.wp.com\/lh6.ggpht.com\/monville.alexis\/SPsY6YwlyDI\/AAAAAAAACDA\/D-9xHDRk2eA\/s144\/explorateurs-forum-association.jpg?resize=350%2C200","width":350,"height":200},"classes":[]},{"id":384,"url":"https:\/\/blog-alexis.monville.com\/en\/2009\/02\/07\/les-explorateurs-du-web-sur-netexplorateurs\/","url_meta":{"origin":513,"position":4},"title":"Les Explorateurs du Web sur NetExplorateurs","author":"Alexis","date":"February 7, 2009","format":false,"excerpt":"Les Explorateurs du Web \u00e9taient pr\u00e9sents au forum NetExplorateurs organis\u00e9 au S\u00e9nat les 5 et 6 f\u00e9vrier 2009. NetExplorateurs a pour ambition de d\u00e9tecter les nouveaux usages du num\u00e9rique. Des rencontres passionnantes et un programme relev\u00e9 (dont je n'ai malheureusement que peu profit\u00e9 !). Une bonne fa\u00e7on de s'interroger sur\u2026","rel":"","context":"In &quot;Explorateurs&quot;","block_context":{"text":"Explorateurs","link":"https:\/\/blog-alexis.monville.com\/en\/category\/explorateurs\/"},"img":{"alt_text":"netexplorateur1","src":"https:\/\/i0.wp.com\/blog-alexis.monville.com\/wp-content\/uploads\/sites\/2\/2009\/02\/netexplorateur1.gif?resize=350%2C200&ssl=1","width":350,"height":200},"classes":[]},{"id":442,"url":"https:\/\/blog-alexis.monville.com\/en\/2009\/03\/23\/ccbetty\/","url_meta":{"origin":513,"position":5},"title":"Cc:Betty","author":"Alexis","date":"March 23, 2009","format":false,"excerpt":"Cc:Betty, c'est la d\u00e9couverte d'un explorateur du web abord\u00e9e dans cet article et propos\u00e9e en test ce week-end. Qu'est-ce que c'est ? Cc:Betty est un service qui vous propose, lors de vos \u00e9changes sur un th\u00e8me avec quelques amis, coll\u00e8gues... de mettre Betty en copie (cc pour Carbon Copy). Une\u2026","rel":"","context":"In &quot;Explorateurs&quot;","block_context":{"text":"Explorateurs","link":"https:\/\/blog-alexis.monville.com\/en\/category\/explorateurs\/"},"img":{"alt_text":"ccbetty","src":"https:\/\/i0.wp.com\/blog-alexis.monville.com\/wp-content\/uploads\/sites\/2\/2009\/03\/ccbetty.gif?resize=350%2C200&ssl=1","width":350,"height":200},"classes":[]}],"jetpack_sharing_enabled":true,"_links":{"self":[{"href":"https:\/\/blog-alexis.monville.com\/en\/wp-json\/wp\/v2\/posts\/513","targetHints":{"allow":["GET"]}}],"collection":[{"href":"https:\/\/blog-alexis.monville.com\/en\/wp-json\/wp\/v2\/posts"}],"about":[{"href":"https:\/\/blog-alexis.monville.com\/en\/wp-json\/wp\/v2\/types\/post"}],"author":[{"embeddable":true,"href":"https:\/\/blog-alexis.monville.com\/en\/wp-json\/wp\/v2\/users\/1"}],"replies":[{"embeddable":true,"href":"https:\/\/blog-alexis.monville.com\/en\/wp-json\/wp\/v2\/comments?post=513"}],"version-history":[{"count":0,"href":"https:\/\/blog-alexis.monville.com\/en\/wp-json\/wp\/v2\/posts\/513\/revisions"}],"wp:attachment":[{"href":"https:\/\/blog-alexis.monville.com\/en\/wp-json\/wp\/v2\/media?parent=513"}],"wp:term":[{"taxonomy":"category","embeddable":true,"href":"https:\/\/blog-alexis.monville.com\/en\/wp-json\/wp\/v2\/categories?post=513"},{"taxonomy":"post_tag","embeddable":true,"href":"https:\/\/blog-alexis.monville.com\/en\/wp-json\/wp\/v2\/tags?post=513"}],"curies":[{"name":"wp","href":"https:\/\/api.w.org\/{rel}","templated":true}]}}