{"id":502,"date":"2009-04-27T10:17:05","date_gmt":"2009-04-27T08:17:05","guid":{"rendered":"https:\/\/blog-alexis.monville.com\/?p=502"},"modified":"2009-04-27T10:17:05","modified_gmt":"2009-04-27T08:17:05","slug":"travailleurs-du-web","status":"publish","type":"post","link":"https:\/\/blog-alexis.monville.com\/en\/2009\/04\/27\/travailleurs-du-web\/","title":{"rendered":"Travailleurs du Web"},"content":{"rendered":"<p><a href=\"http:\/\/barcamp.org\/TravailleursDuWebCamp\"><img data-recalc-dims=\"1\" loading=\"lazy\" decoding=\"async\" data-attachment-id=\"503\" data-permalink=\"https:\/\/blog-alexis.monville.com\/en\/2009\/04\/27\/travailleurs-du-web\/tdw-camp09\/\" data-orig-file=\"https:\/\/i0.wp.com\/blog-alexis.monville.com\/en\/wp-content\/uploads\/sites\/2\/2009\/04\/tdw-camp09.jpg?fit=200%2C251&amp;ssl=1\" data-orig-size=\"200,251\" data-comments-opened=\"1\" data-image-meta=\"{&quot;aperture&quot;:&quot;0&quot;,&quot;credit&quot;:&quot;&quot;,&quot;camera&quot;:&quot;&quot;,&quot;caption&quot;:&quot;&quot;,&quot;created_timestamp&quot;:&quot;0&quot;,&quot;copyright&quot;:&quot;&quot;,&quot;focal_length&quot;:&quot;0&quot;,&quot;iso&quot;:&quot;0&quot;,&quot;shutter_speed&quot;:&quot;0&quot;,&quot;title&quot;:&quot;&quot;}\" data-image-title=\"tdw-camp09\" data-image-description=\"\" data-image-caption=\"\" data-large-file=\"https:\/\/i0.wp.com\/blog-alexis.monville.com\/en\/wp-content\/uploads\/sites\/2\/2009\/04\/tdw-camp09.jpg?fit=200%2C251&amp;ssl=1\" class=\"alignleft size-full wp-image-503\" src=\"https:\/\/i0.wp.com\/blog-alexis.monville.com\/wp-content\/uploads\/sites\/2\/2009\/04\/tdw-camp09.jpg?resize=200%2C251&#038;ssl=1\" alt=\"tdw-camp09\" width=\"200\" height=\"251\" \/><\/a><a href=\"http:\/\/barcamp.org\/TravailleursDuWebCamp\" target=\"_blank\">Le BarCamp des Travailleurs du Web<\/a> s&#8217;est tenu ce samedi 25 avril au <a href=\"http:\/\/www.lecomptoirgeneral.com\/\" target=\"_blank\">Comptoir G\u00e9n\u00e9ral<\/a> (l&#8217;espace de conf\u00e9rence de La Ruche au 80 quai de Jemmapes \u00e0 Paris).<\/p>\n<p>Des rencontres passionnantes comme toujours dans ces rencontres qui s&#8217;auto-organisent (presque). De nombreux sujets abord\u00e9s : GTD, gestion de projet, statut des d\u00e9veloppeurs, association ou syndicat, cr\u00e9ation de SCOP et mod\u00e8le de communaut\u00e9&#8230;<\/p>\n<p>Sur la cr\u00e9ation d&#8217;une SCOP (soci\u00e9t\u00e9 coop\u00e9rative de production), je vous recommande la lecture de ces quelques sites, glan\u00e9s au cours des \u00e9changes pr\u00e9cisant les avantages (et quelques inconv\u00e9nients de cette forme d&#8217;entreprise) :<\/p>\n<ul>\n<li><a href=\"http:\/\/www.scop.coop\/societe-cooperative-de-production.htm\" target=\"_blank\">http:\/\/www.scop.coop\/societe-cooperative-de-production.htm<\/a><\/li>\n<li><a href=\"http:\/\/www.societe-cooperative.coop\/\" target=\"_blank\">http:\/\/www.societe-cooperative.coop\/<\/a><\/li>\n<li>Vous pouvez \u00e9galement regarder les soci\u00e9t\u00e9s qui fonctionnent comme cela, comme celles du r\u00e9seaux Libre Entrerprises :\u00a0<a href=\"http:\/\/www.libre-entreprise.org\/index.php\/Accueil\" target=\"_blank\">http:\/\/www.libre-entreprise.org<\/a><\/li>\n<li>Et celles qui viennent de se cr\u00e9er comme La Green Team :\u00a0<a href=\"http:\/\/www.lagreenteam.fr\/\" target=\"_blank\">http:\/\/www.lagreenteam.fr\/<\/a>\u00a0qui a comme g\u00e9rant un des Explorateurs du Web (<a href=\"http:\/\/cedricringenbach.wordpress.com\/\" target=\"_blank\">C\u00e9dric Rigenbach<\/a>)<\/li>\n<\/ul>\n<p><a href=\"http:\/\/explorateursduweb.com\/\" target=\"_blank\">Les Explorateurs du Web<\/a> qui \u00e9taient quelques uns \u00e0 s&#8217;\u00eatre retrouv\u00e9s \u00e0 la table de l&#8217;atelier sur le <a href=\"http:\/\/factoryjoe.com\/blog\/2006\/05\/29\/whats-your-community-model\/\" target=\"_blank\">Community Model<\/a> pour partager l&#8217;exploration de l&#8217;\u00e9tablissement et de l&#8217;\u00e9volution du mod\u00e8le de communaut\u00e9 du collectif (et de l&#8217;association ayant vocation a \u00eatre au service du collectif pour g\u00e8rer l&#8217;\u00e9volution des r\u00e8gles communes). [ce n&#8217;est pas tr\u00e8s clair dit comme cela&#8230; un bon projet serait de tirer une publication claire restituant notre exp\u00e9rience !]<\/p>\n<p><em>Au fait ! Merci aux Explorateurs pour leur confiance ! La nouvelle \u00e9quipe va poursuivre l&#8217;action avec passion !<\/em><\/p>\n","protected":false},"excerpt":{"rendered":"<p>Le BarCamp des Travailleurs du Web s&#8217;est tenu ce samedi 25 avril au Comptoir G\u00e9n\u00e9ral (l&#8217;espace de conf\u00e9rence de La Ruche au 80 quai de Jemmapes \u00e0 Paris). Des rencontres passionnantes comme toujours dans ces rencontres qui s&#8217;auto-organisent (presque). De nombreux sujets abord\u00e9s : GTD, gestion de projet, statut des d\u00e9veloppeurs, association ou syndicat, cr\u00e9ation [&hellip;]<\/p>\n","protected":false},"author":1,"featured_media":0,"comment_status":"open","ping_status":"open","sticky":false,"template":"","format":"standard","meta":{"advanced_seo_description":"","jetpack_seo_html_title":"","jetpack_seo_noindex":false,"jetpack_post_was_ever_published":false,"_jetpack_newsletter_access":"","_jetpack_dont_email_post_to_subs":false,"_jetpack_newsletter_tier_id":0,"_jetpack_memberships_contains_paywalled_content":false,"_jetpack_memberships_contains_paid_content":false,"footnotes":""},"categories":[5],"tags":[],"class_list":["post-502","post","type-post","status-publish","format-standard","hentry","category-explorateurs"],"jetpack_featured_media_url":"","jetpack_shortlink":"https:\/\/wp.me\/paNjQG-86","jetpack-related-posts":[{"id":723,"url":"https:\/\/blog-alexis.monville.com\/en\/2010\/01\/12\/la-cantine-2-ans\/","url_meta":{"origin":502,"position":0},"title":"La Cantine . . . . . . 2 ans !","author":"Alexis","date":"January 12, 2010","format":false,"excerpt":"Un cadeau pour les deux ans de La Cantine ? Je me suis dit : \"facile ! Je vais raconter ma premi\u00e8re fois...\" Seulement voil\u00e0, c'\u00e9tait quand la premi\u00e8re fois ? \u00c9tait-ce \u00e0 l'occasion de cet ExplorCamp du mois d'Avril 2008 ? A moins que ce ne soit pour un\u2026","rel":"","context":"In &quot;Explorateurs&quot;","block_context":{"text":"Explorateurs","link":"https:\/\/blog-alexis.monville.com\/en\/category\/explorateurs\/"},"img":{"alt_text":"cantine","src":"https:\/\/i0.wp.com\/blog-alexis.monville.com\/files\/2010\/01\/cantine-300x231.jpg?resize=350%2C200&ssl=1","width":350,"height":200},"classes":[]},{"id":509,"url":"https:\/\/blog-alexis.monville.com\/en\/2009\/05\/03\/un-jour-une-oeuvre-4\/","url_meta":{"origin":502,"position":1},"title":"Un Jour Une Oeuvre","author":"Alexis","date":"May 3, 2009","format":false,"excerpt":"Quelques contributeurs du site Un Jour Une Oeuvre (http:\/\/unjouruneoeuvre.eu) se sont r\u00e9unis le mardi 28 avril pour \u00e9changer sur le projet. A l'ordre du jour, \u00e9volutions du site Internet et possibilit\u00e9 de d\u00e9veloppement du projet au del\u00e0 de l'Internet : poursuite des rencontres \"en direct\" et publication papier. Au chapitre\u2026","rel":"","context":"In &quot;General&quot;","block_context":{"text":"General","link":"https:\/\/blog-alexis.monville.com\/en\/category\/all\/"},"img":{"alt_text":"bandeau-ujuo","src":"https:\/\/i0.wp.com\/blog-alexis.monville.com\/wp-content\/uploads\/sites\/2\/2009\/05\/bandeau-ujuo.jpg?resize=350%2C200&ssl=1","width":350,"height":200,"srcset":"https:\/\/i0.wp.com\/blog-alexis.monville.com\/wp-content\/uploads\/sites\/2\/2009\/05\/bandeau-ujuo.jpg?resize=350%2C200&ssl=1 1x, https:\/\/i0.wp.com\/blog-alexis.monville.com\/wp-content\/uploads\/sites\/2\/2009\/05\/bandeau-ujuo.jpg?resize=525%2C300&ssl=1 1.5x"},"classes":[]},{"id":662,"url":"https:\/\/blog-alexis.monville.com\/en\/2009\/10\/04\/conference-sur-le-facteur-humain\/","url_meta":{"origin":502,"position":2},"title":"Conf\u00e9rence sur le facteur humain","author":"Alexis","date":"October 4, 2009","format":false,"excerpt":"Je reprend ici un billet publi\u00e9 sur ayeba.fr. Ce vendredi 2 octobre 2009, de 14h \u00e0 16h, se d\u00e9roulait lors de l'OpenWorldForum, la conf\u00e9rence : \"le facteur humain... au coeur de l'industrie du logiciel libre\". Une conf\u00e9rence pour aborder le facteur humain au coeur du succ\u00e8s du logiciel libre !\u2026","rel":"","context":"In &quot;ayeba&quot;","block_context":{"text":"ayeba","link":"https:\/\/blog-alexis.monville.com\/en\/category\/ayeba\/"},"img":{"alt_text":"","src":"https:\/\/i0.wp.com\/farm3.static.flickr.com\/2440\/3979097399_d3d66d6cdb_m.jpg?resize=350%2C200","width":350,"height":200},"classes":[]},{"id":860,"url":"https:\/\/blog-alexis.monville.com\/en\/2010\/06\/28\/education-profitable\/","url_meta":{"origin":502,"position":3},"title":"Education profitable ?","author":"Alexis","date":"June 28, 2010","format":false,"excerpt":"Dans un article du 30 avril 2010,\u00a0Skills for life, paru dans le suppl\u00e9ment litt\u00e9raire du Times, Martha Nussbaum de l'universit\u00e9 de Chivago alerte sur une d\u00e9rive tendant \u00e0 supprimer l'enseignement des humanit\u00e9s au profit d'enseignement profitable \u00e0 court terme. Cet article (heureusement) traduit par Courrier International, dans son \u00e9dition 1025\u2026","rel":"","context":"In &quot;General&quot;","block_context":{"text":"General","link":"https:\/\/blog-alexis.monville.com\/en\/category\/all\/"},"img":{"alt_text":"","src":"http:\/\/upload.wikimedia.org\/wikipedia\/commons\/8\/8f\/Martha_Nussbaum_authorized-wikipedia.jpg","width":350,"height":200},"classes":[]},{"id":17,"url":"https:\/\/blog-alexis.monville.com\/en\/2006\/06\/09\/4e-universite-de-printemps-de-la-fing-lentrenet\/","url_meta":{"origin":502,"position":4},"title":"4e Universit\u00e9 de Printemps de la Fing : \u201cL\u2019EntreNet\u201d","author":"Alexis","date":"June 9, 2006","format":false,"excerpt":"4e Universit\u00e9 de Printemps de la Fing : \"L'EntreNet\" (8 et 9 juin 2006, Aix) Consulter le site d\u00e9di\u00e9 \u00e0 l'universit\u00e9 ici G\u00e9nial de participer \u00e0 ce genre d'\u00e9v\u00e9nement, plein de rencontres utiles, des centaines d'id\u00e9es ! La note de synth\u00e8se (interne) \u00e9tait tr\u00e8s dynamique ! Il y a \u00e9videment\u2026","rel":"","context":"In &quot;Interventions&quot;","block_context":{"text":"Interventions","link":"https:\/\/blog-alexis.monville.com\/en\/category\/interventions\/"},"img":{"alt_text":"","src":"","width":0,"height":0},"classes":[]},{"id":845,"url":"https:\/\/blog-alexis.monville.com\/en\/2010\/06\/24\/afriqueauquinze\/","url_meta":{"origin":502,"position":5},"title":"AfriqueAuQuinze","author":"Alexis","date":"June 24, 2010","format":false,"excerpt":"La passion partag\u00e9e pendant cette ann\u00e9e avec l'\u00e9quipe de StarAfrica.com, m'a fait prendre conscience que je connaissais plusieurs personnes qui avaient des projets en Afrique. Leur int\u00e9r\u00eat pour l'Afrique, des m\u00e9tiers proches du num\u00e9rique, ne sont pas les seuls points communs qui m'ont attir\u00e9s. La passion qui les anime, les\u2026","rel":"","context":"In &quot;General&quot;","block_context":{"text":"General","link":"https:\/\/blog-alexis.monville.com\/en\/category\/all\/"},"img":{"alt_text":"AfriqueAuQuinze","src":"https:\/\/i0.wp.com\/blog-alexis.monville.com\/wp-content\/uploads\/sites\/2\/2010\/06\/afriqueauquinze.png?resize=350%2C200&ssl=1","width":350,"height":200},"classes":[]}],"jetpack_sharing_enabled":true,"_links":{"self":[{"href":"https:\/\/blog-alexis.monville.com\/en\/wp-json\/wp\/v2\/posts\/502","targetHints":{"allow":["GET"]}}],"collection":[{"href":"https:\/\/blog-alexis.monville.com\/en\/wp-json\/wp\/v2\/posts"}],"about":[{"href":"https:\/\/blog-alexis.monville.com\/en\/wp-json\/wp\/v2\/types\/post"}],"author":[{"embeddable":true,"href":"https:\/\/blog-alexis.monville.com\/en\/wp-json\/wp\/v2\/users\/1"}],"replies":[{"embeddable":true,"href":"https:\/\/blog-alexis.monville.com\/en\/wp-json\/wp\/v2\/comments?post=502"}],"version-history":[{"count":0,"href":"https:\/\/blog-alexis.monville.com\/en\/wp-json\/wp\/v2\/posts\/502\/revisions"}],"wp:attachment":[{"href":"https:\/\/blog-alexis.monville.com\/en\/wp-json\/wp\/v2\/media?parent=502"}],"wp:term":[{"taxonomy":"category","embeddable":true,"href":"https:\/\/blog-alexis.monville.com\/en\/wp-json\/wp\/v2\/categories?post=502"},{"taxonomy":"post_tag","embeddable":true,"href":"https:\/\/blog-alexis.monville.com\/en\/wp-json\/wp\/v2\/tags?post=502"}],"curies":[{"name":"wp","href":"https:\/\/api.w.org\/{rel}","templated":true}]}}